{"id":31869,"date":"2019-06-25T10:39:22","date_gmt":"2019-06-25T08:39:22","guid":{"rendered":"http:\/\/www.invarena.cz\/?p=31869"},"modified":"2019-06-25T10:39:22","modified_gmt":"2019-06-25T08:39:22","slug":"podpora-tyflocentra-konci-nevidomym-hrozi-omezeni-sluzeb","status":"publish","type":"post","link":"https:\/\/www.invarena.cz\/?p=31869","title":{"rendered":"Podpora TyfloCentra kon\u010d\u00ed. Nevidom\u00fdm hroz\u00ed omezen\u00ed slu\u017eeb"},"content":{"rendered":"<p><strong>B\u0159eclav ukon\u010dila spolupr\u00e1ci se spole\u010dnost\u00ed TyfloCentrum Brno, kter\u00e1 pom\u00e1h\u00e1 zrakov\u011b posti\u017een\u00fdm. Kv\u016fli z\u00e1va\u017en\u00fdm nedostatk\u016fm. Veden\u00ed spole\u010dnosti to r\u00e1zn\u011b odm\u00edt\u00e1.<\/strong> <!--more--><\/p>\n<p>B\u0159eclav \u2013 P\u0159ed\u010d\u00edt\u00e1n\u00ed tiskovin, pomoc s korespondenc\u00ed, v\u00fdb\u011brem potravin nebo zbo\u017e\u00ed v obchod\u011b. Doprovod na \u00fa\u0159ad. Bez t\u00e9to pomoci a dal\u0161\u00edch slu\u017eeb se mus\u00ed zanedlouho obej\u00edt nevidom\u00ed a slabozrac\u00ed lid\u00e9 v B\u0159eclavi a okol\u00ed, kter\u00fdm pom\u00e1hala obecn\u011b prosp\u011b\u0161n\u00e1 spole\u010dnost TyfloCentrum Brno.<\/p>\n<p>M\u011bsto s n\u00ed ukon\u010dilo spolupr\u00e1ci a jej\u00ed pobo\u010dka v B\u0159eclavi kon\u010d\u00ed. &#8222;U TyfloCentra jsme shledali n\u011bkolik z\u00e1va\u017en\u00fdch nedostatk\u016f a tuto organizaci nad\u00e1le podporovat nebudeme. Poskytovanou slu\u017ebu nahrad\u00ed od 1. \u010dervence Tyfloservis, o.p.s. tak, aby soci\u00e1ln\u00ed pr\u00e1ce s nevidom\u00fdmi z\u016fstala v B\u0159eclavi nep\u0159eru\u0161en\u00e1,&#8220; uvedl m\u00edstostarosta B\u0159eclavi Jakub Matu\u0161ka.<\/p>\n<p>Proti tomuto vyj\u00e1d\u0159en\u00ed na webu m\u011bsta se ost\u0159e ohradila \u0159editelka TyfloCentra Brno Hana Buben\u00ed\u010dkov\u00e1. T\u011b\u017ece zrakov\u011b posti\u017een\u00fdm v B\u0159eclavi pom\u00e1halo centrum t\u0159in\u00e1ct let.<\/p>\n<p>BEZ KONTROLY<\/p>\n<p>Podle n\u00ed je ve m\u011bst\u011b a okol\u00ed zhruba \u0161edes\u00e1t lid\u00ed s t\u00edmto posti\u017een\u00edm. Slu\u017eby centra vyu\u017e\u00edvala p\u0159ibli\u017en\u011b dvacet z nich. &#8222;Tvrzen\u00ed o z\u00e1va\u017en\u00fdch nedostatc\u00edch je nepravdiv\u00e9. Z\u00e1kon o soci\u00e1ln\u00edch slu\u017eb\u00e1ch jsme neporu\u0161ili. N\u011bco takov\u00e9ho m\u016f\u017ee dolo\u017eit jen \u0159\u00e1dn\u00e1 kontrola, kterou v\u0161ak \u00fa\u0159edn\u00edci nikdy nepodnikli. Takov\u00e9 tvrzen\u00ed lze kvalifikovat jako z\u00e1va\u017en\u00e9 po\u0161kozov\u00e1n\u00ed dobr\u00e9ho jm\u00e9na na\u0161\u00ed spole\u010dnosti,&#8220; \u0159ekla Buben\u00ed\u010dkov\u00e1.<\/p>\n<p>B\u0159eclavsk\u00fdm zastupitel\u016fm napsala otev\u0159en\u00fd dopis a \u017e\u00e1d\u00e1 omluvu.<\/p>\n<p>V sou\u010dasnosti v b\u0159eclavsk\u00e9 pobo\u010dce pracuje jedna \u017eena na zkr\u00e1cen\u00fd \u00favazek. Pracovn\u00edci centra podle pot\u0159eby doj\u00ed\u017ed\u011bli z Brna. To, \u017ee \u0159\u00e1dnou kontrolu \u00fa\u0159ad nezorganizoval, potvrdil i mluv\u010d\u00ed m\u011bsta Ji\u0159\u00ed Holobr\u00e1dek.<\/p>\n<p>&#8222;Nicm\u00e9n\u011b na z\u00e1klad\u011b n\u00e1v\u0161t\u011bv pracovn\u00edk\u016f m\u011bstsk\u00e9ho \u00fa\u0159adu jsme zjistili, \u017ee stanoven\u00e9 otev\u00edrac\u00ed hodiny za\u0159\u00edzen\u00ed nejsou dodr\u017eov\u00e1ny. Pan\u00ed, kter\u00e1 b\u0159eclavskou pobo\u010dku vedla, nem\u011bla kvalifikaci soci\u00e1ln\u00edho pracovn\u00edka. Nemohla tedy klient\u016fm poskytovat slu\u017eby jako soci\u00e1ln\u00ed pracovn\u00edk,&#8220; zm\u00ednil.<\/p>\n<p>Tvrd\u00ed, \u017ee letos si Tyflocentrum nepodalo \u017e\u00e1dost o podporu ve stanoven\u00e9m term\u00ednu. &#8222;Ve v\u00fdjime\u010dn\u00fdch p\u0159\u00edpadech lze poskytnout individu\u00e1ln\u00ed dotaci, ale vzhledem k v\u00fd\u0161e uveden\u00fdm skute\u010dnostem k t\u00e9to mo\u017enosti m\u011bsto nep\u0159istoupilo,&#8220; uzav\u0159el mluv\u010d\u00ed.<\/p>\n<p>Buben\u00ed\u010dkov\u00e1 pochyben\u00ed odm\u00edt\u00e1. &#8222;Pokud by nastala, je p\u0159ece norm\u00e1ln\u00ed se o nich bavit a sna\u017eit se sjednat n\u00e1pravu. B\u0159eclav\u0161t\u00ed \u00fa\u0159edn\u00edci jednali naprosto sv\u00e9voln\u011b. V\u00edme, \u017ee na dotaci nen\u00ed pr\u00e1vn\u00ed n\u00e1rok. Kdyby n\u00e1m to sd\u011blili ve smyslu, \u017ee nemaj\u00ed pen\u00edze, pochop\u00edme to,&#8220; prohl\u00e1sila.<\/p>\n<p>Veden\u00ed B\u0159eclavi je p\u0159esv\u011bd\u010den\u00e9, \u017ee Tyfloservis dok\u00e1\u017ee poskytovat slu\u017eby v pot\u0159ebn\u00e9m rozsahu. Ob\u011b spole\u010dnosti v B\u0159eclavi a okol\u00ed dosud \u00fazce spolupracovaly. Ka\u017ed\u00e1 v\u0161ak nab\u00edzela nevidom\u00fdm jinou p\u00e9\u010di. &#8222;Jak moc se zm\u011bna zrakov\u011b posti\u017een\u00fdch v B\u0159eclavi dotkne, nedok\u00e1\u017eu posoudit. Nab\u00eddku TyfloCentra pln\u011b zastoupit nedok\u00e1\u017eeme. Veden\u00ed m\u011bsta n\u00e1s kontaktovalo, ale ofici\u00e1ln\u00ed stanovisko k tomu je\u0161t\u011b nem\u00e1me,&#8220; \u0159ekla vedouc\u00ed brn\u011bnsk\u00e9 pobo\u010dky Tyfloservisu Dana Cich\u00e1.<\/p>\n<p>&#8212;&#8212;&#8212;&#8212;&#8211;<\/p>\n<p>Pomoc t\u011b\u017ece zrakov\u011b posti\u017een\u00fdm<\/p>\n<p>&#8211; V B\u0159eclavi nab\u00edzej\u00ed pomoc zrakov\u011b posti\u017een\u00fdm dv\u011b obecn\u011b prosp\u011b\u0161n\u00e9 spole\u010dnosti. TyfloCentrum Brno za n\u011bkolik dn\u00ed ale kon\u010d\u00ed.<br \/>\n&#8211; Ve m\u011bst\u011b pom\u00e1halo posti\u017een\u00fdm 13 let. Nab\u00edzelo pr\u016fvodcovsk\u00e9 a p\u0159ed\u010ditatelsk\u00e9 slu\u017eby, odborn\u00e9 soci\u00e1ln\u00ed poradenstv\u00ed, soci\u00e1ln\u011b aktiviza\u010dn\u00ed slu\u017eby pro seniory a osoby se zdravotn\u00edm posti\u017een\u00edm.<br \/>\n&#8211; P\u0159ev\u00e1\u017en\u00e1 \u010d\u00e1st n\u00e1klad\u016f na slu\u017ebu je hrazena z dotac\u00ed a dal\u0161\u00edch zdroj\u016f, klienti dopl\u00e1celi podle z\u00e1stupc\u016f centra symbolick\u00e9 \u010d\u00e1stky.<br \/>\n&#8211; Slu\u017eeb centra vyu\u017e\u00edvala asi dvac\u00edtka lid\u00ed. Pobo\u010dky m\u00e1 krom\u011b Brna tak\u00e9 ve Znojm\u011b, Vy\u0161kov\u011b a Moravsk\u00e9m Krumlov\u011b na Znojemsku.<br \/>\n&#8211; Od B\u0159eclavi dostala loni spole\u010dnost dotaci 120 tis\u00edc.<\/p>\n<p>JAN CHARV\u00c1T<br \/>\nBlanensk\u00fd den\u00edk<br \/>\n<a href=\"http:\/\/blanensky.denik.cz\/\" target=\"_blank\" rel=\"noopener noreferrer\">http:\/\/blanensky.denik.cz\/<\/a><\/p>\n","protected":false},"excerpt":{"rendered":"<div class=\"mh-excerpt\"><p>B\u0159eclav ukon\u010dila spolupr\u00e1ci se spole\u010dnost\u00ed TyfloCentrum Brno, kter\u00e1 pom\u00e1h\u00e1 zrakov\u011b posti\u017een\u00fdm. Kv\u016fli z\u00e1va\u017en\u00fdm nedostatk\u016fm. Veden\u00ed spole\u010dnosti to r\u00e1zn\u011b odm\u00edt\u00e1.<\/p>\n<\/div>","protected":false},"author":1,"featured_media":3895,"comment_status":"open","ping_status":"closed","sticky":false,"template":"","format":"standard","meta":{"footnotes":""},"categories":[9],"tags":[],"class_list":["post-31869","post","type-post","status-publish","format-standard","has-post-thumbnail","hentry","category-zpravy"],"_links":{"self":[{"href":"https:\/\/www.invarena.cz\/index.php?rest_route=\/wp\/v2\/posts\/31869","targetHints":{"allow":["GET"]}}],"collection":[{"href":"https:\/\/www.invarena.cz\/index.php?rest_route=\/wp\/v2\/posts"}],"about":[{"href":"https:\/\/www.invarena.cz\/index.php?rest_route=\/wp\/v2\/types\/post"}],"author":[{"embeddable":true,"href":"https:\/\/www.invarena.cz\/index.php?rest_route=\/wp\/v2\/users\/1"}],"replies":[{"embeddable":true,"href":"https:\/\/www.invarena.cz\/index.php?rest_route=%2Fwp%2Fv2%2Fcomments&post=31869"}],"version-history":[{"count":0,"href":"https:\/\/www.invarena.cz\/index.php?rest_route=\/wp\/v2\/posts\/31869\/revisions"}],"wp:featuredmedia":[{"embeddable":true,"href":"https:\/\/www.invarena.cz\/index.php?rest_route=\/wp\/v2\/media\/3895"}],"wp:attachment":[{"href":"https:\/\/www.invarena.cz\/index.php?rest_route=%2Fwp%2Fv2%2Fmedia&parent=31869"}],"wp:term":[{"taxonomy":"category","embeddable":true,"href":"https:\/\/www.invarena.cz\/index.php?rest_route=%2Fwp%2Fv2%2Fcategories&post=31869"},{"taxonomy":"post_tag","embeddable":true,"href":"https:\/\/www.invarena.cz\/index.php?rest_route=%2Fwp%2Fv2%2Ftags&post=31869"}],"curies":[{"name":"wp","href":"https:\/\/api.w.org\/{rel}","templated":true}]}}