{"id":31951,"date":"2019-07-15T11:00:00","date_gmt":"2019-07-15T09:00:00","guid":{"rendered":"http:\/\/www.invarena.cz\/?p=31951"},"modified":"2019-07-15T11:00:00","modified_gmt":"2019-07-15T09:00:00","slug":"postizeny-maxik-z-decina-se-diky-darcum-docka-noveho-invalidniho-voziku","status":"publish","type":"post","link":"https:\/\/www.invarena.cz\/?p=31951","title":{"rendered":"Posti\u017een\u00fd Max\u00edk z D\u011b\u010d\u00edna se d\u00edky d\u00e1rc\u016fm do\u010dk\u00e1 nov\u00e9ho invalidn\u00edho voz\u00edku"},"content":{"rendered":"<p><strong>Maminka posti\u017een\u00e9ho chlapce nemohla sama na nov\u00fd stroj na\u0161et\u0159it.<\/strong> <!--more--><\/p>\n<p>&#8222;D\u011btsk\u00e1 mozkov\u00e1 obrna. Tak zn\u00ed diagn\u00f3za Maxima z D\u011b\u010d\u00edna, kter\u00fd se kv\u016fli sv\u00e9mu hendikepu neobejde bez invalidn\u00edho voz\u00edku. Dosud pou\u017e\u00edval star\u00fd voz\u00ed\u010dek, ze kter\u00e9ho u\u017e vyrostl. D\u00edky dobr\u00fdm lidem se poda\u0159ilo vybrat p\u0159es 65 tis\u00edc korun na nov\u00fd.<\/p>\n<p>Max\u00edk se narodil v roce 2010. T\u011bhotenstv\u00ed maminky prob\u00edhalo v po\u0159\u00e1dku a tak\u00e9 porod byl bezprobl\u00e9mov\u00fd. Prvn\u00ed m\u011bs\u00edce jeho \u017eivota se Max\u00edkova maminka radovala z kr\u00e1sn\u00e9ho zdrav\u00e9ho chlape\u010dka. &#8222;Vyzbrojena informacemi o tom, jak se m\u00e1 d\u00edt\u011b vyv\u00edjet, jsem si \u0159\u00edkala, jak \u0161ikovn\u00fd m\u016fj Max\u00edk je a jak v\u0161echno prob\u00edh\u00e1 p\u0159esn\u011b podle tabulek. Kolem 4. m\u011bs\u00edce jsem ale najednou m\u011bla pocit, \u017ee n\u011bco nen\u00ed v po\u0159\u00e1dku. Zd\u00e1lo se mi toti\u017e, \u017ee se moc neh\u00fdbe,&#8220; uvedla maminka Sv\u011btlana Mygalega.<\/p>\n<p>\u017dena se sna\u017eila uklidnit t\u00edm, \u017ee je ka\u017ed\u00e9 d\u00edtko jin\u00e9. P\u0159esto ale rad\u011bji zam\u00ed\u0159ila k d\u011btsk\u00e9mu l\u00e9ka\u0159i. Ten Max\u00edka okam\u017eit\u011b poslal na neurologii, odkud chlapec putoval na magnetickou rezonanci. Zde se mamin\u010diny obavy, \u017ee d\u00edt\u011b nen\u00ed v po\u0159\u00e1dku, potvrdily. &#8222;V\u00fdsledek vy\u0161et\u0159en\u00ed m\u011b \u0161okoval. Max\u00edkovy pot\u00ed\u017ee s motorikou toti\u017e zp\u016fsobila d\u011btsk\u00e1 mozkov\u00e1 obrna,&#8220; posteskla si maminka.<\/p>\n<p>Maxim nemluv\u00ed. S pomoc\u00ed dok\u00e1\u017ee uj\u00edt nejist\u011b jen velmi kr\u00e1tkou vzd\u00e1lenost. &#8222;P\u0159ev\u00e1\u017en\u011b se tak pohybuje na invalidn\u00edm voz\u00edku, ze kter\u00e9ho u\u017e ale vyrostl. Maminka te\u010f \u0159e\u0161\u00ed po\u0159\u00edzen\u00ed nov\u00e9ho voz\u00edku. Proto\u017ee se v\u0161ak o Maxe star\u00e1 sama, nem\u00e1 \u0161anci na voz\u00edk na\u0161et\u0159it,&#8220; uvedla Kl\u00e1ra Hoz\u00e1kov\u00e1, p\u0159edsedkyn\u011b spolku And\u011bl\u00e9 bez k\u0159\u00eddel pom\u00e1haj\u00edc\u00edho rodin\u00e1m s hendikepovan\u00fdmi d\u011btmi.<\/p>\n<p>Rozhodla se mamince samo\u017eivitelce se sh\u00e1n\u011bn\u00edm financ\u00ed na nov\u00fd voz\u00ed\u010dek pomoci a stala se patronkou Max\u00edkova p\u0159\u00edb\u011bhu skrz web charitativn\u00edho projektu Patron d\u011bt\u00ed. D\u00edky dobr\u00fdm lidem, kte\u0159\u00ed do sb\u00edrky p\u0159isp\u011bli, se na mechanick\u00fd invalidn\u00ed voz\u00edk poda\u0159ilo vybrat c\u00edlovou \u010d\u00e1stku 65 058 korun. 40 tis\u00edci korunami Max\u00edkovi p\u0159isp\u011blo Konto Bari\u00e9ry. Chlapec se tak voz\u00ed\u010dku nakonec brzy do\u010dk\u00e1.<\/p>\n<p>&#8222;Moc d\u011bkujeme v\u0161em, co p\u0159isp\u011bli. Moc si pomoci v\u00e1\u017e\u00edme,&#8220; uzav\u0159ela Hoz\u00e1kov\u00e1.<\/p>\n<p>Jitka Vep\u0159ovsk\u00e1<br \/>\nD\u011b\u010d\u00ednsk\u00fd den\u00edk<br \/>\n<a href=\"https:\/\/decinsky.denik.cz\/\" rel=\"noopener\" target=\"_blank\">https:\/\/decinsky.denik.cz\/<\/a><\/p>\n","protected":false},"excerpt":{"rendered":"<div class=\"mh-excerpt\"><p>Maminka posti\u017een\u00e9ho chlapce nemohla sama na nov\u00fd stroj na\u0161et\u0159it.<\/p>\n<\/div>","protected":false},"author":1,"featured_media":19889,"comment_status":"open","ping_status":"closed","sticky":false,"template":"","format":"standard","meta":{"footnotes":""},"categories":[9],"tags":[],"class_list":["post-31951","post","type-post","status-publish","format-standard","has-post-thumbnail","hentry","category-zpravy"],"_links":{"self":[{"href":"https:\/\/www.invarena.cz\/index.php?rest_route=\/wp\/v2\/posts\/31951","targetHints":{"allow":["GET"]}}],"collection":[{"href":"https:\/\/www.invarena.cz\/index.php?rest_route=\/wp\/v2\/posts"}],"about":[{"href":"https:\/\/www.invarena.cz\/index.php?rest_route=\/wp\/v2\/types\/post"}],"author":[{"embeddable":true,"href":"https:\/\/www.invarena.cz\/index.php?rest_route=\/wp\/v2\/users\/1"}],"replies":[{"embeddable":true,"href":"https:\/\/www.invarena.cz\/index.php?rest_route=%2Fwp%2Fv2%2Fcomments&post=31951"}],"version-history":[{"count":0,"href":"https:\/\/www.invarena.cz\/index.php?rest_route=\/wp\/v2\/posts\/31951\/revisions"}],"wp:featuredmedia":[{"embeddable":true,"href":"https:\/\/www.invarena.cz\/index.php?rest_route=\/wp\/v2\/media\/19889"}],"wp:attachment":[{"href":"https:\/\/www.invarena.cz\/index.php?rest_route=%2Fwp%2Fv2%2Fmedia&parent=31951"}],"wp:term":[{"taxonomy":"category","embeddable":true,"href":"https:\/\/www.invarena.cz\/index.php?rest_route=%2Fwp%2Fv2%2Fcategories&post=31951"},{"taxonomy":"post_tag","embeddable":true,"href":"https:\/\/www.invarena.cz\/index.php?rest_route=%2Fwp%2Fv2%2Ftags&post=31951"}],"curies":[{"name":"wp","href":"https:\/\/api.w.org\/{rel}","templated":true}]}}