{"id":3197,"date":"2013-03-27T09:53:56","date_gmt":"2013-03-27T08:53:56","guid":{"rendered":"http:\/\/www.invarena.cz\/?p=3197"},"modified":"2013-03-27T10:43:50","modified_gmt":"2013-03-27T09:43:50","slug":"uz-neni-mrtva-prukaz-ztp-ale-nedostane","status":"publish","type":"post","link":"https:\/\/www.invarena.cz\/?p=3197","title":{"rendered":"U\u017e nen\u00ed mrtv\u00e1, pr\u016fkaz ZTP ale nedostane"},"content":{"rendered":"<p><strong>\u00da\u0159edn\u00edk, kter\u00fd odm\u00edtl vydat pr\u016fkaz zdravotn\u011b posti\u017een\u00e9 d\u016fchodkyni, kterou omylem prohl\u00e1sil za zem\u0159elou, se j\u00ed sice omluvil, ale \u017eena pr\u016fkaz stejn\u011b nedostane. Pr\u00fd na n\u011bj u\u017e nem\u00e1 n\u00e1rok. O p\u0159\u00edpadu, kter\u00fd se stal v Jihlav\u011b, informovala TV NOVA.<\/strong> <!--more--><\/p>\n<p><strong>\u00da\u0159edn\u00edk, kter\u00fd pochybil, bude potrest\u00e1n. Jeho nad\u0159\u00edzen\u00ed mu sn\u00ed\u017e\u00ed osobn\u00ed ohodnocen\u00ed. P\u0159esto\u017ee \u017eena dostala kyti\u010dku a \u00fa\u0159edn\u00edk se j\u00ed omluvil, neznamen\u00e1 to, \u017ee pr\u016fkaz dostane zp\u00e1tky. Na z\u00e1klad\u011b l\u00e9ka\u0159sk\u00fdch posudk\u016f \u00fa\u0159ad pr\u00e1ce st\u00e1le trv\u00e1 na tom, \u017ee dev\u011btasedmdes\u00e1tilet\u00e1 d\u016fchodkyn\u011b na n\u011bj u\u017e nem\u00e1 n\u00e1rok. A to j\u00ed dnes \u00fa\u0159edn\u00edk nav\u00edc jaksi zapomn\u011bl \u0159\u00edct.<\/strong><\/p>\n<p>Bo\u017eena Teclov\u00e1, invalidn\u00ed d\u016fchodkyn\u011b: No, to jsem nev\u011bd\u011bla, to mi ne\u0159ekl, \u017ee jako mi nedaj\u00ed.<\/p>\n<p>Ji\u0159\u00ed Reichl, mluv\u010d\u00ed \u00da\u0159adu pr\u00e1ce \u010cR: Tento posudek \u0159\u00edk\u00e1, \u017ee ta osoba nem\u00e1 n\u00e1rok na pr\u016fkazku ZTP.<\/p>\n<p><strong>Pan\u00ed Teclov\u00e1 vyu\u017e\u00edv\u00e1 pr\u016fkaz, kter\u00fd slou\u017e\u00ed zdravotn\u011b posti\u017een\u00fdm lidem nap\u0159\u00edklad ke snadn\u011bj\u0161\u00edmu zaparkov\u00e1n\u00ed prakticky denn\u011b. Vnuk ji toti\u017e voz\u00ed na r\u016fzn\u00e1 l\u00e9ka\u0159sk\u00e1 vy\u0161et\u0159en\u00ed a prohl\u00eddky. D\u016fchodkyn\u011b trp\u00ed silnou cukrovkou, m\u00e1 probl\u00e9my se srdcem a je po dvou operac\u00edch ky\u010dl\u00ed. Pot\u00ed\u017ee j\u00ed d\u011bl\u00e1 uj\u00edt i p\u00e1r krok\u016f.<\/strong><\/p>\n<p><strong>Pan\u00ed Teclov\u00e1 se je\u0161t\u011b proti v\u00fdsledk\u016fm znaleck\u00e9ho zkoum\u00e1n\u00ed m\u016f\u017ee odvolat a to tak\u00e9 podle sv\u00fdch slov ud\u011bl\u00e1. Jestli j\u00ed to ale pom\u016f\u017ee a pr\u016fkaz znovu dostane, je ot\u00e1zkou.<\/strong><\/p>\n<p>TV NOVA<\/p>\n","protected":false},"excerpt":{"rendered":"<div class=\"mh-excerpt\"><p>\u00da\u0159edn\u00edk, kter\u00fd odm\u00edtl vydat pr\u016fkaz zdravotn\u011b posti\u017een\u00e9 d\u016fchodkyni, kterou omylem prohl\u00e1sil za zem\u0159elou, se j\u00ed sice omluvil, ale \u017eena pr\u016fkaz stejn\u011b nedostane. Pr\u00fd na n\u011bj <a class=\"mh-excerpt-more\" href=\"https:\/\/www.invarena.cz\/?p=3197\" title=\"U\u017e nen\u00ed mrtv\u00e1, pr\u016fkaz ZTP ale nedostane\">[&#8230;]<\/a><\/p>\n<\/div>","protected":false},"author":1,"featured_media":1077,"comment_status":"open","ping_status":"open","sticky":false,"template":"","format":"standard","meta":{"footnotes":""},"categories":[7],"tags":[],"class_list":["post-3197","post","type-post","status-publish","format-standard","has-post-thumbnail","hentry","category-spolecnost"],"_links":{"self":[{"href":"https:\/\/www.invarena.cz\/index.php?rest_route=\/wp\/v2\/posts\/3197","targetHints":{"allow":["GET"]}}],"collection":[{"href":"https:\/\/www.invarena.cz\/index.php?rest_route=\/wp\/v2\/posts"}],"about":[{"href":"https:\/\/www.invarena.cz\/index.php?rest_route=\/wp\/v2\/types\/post"}],"author":[{"embeddable":true,"href":"https:\/\/www.invarena.cz\/index.php?rest_route=\/wp\/v2\/users\/1"}],"replies":[{"embeddable":true,"href":"https:\/\/www.invarena.cz\/index.php?rest_route=%2Fwp%2Fv2%2Fcomments&post=3197"}],"version-history":[{"count":0,"href":"https:\/\/www.invarena.cz\/index.php?rest_route=\/wp\/v2\/posts\/3197\/revisions"}],"wp:featuredmedia":[{"embeddable":true,"href":"https:\/\/www.invarena.cz\/index.php?rest_route=\/wp\/v2\/media\/1077"}],"wp:attachment":[{"href":"https:\/\/www.invarena.cz\/index.php?rest_route=%2Fwp%2Fv2%2Fmedia&parent=3197"}],"wp:term":[{"taxonomy":"category","embeddable":true,"href":"https:\/\/www.invarena.cz\/index.php?rest_route=%2Fwp%2Fv2%2Fcategories&post=3197"},{"taxonomy":"post_tag","embeddable":true,"href":"https:\/\/www.invarena.cz\/index.php?rest_route=%2Fwp%2Fv2%2Ftags&post=3197"}],"curies":[{"name":"wp","href":"https:\/\/api.w.org\/{rel}","templated":true}]}}