{"id":31982,"date":"2019-07-24T11:02:57","date_gmt":"2019-07-24T09:02:57","guid":{"rendered":"http:\/\/www.invarena.cz\/?p=31982"},"modified":"2019-07-24T11:02:57","modified_gmt":"2019-07-24T09:02:57","slug":"vozickar-milan-langer-musel-ukoncit-pout-do-compostely-skoncil-v-nemocnici","status":"publish","type":"post","link":"https:\/\/www.invarena.cz\/?p=31982","title":{"rendered":"Voz\u00ed\u010dk\u00e1\u0159 Milan Langer musel ukon\u010dit pou\u0165 do Compostely, skon\u010dil v nemocnici"},"content":{"rendered":"<p><strong>P\u0159ed\u010dasn\u011b a bez dos\u00e1hnut\u00ed c\u00edle skon\u010dila pou\u0165 pro partu dobrodruh\u016f kolem olomouck\u00e9ho voz\u00ed\u010dk\u00e1\u0159e Milana Langera, kter\u00e1 se v b\u0159eznu vydala z Horn\u00edho n\u00e1m\u011bst\u00ed v Olomouci do \u0161pan\u011blsk\u00e9ho m\u011bsta Santiago de Compostela.<\/strong> <!--more--><\/p>\n<p>&#8222;Po \u010dty\u0159ech m\u011bs\u00edc\u00edch na cest\u00e1ch musel t\u011blesn\u011b t\u011b\u017ece handicapovan\u00fd a na voz\u00edk upoutan\u00fd Milan Langer vyhledat l\u00e9ka\u0159skou pomoc kv\u016fli zhor\u0161en\u00e9mu d\u00fdch\u00e1n\u00ed.<\/p>\n<p>Z nemocnice ve francouzsk\u00e9 obci Decazeville p\u0159es Facebook n\u00e1sledn\u011b vzk\u00e1zal smutnou zpr\u00e1vu. &#8222;Po rozborech krve a rentgenech mi doktor na\u0161el silnou dehydrataci, vy\u010derp\u00e1n\u00ed a hlavn\u011b n\u011bjakou infekci v t\u011ble. Te\u010f budu 2 a\u017e 3 dny v nemocnici a pak se mus\u00edm vr\u00e1tit dom\u016f.&#8220;<\/p>\n<p>Poutn\u00edci u\u0161li dv\u011b t\u0159etiny z 3,5 tis\u00edce kilometr\u016f dlouh\u00e9 trasy. Konec je mrz\u00ed, ale v\u0161ichni \u00fa\u010dastn\u00edci v\u00fdpravy se shodli, \u017ee zdrav\u00ed \u010dlov\u011bka je p\u0159edn\u011bj\u0161\u00ed. V\u011b\u0159\u00ed, \u017ee d\u016fle\u017eit\u00e1 je i samotn\u00e1 cesta, nejen c\u00edl.<\/p>\n<p>&#8222;Bylo to \u00fa\u017easn\u00e9! D\u011bkuji za va\u0161i podporu, moc n\u00e1s v\u0161echny posilovala,&#8220; dodal Langer.<\/p>\n<p>Na 3,5 tis\u00edce kilometr\u016f dlouhou p\u011b\u0161\u00ed cestu vyrazila skupina p\u0159\u00e1tel a podporovatel\u016f v\u010dele s Milanem Langerem z olomouck\u00e9ho Horn\u00edho n\u00e1m\u011bst\u00ed 22. b\u0159ezna 2019. Rozlou\u010dit se s poutn\u00edky tam p\u0159i\u0161ly des\u00edtky lid\u00ed.<\/p>\n<p>B\u00fdval\u00e9ho dlouholet\u00e9ho p\u0159edsedu spolku Trend voz\u00ed\u010dk\u00e1\u0159\u016f Olomouc p\u0159ed putov\u00e1n\u00edm do Santiaga de Compostela neodradil ani z\u00e1sadn\u00ed t\u011blesn\u00fd handicap. Kv\u016fli sv\u00e9 nemoci je prakticky nepohybliv\u00fd a bez asistence druh\u00fdch se neobejde.<\/p>\n<p>Poutn\u00edci pl\u00e1novali cestu do \u0161pan\u011blsk\u00e9ho m\u011bsta v bl\u00edzkosti atlantick\u00e9ho pob\u0159e\u017e\u00ed zvl\u00e1dnout za p\u016fl roku.<\/p>\n<p>&#8212;&#8212;&#8212;&#8212;&#8212;<\/p>\n<p>Milan Langer (59)<\/p>\n<p>Rod\u00e1k z Prost\u011bjova se od d\u011btstv\u00ed pohybuje na invalidn\u00edm voz\u00edku. Vystudoval gymn\u00e1zium pro t\u011blesn\u011b posti\u017een\u00e9 v Bratislav\u011b, pot\u00e9 absolvoval n\u011bmeckou a italskou filologii na Masarykov\u011b univerzit\u011b v Brn\u011b.Cel\u00fd \u017eivot zasv\u011btil \u010dinnosti v neziskov\u00e9m sektoru, v\u011bnuje se zejm\u00e9na soci\u00e1ln\u00edm slu\u017eb\u00e1m. P\u0159es 20 let byl p\u0159edsedou spolku Trend voz\u00ed\u010dk\u00e1\u0159\u016f Olomouc, kde nyn\u00ed p\u016fsob\u00ed jako \u010dlen v\u00fdboru. Rovn\u011b\u017e je p\u0159edsedou N\u00e1rodn\u00ed rady osob se zdravotn\u00edm posti\u017een\u00edm Olomouck\u00e9ho kraje. Pat\u0159\u00ed k zakladatel\u016fm projektu Bezbari\u00e9rov\u00e1 Olomouc. Mezi lety 2010-2014 p\u016fsobil v Zastupitelstvu m\u011bsta Olomouce.<\/p>\n<p>Franti\u0161ek Berger<br \/>\nOlomouck\u00fd den\u00edk<br \/>\n<a href=\"https:\/\/olomoucky.denik.cz\/\" target=\"_blank\" rel=\"noopener noreferrer\">https:\/\/olomoucky.denik.cz\/<\/a><\/p>\n","protected":false},"excerpt":{"rendered":"<div class=\"mh-excerpt\"><p>P\u0159ed\u010dasn\u011b a bez dos\u00e1hnut\u00ed c\u00edle skon\u010dila pou\u0165 pro partu dobrodruh\u016f kolem olomouck\u00e9ho voz\u00ed\u010dk\u00e1\u0159e Milana Langera, kter\u00e1 se v b\u0159eznu vydala z Horn\u00edho n\u00e1m\u011bst\u00ed v Olomouci <a class=\"mh-excerpt-more\" href=\"https:\/\/www.invarena.cz\/?p=31982\" title=\"Voz\u00ed\u010dk\u00e1\u0159 Milan Langer musel ukon\u010dit pou\u0165 do Compostely, skon\u010dil v nemocnici\">[&#8230;]<\/a><\/p>\n<\/div>","protected":false},"author":1,"featured_media":0,"comment_status":"open","ping_status":"closed","sticky":false,"template":"","format":"standard","meta":{"footnotes":""},"categories":[9],"tags":[],"class_list":["post-31982","post","type-post","status-publish","format-standard","hentry","category-zpravy"],"_links":{"self":[{"href":"https:\/\/www.invarena.cz\/index.php?rest_route=\/wp\/v2\/posts\/31982","targetHints":{"allow":["GET"]}}],"collection":[{"href":"https:\/\/www.invarena.cz\/index.php?rest_route=\/wp\/v2\/posts"}],"about":[{"href":"https:\/\/www.invarena.cz\/index.php?rest_route=\/wp\/v2\/types\/post"}],"author":[{"embeddable":true,"href":"https:\/\/www.invarena.cz\/index.php?rest_route=\/wp\/v2\/users\/1"}],"replies":[{"embeddable":true,"href":"https:\/\/www.invarena.cz\/index.php?rest_route=%2Fwp%2Fv2%2Fcomments&post=31982"}],"version-history":[{"count":0,"href":"https:\/\/www.invarena.cz\/index.php?rest_route=\/wp\/v2\/posts\/31982\/revisions"}],"wp:attachment":[{"href":"https:\/\/www.invarena.cz\/index.php?rest_route=%2Fwp%2Fv2%2Fmedia&parent=31982"}],"wp:term":[{"taxonomy":"category","embeddable":true,"href":"https:\/\/www.invarena.cz\/index.php?rest_route=%2Fwp%2Fv2%2Fcategories&post=31982"},{"taxonomy":"post_tag","embeddable":true,"href":"https:\/\/www.invarena.cz\/index.php?rest_route=%2Fwp%2Fv2%2Ftags&post=31982"}],"curies":[{"name":"wp","href":"https:\/\/api.w.org\/{rel}","templated":true}]}}