{"id":31996,"date":"2019-08-01T12:53:33","date_gmt":"2019-08-01T10:53:33","guid":{"rendered":"http:\/\/www.invarena.cz\/?p=31996"},"modified":"2019-08-06T12:32:55","modified_gmt":"2019-08-06T10:32:55","slug":"dostanete-li-se-na-uplne-dno-stat-vam-nepomuze","status":"publish","type":"post","link":"https:\/\/www.invarena.cz\/?p=31996","title":{"rendered":"Dostanete-li se na \u00fapln\u00e9 dno, st\u00e1t v\u00e1m nepom\u016f\u017ee"},"content":{"rendered":"<p><strong>Je kr\u00e1sn\u00e9 sly\u0161et ministryni Mal\u00e1\u010dovou, jak oznamuje, \u017ee Sn\u011bmovna schv\u00e1lila n\u00e1vrh z\u00e1kona o d\u016fchodov\u00e9m poji\u0161t\u011bn\u00ed, kter\u00fd v pr\u016fm\u011bru zvedne d\u016fchody o 900 K\u010d na 14 200 K\u010d. Jen\u017ee ka\u017ed\u00e1 mince m\u00e1 dv\u011b strany a tak se zapom\u00edn\u00e1 na des\u00edtky tis\u00edc starobn\u00edch a invalidn\u00edch d\u016fchodc\u016f, kter\u00fd tento n\u00e1vrh z\u00e1kona dostane do situace, kdy se budou muset p\u0159est\u011bhovat do ubytovny \u010di ji\u017e nakupovat pouze potraviny s proch\u00e1zej\u00edc\u00ed z\u00e1ru\u010dn\u00ed lh\u016ftou a oble\u010den\u00ed v \u00bbsek\u00e1\u010d\u00edch\u00ab.<\/strong><\/p>\n<p><!--more--><\/p>\n<p>Ka\u017ed\u00fd sedm\u00fd d\u016fchodce toti\u017e \u017eije pod hranic\u00ed p\u0159\u00edjmov\u00e9 chudoby a situaci \u0159e\u0161\u00ed st\u00e1tn\u00edm p\u0159\u00edsp\u011bvkem na bydlen\u00ed. Ten se vypo\u010d\u00edt\u00e1v\u00e1 podle sou\u010dtu v\u0161ech p\u0159\u00edjm\u016f \u017eadatele a v\u0161ech v\u00fddaj\u016f na bydlen\u00ed. Zcela absurdn\u011b tak doch\u00e1z\u00ed k situac\u00edm, kdy des\u00edtky tis\u00edc senior\u016f dostanou o dev\u011bt set korun vy\u0161\u0161\u00ed d\u016fchod, ale z\u00e1rove\u0148 p\u0159ijdou o p\u0159\u00edsp\u011bvek na bydlen\u00ed v \u010d\u00e1stce vy\u0161\u0161\u00ed ne\u017e on\u011bch dev\u011bt set.<\/p>\n<p>Mnohem h\u016f\u0159e jsou na tom invalidn\u00ed d\u016fchodci, kte\u0159\u00ed se ne vlastn\u00ed vinou dostali do insolvence.<\/p>\n<p>Pokud toti\u017e pracuj\u00edc\u00ed \u010dlov\u011bk, poctiv\u011b odv\u00e1d\u011bj\u00edc\u00ed dan\u011b i soci\u00e1ln\u00ed a zdravotn\u00ed poji\u0161t\u011bn\u00ed, n\u00e1hle onemocn\u00ed tak, \u017ee se stane invalidn\u00edm, nen\u00ed schopen spl\u00e1cet sv\u00e9 z\u00e1vazky. Dostane se tak do insolvence, kdy mu je z invalidn\u00edho d\u016fchodu strh\u00e1v\u00e1na \u010d\u00e1stka a\u017e do v\u00fd\u0161e existen\u010dn\u00edho minima. Pokud si pod\u00e1 \u017e\u00e1dost o p\u0159\u00edsp\u011bvek na bydlen\u00ed, tak se tento p\u0159\u00edsp\u011bvek absurdn\u011b nevypo\u010d\u00edt\u00e1v\u00e1 ze skute\u010dn\u00e9ho p\u0159\u00edjmu, tedy invalidn\u00edho d\u016fchodu \u00bbo\u010desan\u00e9ho\u00ab o spl\u00e1tku insolvence, ale z v\u00fd\u0161e schv\u00e1len\u00e9ho d\u016fchodu!<\/p>\n<p>Pokud tedy invalidn\u00ed d\u016fchodce m\u00e1 schv\u00e1len d\u016fchod ve v\u00fd\u0161i 14 000 K\u010d a insolven\u010dn\u00ed spr\u00e1vce mu z n\u011bj strh\u00e1v\u00e1 \u010d\u00e1stku 7000 K\u010d, p\u0159\u00edsp\u011bvek na bydlen\u00ed se p\u0159esto po\u010d\u00edt\u00e1 z \u010d\u00e1stky 14 000 K\u010d.<\/p>\n<p>Ano, je skv\u011bl\u00e9, \u017ee starobn\u00ed a invalidn\u00ed d\u016fchody budou op\u011bt zv\u00fd\u0161eny a 2,4 milionu d\u016fchodc\u016f si polep\u0161\u00ed. Pokud ov\u0161em nedojde z\u00e1rove\u0148 ke zv\u00fd\u0161en\u00ed existen\u010dn\u00edho minima, bude soci\u00e1ln\u00ed situace asi \u010dty\u0159iceti tis\u00edc d\u016fchodc\u016f v p\u0159\u00ed\u0161t\u00edm roce mnohem hor\u0161\u00ed ne\u017e letos.<\/p>\n<p>A tito lid\u00e9 tak maj\u00ed pr\u00e1vo pova\u017eovat nov\u00fd z\u00e1kon o d\u016fchodov\u00e9m poji\u0161t\u011bn\u00ed za nespravedliv\u00fd.<\/p>\n<table class=\"docHdrTable\">\n<tbody>\n<tr>\n<td class=\"docHdrNavesti\"><\/td>\n<td>Hal\u00f3 noviny<\/td>\n<\/tr>\n<\/tbody>\n<\/table>\n","protected":false},"excerpt":{"rendered":"<div class=\"mh-excerpt\"><p>Je kr\u00e1sn\u00e9 sly\u0161et ministryni Mal\u00e1\u010dovou, jak oznamuje, \u017ee Sn\u011bmovna schv\u00e1lila n\u00e1vrh z\u00e1kona o d\u016fchodov\u00e9m poji\u0161t\u011bn\u00ed, kter\u00fd v pr\u016fm\u011bru zvedne d\u016fchody o 900 K\u010d na 14 <a class=\"mh-excerpt-more\" href=\"https:\/\/www.invarena.cz\/?p=31996\" title=\"Dostanete-li se na \u00fapln\u00e9 dno, st\u00e1t v\u00e1m nepom\u016f\u017ee\">[&#8230;]<\/a><\/p>\n<\/div>","protected":false},"author":1,"featured_media":19375,"comment_status":"open","ping_status":"closed","sticky":false,"template":"","format":"standard","meta":{"footnotes":""},"categories":[1],"tags":[],"class_list":["post-31996","post","type-post","status-publish","format-standard","has-post-thumbnail","hentry","category-nezarazene"],"_links":{"self":[{"href":"https:\/\/www.invarena.cz\/index.php?rest_route=\/wp\/v2\/posts\/31996","targetHints":{"allow":["GET"]}}],"collection":[{"href":"https:\/\/www.invarena.cz\/index.php?rest_route=\/wp\/v2\/posts"}],"about":[{"href":"https:\/\/www.invarena.cz\/index.php?rest_route=\/wp\/v2\/types\/post"}],"author":[{"embeddable":true,"href":"https:\/\/www.invarena.cz\/index.php?rest_route=\/wp\/v2\/users\/1"}],"replies":[{"embeddable":true,"href":"https:\/\/www.invarena.cz\/index.php?rest_route=%2Fwp%2Fv2%2Fcomments&post=31996"}],"version-history":[{"count":0,"href":"https:\/\/www.invarena.cz\/index.php?rest_route=\/wp\/v2\/posts\/31996\/revisions"}],"wp:featuredmedia":[{"embeddable":true,"href":"https:\/\/www.invarena.cz\/index.php?rest_route=\/wp\/v2\/media\/19375"}],"wp:attachment":[{"href":"https:\/\/www.invarena.cz\/index.php?rest_route=%2Fwp%2Fv2%2Fmedia&parent=31996"}],"wp:term":[{"taxonomy":"category","embeddable":true,"href":"https:\/\/www.invarena.cz\/index.php?rest_route=%2Fwp%2Fv2%2Fcategories&post=31996"},{"taxonomy":"post_tag","embeddable":true,"href":"https:\/\/www.invarena.cz\/index.php?rest_route=%2Fwp%2Fv2%2Ftags&post=31996"}],"curies":[{"name":"wp","href":"https:\/\/api.w.org\/{rel}","templated":true}]}}