{"id":32003,"date":"2019-08-05T13:54:48","date_gmt":"2019-08-05T11:54:48","guid":{"rendered":"http:\/\/www.invarena.cz\/?p=32003"},"modified":"2019-08-06T12:17:49","modified_gmt":"2019-08-06T10:17:49","slug":"olomoucky-kraj-chce-zrusit-domov-pro-postizene","status":"publish","type":"post","link":"https:\/\/www.invarena.cz\/?p=32003","title":{"rendered":"Olomouck\u00fd kraj chce zru\u0161it domov pro posti\u017een\u00e9"},"content":{"rendered":"<p><strong>Velehradsk\u00e9 Vincentinum, domov pro osoby se zdravotn\u00edm posti\u017een\u00edm, se z\u0159ejm\u011b zru\u0161\u00ed. Podle starosty proto, \u017ee domov nen\u00ed spjat se \u017e\u00e1dnou st\u00e1tn\u00ed ani evropskou dotac\u00ed.<\/strong><br \/>\n<!--more--><br \/>\nKraj\u0161t\u00ed radn\u00ed u\u017e v \u010dervenci odsouhlasili t\u0159i kroky vedouc\u00ed k z\u00e1niku. Vincentinum dostalo okam\u017eit\u00fd z\u00e1kaz p\u0159ij\u00edmat nov\u00e9 klienty. V n\u00e1sleduj\u00edc\u00edch \u010dty\u0159ech letech pak m\u00e1 doj\u00edt k postupn\u00e9mu slou\u010den\u00ed slu\u017eby s Domovem pro osoby se zdravotn\u00edm posti\u017een\u00edm Velehrad &#8211; Buchlovsk\u00e1. Posledn\u00edm krokem je opu\u0161t\u011bn\u00ed sou\u010dasn\u00e9ho s\u00eddla, z\u00e1m\u011br kalkuluje s term\u00ednem do roku 2023. Av\u0161ak jak\u00e9 bude dal\u0161\u00ed vyu\u017eit\u00ed krajsk\u00e9 budovy, to u\u017e pl\u00e1n kraje ne\u0159\u00edk\u00e1. D\u016fvodem ke zru\u0161en\u00ed Vincentina je podle dokumentu, kter\u00fd m\u00e1 redakce DOBR\u00c9HO DNE k dispozici, fakt, \u017ee domov nen\u00ed zat\u00ed\u017een z\u00e1vazkem udr\u017eitelnosti, tedy \u017ee nen\u00ed spjat se \u017e\u00e1dnou st\u00e1tn\u00ed ani evropskou dotac\u00ed\u2026<\/p>\n<p>&#8222;Po opu\u0161t\u011bn\u00ed objektu v n\u011bm nem\u016f\u017ee b\u00fdt provozov\u00e1na \u00fastavn\u00ed pobytov\u00e1 soci\u00e1ln\u00ed slu\u017eba. Sou\u010dasn\u00e1 kapacita domova je 47 l\u016f\u017eek a v r\u00e1mci transformace domova se nyn\u00ed p\u0159edpokl\u00e1d\u00e1 p\u0159echod osmn\u00e1cti u\u017eivatel\u016f do slu\u017eby chr\u00e1n\u011bn\u00e9 bydlen\u00ed. Zb\u00fdvaj\u00edc\u00ed kapacita dev\u011btadvaceti l\u016f\u017eek bude postupn\u011b sn\u00ed\u017eena p\u0159irozen\u00fdm \u00fabytkem a n\u00e1sledn\u011b p\u0159est\u011bhov\u00e1n\u00edm u\u017eivatel\u016f do jin\u00fdch vhodn\u00fdch slu\u017eeb, zejm\u00e9na DOSP Velehrad -Buchlovsk\u00e1,&#8220; uv\u00e1d\u00ed dokument z d\u00edlny radn\u00ed pro soci\u00e1ln\u00ed oblast Michaely Blahov\u00e9.<\/p>\n<p>&#8222;Vincentinum se m\u00e1 jako jedin\u00e9 ze za\u0159\u00edzen\u00ed pro handicapovan\u00e9 zru\u0161it, p\u0159esto\u017ee m\u00e1 tak dobr\u00e9 podm\u00ednky,&#8220; div\u00ed se starosta Velehradu Ale\u0161 Mergental. A pokra\u010duje: &#8222;Vybrat za\u0159\u00edzen\u00ed ke zru\u0161en\u00ed jen proto, \u017ee nem\u00e1 \u017e\u00e1dn\u00fd dota\u010dn\u00ed z\u00e1vazek, \u017e\u00e1dnou dobu udr\u017eitelnosti, tomu nerozum\u00edm. Slu\u017eba funguje v\u00fdborn\u011b, je na vysok\u00e9 \u00farovni, lid\u00e9 o ni maj\u00ed z\u00e1jem, je hodnocena jen kladn\u011b tak\u00e9 nejr\u016fzn\u011bj\u0161\u00edmi kontrolami. Obec Velehrad proto minul\u00fd t\u00fdden uvedla v dopisu adresovan\u00e9m krajsk\u00e9 rad\u011b, \u017ee pova\u017euje za velmi smyslupln\u00e9 zachovat fungov\u00e1n\u00ed Vincentina stejn\u011b jako za\u0159\u00edzen\u00ed Velehrad &#8211; Buchlovsk\u00e1. Domn\u00edv\u00e1me se, \u017ee v tomto p\u0159\u00edpad\u011b nen\u00ed zru\u0161en\u00ed nezbytn\u011b nutn\u00e9. Kdyby bylo za\u0159\u00edzen\u00ed ve \u0161patn\u00e9m stavu a na opravu nebyly pen\u00edze, tak tomu rozum\u00edm. Ale v p\u0159\u00edpad\u011b, kdy v\u0161echno funguje, jak m\u00e1, tak ne.&#8220;<\/p>\n<p>Obec Velehrad, kter\u00e1 je dnes opatrovn\u00edkem pro celkem dvaadvacet klient\u016f Vincentina, \u0161esta\u010dty\u0159icet senior\u016f v DOZP Buchlovsk\u00e1 a tak\u00e9 \u010dtve\u0159ici \u017eij\u00edc\u00ed v chr\u00e1n\u011bn\u00e9m bydlen\u00ed v Uhersk\u00e9m Hradi\u0161ti-Jaro\u0161ov\u011b, m\u00e1 mezi ostatn\u00edmi obcemi spojen\u00fdmi se soci\u00e1ln\u00ed p\u00e9\u010d\u00ed zvl\u00e1\u0161tn\u00ed postaven\u00ed. Na rozd\u00edl od jin\u00fdch, kde v\u011bt\u0161inou maj\u00ed z n\u00e1r\u016fstu handicapovan\u00fdch spoluob\u010dan\u016f obavy, ve Velehrad\u011b jsou zdravotn\u011b posti\u017een\u00ed lid\u00e9 integrovanou sou\u010d\u00e1st\u00ed obce. Historie soci\u00e1ln\u00edch slu\u017eeb tady spolehliv\u011b funguje u\u017e od roku 1927.<\/p>\n<p>&#8222;Handicapovan\u00e9, kte\u0159\u00ed se pohybuj\u00ed v obci, tady ka\u017ed\u00fd bere za samoz\u0159ejmost. T\u00e9m\u011b\u0159 v ka\u017ed\u00e9 rodin\u011b se najde n\u011bkdo, kdo v za\u0159\u00edzen\u00ed soci\u00e1ln\u00ed p\u00e9\u010de pracoval nebo pracuje. Tak\u00e9 d\u011bti maj\u00ed k handicapovan\u00fdm kladn\u00fd vztah. T\u011blesn\u011b posti\u017een\u00ed jsou pravideln\u00fdmi \u00fa\u010dastn\u00edky p\u0159edn\u00e1\u0161ek, v\u00fdstav, vernis\u00e1\u017e\u00ed, koncert\u016f, karneval\u016f, zkr\u00e1tka jsou naprostou, re\u00e1lnou sou\u010d\u00e1st\u00ed obce. Tomu pom\u00e1h\u00e1 tak\u00e9 gymn\u00e1zium, jeho\u017e studenti v r\u00e1mci dobrovolnick\u00e9 \u010dinnosti pom\u00e1haj\u00ed, co\u017e kultivuje jejich hodnoty a soci\u00e1ln\u00ed c\u00edt\u011bn\u00ed,&#8220; \u0159\u00edk\u00e1 starosta Mergental.<\/p>\n<p>\u0158editelka Vincentina Milena Mare\u010dkov\u00e1 m\u00e1 obavy z reakc\u00ed klient\u016f. &#8222;Nechceme, aby pro\u017e\u00edvali dlouh\u00e9 \u010dty\u0159i roky pln\u00e9 stresu. I nad\u00e1le jim budeme poskytovat p\u00e9\u010di a podporu, na kterou jsou zvykl\u00ed a kterou pot\u0159ebuj\u00ed. D\u016fle\u017eit\u00fd je te\u010f i postoj zam\u011bstnanc\u016f, kte\u0159\u00ed jsou s klienty v denn\u00edm kontaktu a dok\u00e1\u017eou jejich obavy eliminovat a vyvr\u00e1tit. A douf\u00e1m, \u017ee zdrav\u00fd rozum nakonec zv\u00edt\u011bz\u00ed,&#8220; uvedla \u0159editelka.<br \/>\nPodle starosty Mergentala je zar\u00e1\u017eej\u00edc\u00ed tak\u00e9 fakt, \u017ee kraj zat\u00edm nem\u00e1 p\u0159edstavu o vyu\u017eit\u00ed pr\u00e1zdn\u00e9ho Vincentina. &#8222;Pova\u017eujeme to za velk\u00e9 nebezpe\u010d\u00ed. D\u016fm m\u016f\u017ee z\u016fstat pr\u00e1zdn\u00fd a nemus\u00ed se nal\u00e9zt n\u011bjak\u00e9 vyu\u017eit\u00ed. Kraj p\u0159itom do n\u011bj velmi v\u00fdznamn\u011b investoval,&#8220; upozornil Ale\u0161 Mergental.<\/p>\n<p>Proti pl\u00e1n\u016fm hejtmanstv\u00ed se u\u017e bou\u0159\u00ed tak\u00e9 krajsk\u00e1 opozice. &#8222;Z\u00e1sadn\u011b nesouhlas\u00edm s ru\u0161en\u00edm Vincentina a v\u011b\u0159\u00edm, \u017ee se n\u00e1m poda\u0159\u00ed tento z\u00e1m\u011br zvr\u00e1tit v krajsk\u00e9m zastupitelstvu. Veden\u00ed kraje mluv\u00ed o transformaci soci\u00e1ln\u00edch slu\u017eeb. Ale v tomto p\u0159\u00edpad\u011b by v\u011bt\u0161ina klient\u016f Vincentina skon\u010dila je\u0161t\u011b v kapacitn\u011b v\u011bt\u0161\u00edm za\u0159\u00edzen\u00ed nebo byla p\u0159esunuta zcela jinam. A to pokl\u00e1d\u00e1m za neomluviteln\u00fd hazard s osudem a zdrav\u00edm t\u011bchto lid\u00ed,&#8220; uvedl krajsk\u00fd zastupitel za Soukromn\u00edky Michal Dvoulet\u00fd.<\/p>\n<table class=\"docHdrTable\">\n<tbody>\n<tr>\n<td class=\"docHdrNavesti\"><\/td>\n<td>Dobr\u00fd den s kur\u00fdrem<\/td>\n<\/tr>\n<\/tbody>\n<\/table>\n","protected":false},"excerpt":{"rendered":"<div class=\"mh-excerpt\"><p>Velehradsk\u00e9 Vincentinum, domov pro osoby se zdravotn\u00edm posti\u017een\u00edm, se z\u0159ejm\u011b zru\u0161\u00ed. Podle starosty proto, \u017ee domov nen\u00ed spjat se \u017e\u00e1dnou st\u00e1tn\u00ed ani evropskou dotac\u00ed.<\/p>\n<\/div>","protected":false},"author":1,"featured_media":32004,"comment_status":"open","ping_status":"closed","sticky":false,"template":"","format":"standard","meta":{"footnotes":""},"categories":[7],"tags":[],"class_list":["post-32003","post","type-post","status-publish","format-standard","has-post-thumbnail","hentry","category-spolecnost"],"_links":{"self":[{"href":"https:\/\/www.invarena.cz\/index.php?rest_route=\/wp\/v2\/posts\/32003","targetHints":{"allow":["GET"]}}],"collection":[{"href":"https:\/\/www.invarena.cz\/index.php?rest_route=\/wp\/v2\/posts"}],"about":[{"href":"https:\/\/www.invarena.cz\/index.php?rest_route=\/wp\/v2\/types\/post"}],"author":[{"embeddable":true,"href":"https:\/\/www.invarena.cz\/index.php?rest_route=\/wp\/v2\/users\/1"}],"replies":[{"embeddable":true,"href":"https:\/\/www.invarena.cz\/index.php?rest_route=%2Fwp%2Fv2%2Fcomments&post=32003"}],"version-history":[{"count":0,"href":"https:\/\/www.invarena.cz\/index.php?rest_route=\/wp\/v2\/posts\/32003\/revisions"}],"wp:featuredmedia":[{"embeddable":true,"href":"https:\/\/www.invarena.cz\/index.php?rest_route=\/wp\/v2\/media\/32004"}],"wp:attachment":[{"href":"https:\/\/www.invarena.cz\/index.php?rest_route=%2Fwp%2Fv2%2Fmedia&parent=32003"}],"wp:term":[{"taxonomy":"category","embeddable":true,"href":"https:\/\/www.invarena.cz\/index.php?rest_route=%2Fwp%2Fv2%2Fcategories&post=32003"},{"taxonomy":"post_tag","embeddable":true,"href":"https:\/\/www.invarena.cz\/index.php?rest_route=%2Fwp%2Fv2%2Ftags&post=32003"}],"curies":[{"name":"wp","href":"https:\/\/api.w.org\/{rel}","templated":true}]}}