{"id":32005,"date":"2019-08-05T14:20:23","date_gmt":"2019-08-05T12:20:23","guid":{"rendered":"http:\/\/www.invarena.cz\/?p=32005"},"modified":"2019-08-06T12:16:05","modified_gmt":"2019-08-06T10:16:05","slug":"nejmodernejsi-protezy-pro-ceske-pacienty","status":"publish","type":"post","link":"https:\/\/www.invarena.cz\/?p=32005","title":{"rendered":"Nejmodern\u011bj\u0161\u00ed prot\u00e9zy pro \u010desk\u00e9 pacienty"},"content":{"rendered":"<p><strong>U\u017e 2 roky mohou i \u010de\u0161t\u00ed pacienti z\u00edskat nejmodern\u011bj\u0161\u00ed bionick\u00e9 prot\u00e9zy. Ty reaguj\u00ed na impulsy p\u0159\u00edmo z mozku a dok\u00e1\u017eou v\u011brn\u011b nahradit zdrav\u00e9 kon\u010detiny. Jsou ale drah\u00e9. Z\u00e1jem je p\u0159edev\u0161\u00edm o ruce. Konto Bari\u00e9ry zat\u00edm pomohlo 25 pacient\u016fm a VZP 12.<\/strong><!--more--><\/p>\n<p>Bionick\u00e1 ruka &#8222;Luke arm&#8220;<\/p>\n<p>report\u00e1\u017e \u010cesk\u00e1 televize<br \/>\nV d\u011btstv\u00ed m\u011bla n\u00e1dor v ruce. \u017divot j\u00ed zachr\u00e1nila amputace. Dnes je jich 27 let a s klasickou prot\u00e9zou pracuje i sportuje.<\/p>\n<p>Jitka HLOU\u0160KOV\u00c1, \u017eadatelka o prot\u00e9zu<br \/>\nPosledn\u00ed dobou za\u010d\u00edn\u00e1 m\u00edt pot\u00ed\u017ee s tou levou rukou, kterou vlastn\u011b nadm\u011brn\u011b zat\u011b\u017euju.<\/p>\n<p>redaktorka<br \/>\n\u017d\u00e1dala proto o pohyblivou elektrickou prot\u00e9zu, jen\u017ee jej\u00ed typ stoj\u00ed 1 900 000 K\u010d.<\/p>\n<p>HLOU\u0160KOV\u00c1<br \/>\nPomohl by mi to p\u0159i b\u011b\u017en\u00fdch \u010dinnostech, jako je t\u0159eba p\u0159i va\u0159en\u00ed, kr\u00e1jen\u00ed pe\u010diva. R\u00e1da bych se nau\u010dila \u0159\u00eddit.<\/p>\n<p>redaktorka<br \/>\nJen\u017ee poji\u0161\u0165ovny ze z\u00e1kona hrad\u00ed bionickou n\u00e1hradu jen tomu, kdo nem\u00e1 \u017e\u00e1dnou ruku, nebo mus\u00ed b\u00fdt bez jedn\u00e9 kon\u010detiny a druhou m\u00edt funk\u010dn\u011b po\u0161kozenou, co\u017e nen\u00ed Jit\u010din p\u0159\u00edpad.<\/p>\n<p>Iwona Navr\u00e1tilov\u00e1, tiskov\u00e9 odd\u011blen\u00ed VZP<br \/>\nTuto legislativu ov\u0161em poji\u0161\u0165ovny netvo\u0159\u00ed. Nemaj\u00ed mo\u017enost pod\u00e1vat dokonce ani n\u00e1vrhy na jej\u00ed p\u0159\u00edpadn\u00e9 \u00fapravy.<\/p>\n<p>Bo\u017eena JIRK\u016e, \u0159editelka, Konto Bari\u00e9ry<br \/>\nNen\u00ed mo\u017en\u00e9 se d\u00edvat na to jako t\u0159eba poji\u0161\u0165ovna, kter\u00e1 \u0159ekne: m\u00e1 jednu ruku, na druhou j\u00ed nep\u0159isp\u011bjeme. D\u00e1me invalidn\u00ed d\u016fchod, tak to j\u00ed u\u017e 15 let plat\u00ed d\u016fchod, no za to by mo\u017en\u00e1 byly 2 bionick\u00e9 prot\u00e9zy.<\/p>\n<p>Jan K\u0158\u00cd\u017d, u\u017eivatel bionick\u00e9 prot\u00e9zy<br \/>\nJmenuji se Honza a je mi 15. Ne\u0161\u0165astnou n\u00e1hodou jsem p\u0159i\u0161el o ob\u011b ruce. Bylo to slo\u017eit\u00e9, ale j\u00e1 se nevzdal.<\/p>\n<p>redaktorka<br \/>\nP\u0159ed dv\u011bma lety odstartoval \u0159adu podobn\u00fdch sb\u00edrek Jan K\u0159\u00ed\u017e. O ruce p\u0159i\u0161el v drti\u010di na v\u011btve. Bionick\u00e9 ruce m\u00e1 rok a p\u016fl. Te\u010f se splnil sen. Od z\u00e1\u0159\u00ed nastupuje na hudebn\u00ed konzervato\u0159 tady v Praze.<\/p>\n<p>Jan K\u0158\u00cd\u017d,<br \/>\nTen pozoun si p\u0159idr\u017e\u00edm l\u00edp, tak je stabiln\u011bj\u0161\u00ed, a asi n\u011bjak\u00fd zlep\u0161en\u00ed d\u00edky tomu bylo.<\/p>\n<p>redaktorka<br \/>\nObvykle se lid\u00e9 s takovou prot\u00e9zou s\u017e\u00edvaj\u00ed m\u011bs\u00edce. Jan to zvl\u00e1dl za 2 t\u00fddny. Ovl\u00e1d\u00e1n\u00ed se ale v praxi st\u00e1le u\u010d\u00ed.<\/p>\n<p>Karol\u00edna V\u00edchov\u00e1 a Lea Surovcov\u00e1, \u010cesk\u00e1 televize.<\/p>\n","protected":false},"excerpt":{"rendered":"<div class=\"mh-excerpt\"><p>U\u017e 2 roky mohou i \u010de\u0161t\u00ed pacienti z\u00edskat nejmodern\u011bj\u0161\u00ed bionick\u00e9 prot\u00e9zy. Ty reaguj\u00ed na impulsy p\u0159\u00edmo z mozku a dok\u00e1\u017eou v\u011brn\u011b nahradit zdrav\u00e9 kon\u010detiny. Jsou <a class=\"mh-excerpt-more\" href=\"https:\/\/www.invarena.cz\/?p=32005\" title=\"Nejmodern\u011bj\u0161\u00ed prot\u00e9zy pro \u010desk\u00e9 pacienty\">[&#8230;]<\/a><\/p>\n<\/div>","protected":false},"author":1,"featured_media":16152,"comment_status":"open","ping_status":"closed","sticky":false,"template":"","format":"standard","meta":{"footnotes":""},"categories":[7],"tags":[],"class_list":["post-32005","post","type-post","status-publish","format-standard","has-post-thumbnail","hentry","category-spolecnost"],"_links":{"self":[{"href":"https:\/\/www.invarena.cz\/index.php?rest_route=\/wp\/v2\/posts\/32005","targetHints":{"allow":["GET"]}}],"collection":[{"href":"https:\/\/www.invarena.cz\/index.php?rest_route=\/wp\/v2\/posts"}],"about":[{"href":"https:\/\/www.invarena.cz\/index.php?rest_route=\/wp\/v2\/types\/post"}],"author":[{"embeddable":true,"href":"https:\/\/www.invarena.cz\/index.php?rest_route=\/wp\/v2\/users\/1"}],"replies":[{"embeddable":true,"href":"https:\/\/www.invarena.cz\/index.php?rest_route=%2Fwp%2Fv2%2Fcomments&post=32005"}],"version-history":[{"count":0,"href":"https:\/\/www.invarena.cz\/index.php?rest_route=\/wp\/v2\/posts\/32005\/revisions"}],"wp:featuredmedia":[{"embeddable":true,"href":"https:\/\/www.invarena.cz\/index.php?rest_route=\/wp\/v2\/media\/16152"}],"wp:attachment":[{"href":"https:\/\/www.invarena.cz\/index.php?rest_route=%2Fwp%2Fv2%2Fmedia&parent=32005"}],"wp:term":[{"taxonomy":"category","embeddable":true,"href":"https:\/\/www.invarena.cz\/index.php?rest_route=%2Fwp%2Fv2%2Fcategories&post=32005"},{"taxonomy":"post_tag","embeddable":true,"href":"https:\/\/www.invarena.cz\/index.php?rest_route=%2Fwp%2Fv2%2Ftags&post=32005"}],"curies":[{"name":"wp","href":"https:\/\/api.w.org\/{rel}","templated":true}]}}