{"id":32115,"date":"2019-08-29T13:59:53","date_gmt":"2019-08-29T11:59:53","guid":{"rendered":"http:\/\/www.invarena.cz\/?p=32115"},"modified":"2019-10-20T19:43:46","modified_gmt":"2019-10-20T17:43:46","slug":"32115","status":"publish","type":"post","link":"https:\/\/www.invarena.cz\/?p=32115","title":{"rendered":"M\u00e1m 2. stupe\u0148 invalidity. Mohu pracovat na pln\u00fd \u00favazek?"},"content":{"rendered":"<p><strong>DOTAZ: Mohu s inval. d\u016fchodem II. stupn\u011b pracovat 8 hod. denn\u011b, pokud mi to l\u00e9ka\u0159 nezak\u00e1zal, a mohu si vyd\u011blat neomezenou \u010d\u00e1stku? Jde o ostrahu parkovi\u0161t\u011b.<\/strong><!--more--><\/p>\n<p>&nbsp;<\/p>\n<p><strong>Odpov\u011b\u010f<\/strong><\/p>\n<p>Legislativa neobsahuje \u017e\u00e1dn\u00e9 omezen\u00ed ohledn\u011b pracovn\u00ed doby, po kterou mohou invalidn\u00ed d\u016fchodci pr\u00e1ci vykon\u00e1vat. Ani v\u00fd\u0161e v\u00fdd\u011blku nen\u00ed nijak omezena. Lid\u00e9 s\u00a0p\u0159iznan\u00fdm invalidn\u00edm d\u016fchodem mohou podle sv\u00fdch mo\u017enost\u00ed pracovat a p\u0159ivyd\u011bl\u00e1vat si. Po\u017eivatel\u00e9 v\u0161ech t\u0159\u00ed stup\u0148\u016f invalidn\u00edch d\u016fchod\u016f tedy mohou vyu\u017e\u00edt sv\u016fj zb\u00fdvaj\u00edc\u00ed pracovn\u00ed potenci\u00e1l a podle sv\u00fdch mo\u017enost\u00ed, kter\u00e9 jim omezuje nep\u0159\u00edzniv\u00fd zdravotn\u00ed stav, pracovat.<\/p>\n<p>Po\u017eivatel invalidn\u00edho d\u016fchodu 2. stupn\u011b si m\u016f\u017ee rovn\u011b\u017e jakkoliv vyd\u011bl\u00e1vat. Je v\u0161ak t\u0159eba db\u00e1t sv\u00e9ho zdravotn\u00edho omezen\u00ed, kter\u00e9 je obsa\u017eeno v tzv. posudku o invalidit\u011b.<\/p>\n<p>Rozsah va\u0161eho pracovn\u00edho zat\u00ed\u017een\u00ed by m\u011bl odpov\u00eddat va\u0161\u00ed sn\u00ed\u017een\u00e9 pracovn\u00ed schopnosti o\u00a070, 50\u00a0\u010di 35\u00a0%, podle toho, jak\u00fd stupe\u0148 invalidity m\u00e1te. Nap\u0159\u00edklad p\u0159i poklesu pracovn\u00ed schopnosti o 50 % (2. stupe\u0148 invalidity) s velkou pravd\u011bpodobnost\u00ed u mnoha zam\u011bstn\u00e1n\u00ed nebudete schopen pracovat na pln\u00fd \u00favazek. Pokud byste pracoval na pln\u00fd \u00favazek, mohlo by se to vz\u00edt v \u00favahu p\u0159i kontroln\u00ed l\u00e9ka\u0159sk\u00e9 prohl\u00eddce posudkov\u00fdm l\u00e9ka\u0159em p\u0159i nov\u00e9m posouzen\u00ed zdravotn\u00edho stavu a odpov\u00eddaj\u00edc\u00edho stupn\u011b invalidity.<\/p>\n<p>Invalidn\u00ed d\u016fchod nen\u00ed toti\u017e v\u011bt\u0161inou p\u0159izn\u00e1v\u00e1n natrvalo. Zdravotn\u00ed stav nen\u00ed mnohdy nem\u011bnn\u00fd. V\u00a0pr\u016fb\u011bhu \u010dasu m\u016f\u017ee doch\u00e1zet k\u00a0jeho zlep\u0161en\u00ed nebo naopak ke zhor\u0161en\u00ed. Podle v\u00fdsledku kontroln\u00ed l\u00e9ka\u0159sk\u00e9 prohl\u00eddky \u010di p\u0159ezkumu m\u016f\u017ee doj\u00edt ke zm\u011bn\u011b invalidity na ni\u017e\u0161\u00ed nebo vy\u0161\u0161\u00ed stupe\u0148 \u010di posudkov\u00fd z\u00e1v\u011br konstatuje, \u017ee pokles pracovn\u00ed schopnosti neodpov\u00edd\u00e1 invalidit\u011b a tento status m\u016f\u017ee b\u00fdt i zcela odebr\u00e1n.<\/p>\n<p>Nelze v\u0161ak vylou\u010dit, \u017ee pr\u00e1ce, kter\u00e1 je v\u00e1m nab\u00edzena, je natolik nen\u00e1ro\u010dn\u00e1 a uzp\u016fsoben\u00e1 na m\u00edru poklesu va\u0161eho pracovn\u00edho potenci\u00e1lu, \u017ee v p\u0159\u00edpad\u011b hodn\u00e9m zvl\u00e1\u0161tn\u00edho z\u0159etele m\u016f\u017ee b\u00fdt akceptovateln\u00fd i pln\u00fd \u00favazek.\u00a0 Doporu\u010duji konzultovat tuto z\u00e1le\u017eitost se z\u00e1vodn\u00edm nebo pracovn\u00edm l\u00e9ka\u0159em s ohledem na v\u00e1\u0161 posudek o invalidit\u011b (nap\u0159. pracovn\u00ed l\u00e9ka\u0159, se kter\u00fdm m\u00e1 smlouvu v\u00e1\u0161 potenci\u00e1ln\u00ed zam\u011bstnavatel). Pokud z\u00e1vodn\u00ed nebo pracovn\u00ed l\u00e9ka\u0159 usoud\u00ed, \u017ee zam\u011bstnavatel v\u00e1m vytv\u00e1\u0159\u00ed optim\u00e1ln\u00ed pracovn\u00ed podm\u00ednky adekv\u00e1tn\u00ed k va\u0161emu zdravotn\u00edmu stavu a pracovn\u00ed \u010dinnost je natolik nen\u00e1ro\u010dn\u00e1, \u017ee jste schopen i p\u0159i dan\u00e9m sn\u00ed\u017een\u00e9m pracovn\u00edm potenci\u00e1lu a zohledn\u011bn\u00ed posudku o invalidit\u011b vykon\u00e1vat pr\u00e1ci 8 hodin denn\u011b, pak by jist\u011b posudkov\u00fd l\u00e9ka\u0159 m\u011bl toto p\u0159i p\u0159\u00edpadn\u00e9m p\u0159ezkumu vz\u00edt v \u00favahu. Je v\u0161ak t\u0159eba takov\u00e9 odborn\u00e9 stanovisko pracovn\u00edho l\u00e9ka\u0159e m\u00edt p\u00edsemn\u011b. Ostatn\u011b v r\u00e1mci vstupn\u00ed zdravotn\u00ed prohl\u00eddky by m\u011bl z\u00e1vodn\u00ed nebo pracovn\u00ed l\u00e9ka\u0159 posoudit, zda jste schopen vzhledem ke sv\u00e9mu zdravotn\u00edmu omezen\u00ed pr\u00e1ci vykon\u00e1vat v dan\u00e9m rozsahu.<\/p>\n<p>redakce invArena<\/p>\n<p>&nbsp;<\/p>\n<p>&nbsp;<\/p>\n<p>&nbsp;<\/p>\n<p>&nbsp;<\/p>\n","protected":false},"excerpt":{"rendered":"<div class=\"mh-excerpt\"><p>DOTAZ: Mohu s inval. d\u016fchodem II. stupn\u011b pracovat 8 hod. denn\u011b, pokud mi to l\u00e9ka\u0159 nezak\u00e1zal, a mohu si vyd\u011blat neomezenou \u010d\u00e1stku? Jde o ostrahu <a class=\"mh-excerpt-more\" href=\"https:\/\/www.invarena.cz\/?p=32115\" title=\"M\u00e1m 2. stupe\u0148 invalidity. Mohu pracovat na pln\u00fd \u00favazek?\">[&#8230;]<\/a><\/p>\n<\/div>","protected":false},"author":1,"featured_media":22850,"comment_status":"open","ping_status":"closed","sticky":false,"template":"","format":"standard","meta":{"footnotes":""},"categories":[18],"tags":[],"class_list":["post-32115","post","type-post","status-publish","format-standard","has-post-thumbnail","hentry","category-poradna"],"_links":{"self":[{"href":"https:\/\/www.invarena.cz\/index.php?rest_route=\/wp\/v2\/posts\/32115","targetHints":{"allow":["GET"]}}],"collection":[{"href":"https:\/\/www.invarena.cz\/index.php?rest_route=\/wp\/v2\/posts"}],"about":[{"href":"https:\/\/www.invarena.cz\/index.php?rest_route=\/wp\/v2\/types\/post"}],"author":[{"embeddable":true,"href":"https:\/\/www.invarena.cz\/index.php?rest_route=\/wp\/v2\/users\/1"}],"replies":[{"embeddable":true,"href":"https:\/\/www.invarena.cz\/index.php?rest_route=%2Fwp%2Fv2%2Fcomments&post=32115"}],"version-history":[{"count":0,"href":"https:\/\/www.invarena.cz\/index.php?rest_route=\/wp\/v2\/posts\/32115\/revisions"}],"wp:featuredmedia":[{"embeddable":true,"href":"https:\/\/www.invarena.cz\/index.php?rest_route=\/wp\/v2\/media\/22850"}],"wp:attachment":[{"href":"https:\/\/www.invarena.cz\/index.php?rest_route=%2Fwp%2Fv2%2Fmedia&parent=32115"}],"wp:term":[{"taxonomy":"category","embeddable":true,"href":"https:\/\/www.invarena.cz\/index.php?rest_route=%2Fwp%2Fv2%2Fcategories&post=32115"},{"taxonomy":"post_tag","embeddable":true,"href":"https:\/\/www.invarena.cz\/index.php?rest_route=%2Fwp%2Fv2%2Ftags&post=32115"}],"curies":[{"name":"wp","href":"https:\/\/api.w.org\/{rel}","templated":true}]}}