{"id":32133,"date":"2019-08-27T15:46:50","date_gmt":"2019-08-27T13:46:50","guid":{"rendered":"http:\/\/www.invarena.cz\/?p=32133"},"modified":"2019-08-27T15:46:50","modified_gmt":"2019-08-27T13:46:50","slug":"hokejovy-zapas-pomohl-tezce-postizene-holcicce","status":"publish","type":"post","link":"https:\/\/www.invarena.cz\/?p=32133","title":{"rendered":"Hokejov\u00fd z\u00e1pas pomohl t\u011b\u017ece posti\u017een\u00e9 hol\u010di\u010dce"},"content":{"rendered":"<p><strong>Z\u00e1chran\u00e1\u0159i Pardubick\u00e9ho kraje se v sobotu utkali s pardubick\u00fdmi str\u00e1\u017en\u00edky v ledn\u00edm hokeji. C\u00edlem benefi\u010dn\u00edho z\u00e1pasu bylo podpo\u0159it p\u011btiletou Eli\u0161ku ze Sv\u00edtkova, kter\u00e1 trp\u00ed t\u011b\u017ek\u00fdm autismem, konkr\u00e9tn\u011b atypickou formou Rettova syndromu.<\/strong> <!--more--><\/p>\n<p>Pardubice \u2013 Z\u00e1chran\u00e1\u0159i p\u0159ehr\u00e1li str\u00e1\u017en\u00edky v\u00fdsledkem 9:6, pro organiz\u00e1tory akce ale bylo d\u016fle\u017eit\u011bj\u0161\u00ed jin\u00e9 sk\u00f3re. D\u00edky dobrovoln\u00fdm p\u0159\u00edsp\u011bvk\u016fm div\u00e1k\u016f se b\u011bhem utk\u00e1n\u00ed poda\u0159ilo vybrat 40 624 korun, dal\u0161\u00edch 10 tis\u00edc korun p\u0159isp\u011bli lid\u00e9 na transparentn\u00ed \u00fa\u010det Nad\u011bje pro Eli\u0161ku.<\/p>\n<p>V\u00fdt\u011b\u017eek na konci z\u00e1pasu obdr\u017eela Eli\u0161\u010dina rodina. &#8222;Sice bude na na\u0161i p\u00e9\u010di cel\u00fd \u017eivot odk\u00e1zan\u00e1, ale ud\u011bl\u00e1me v\u0161e pro to, aby m\u011bla kr\u00e1sn\u00fd a spokojen\u00fd \u017eivot a byla \u0161\u0165astn\u00e1,&#8220; uvedli rodi\u010de Eli\u0161ky.<\/p>\n<p>Kv\u016fli vz\u00e1cn\u00e9mu genetick\u00e9mu onemocn\u011bn\u00ed m\u00e1 Eli\u0161ka probl\u00e9my s p\u0159\u00edjmem potravy, trp\u00ed epileptick\u00fdmi z\u00e1chvaty, skoli\u00f3zou, apraxi\u00ed a \u0159adou dal\u0161\u00edch zdravotn\u00edch pot\u00ed\u017e\u00ed.<\/p>\n<p>V t\u00fdmu m\u011bstsk\u00e9 policie nastoupil tak\u00e9 prim\u00e1tor Martin Charv\u00e1t nebo policejn\u00ed prezident Jan \u0160vejdar.<\/p>\n<p>Pardubick\u00fd den\u00edk<br \/>\n<a href=\"http:\/\/pardubicky.denik.cz\/\" rel=\"noopener\" target=\"_blank\">http:\/\/pardubicky.denik.cz\/<\/a><\/p>\n","protected":false},"excerpt":{"rendered":"<div class=\"mh-excerpt\"><p>Z\u00e1chran\u00e1\u0159i Pardubick\u00e9ho kraje se v sobotu utkali s pardubick\u00fdmi str\u00e1\u017en\u00edky v ledn\u00edm hokeji. C\u00edlem benefi\u010dn\u00edho z\u00e1pasu bylo podpo\u0159it p\u011btiletou Eli\u0161ku ze Sv\u00edtkova, kter\u00e1 trp\u00ed t\u011b\u017ek\u00fdm <a class=\"mh-excerpt-more\" href=\"https:\/\/www.invarena.cz\/?p=32133\" title=\"Hokejov\u00fd z\u00e1pas pomohl t\u011b\u017ece posti\u017een\u00e9 hol\u010di\u010dce\">[&#8230;]<\/a><\/p>\n<\/div>","protected":false},"author":1,"featured_media":600,"comment_status":"open","ping_status":"closed","sticky":false,"template":"","format":"standard","meta":{"footnotes":""},"categories":[9],"tags":[],"class_list":["post-32133","post","type-post","status-publish","format-standard","has-post-thumbnail","hentry","category-zpravy"],"_links":{"self":[{"href":"https:\/\/www.invarena.cz\/index.php?rest_route=\/wp\/v2\/posts\/32133","targetHints":{"allow":["GET"]}}],"collection":[{"href":"https:\/\/www.invarena.cz\/index.php?rest_route=\/wp\/v2\/posts"}],"about":[{"href":"https:\/\/www.invarena.cz\/index.php?rest_route=\/wp\/v2\/types\/post"}],"author":[{"embeddable":true,"href":"https:\/\/www.invarena.cz\/index.php?rest_route=\/wp\/v2\/users\/1"}],"replies":[{"embeddable":true,"href":"https:\/\/www.invarena.cz\/index.php?rest_route=%2Fwp%2Fv2%2Fcomments&post=32133"}],"version-history":[{"count":0,"href":"https:\/\/www.invarena.cz\/index.php?rest_route=\/wp\/v2\/posts\/32133\/revisions"}],"wp:featuredmedia":[{"embeddable":true,"href":"https:\/\/www.invarena.cz\/index.php?rest_route=\/wp\/v2\/media\/600"}],"wp:attachment":[{"href":"https:\/\/www.invarena.cz\/index.php?rest_route=%2Fwp%2Fv2%2Fmedia&parent=32133"}],"wp:term":[{"taxonomy":"category","embeddable":true,"href":"https:\/\/www.invarena.cz\/index.php?rest_route=%2Fwp%2Fv2%2Fcategories&post=32133"},{"taxonomy":"post_tag","embeddable":true,"href":"https:\/\/www.invarena.cz\/index.php?rest_route=%2Fwp%2Fv2%2Ftags&post=32133"}],"curies":[{"name":"wp","href":"https:\/\/api.w.org\/{rel}","templated":true}]}}