{"id":32143,"date":"2019-08-29T12:26:34","date_gmt":"2019-08-29T10:26:34","guid":{"rendered":"http:\/\/www.invarena.cz\/?p=32143"},"modified":"2019-08-29T12:26:34","modified_gmt":"2019-08-29T10:26:34","slug":"charita-slavi-tricatiny-a-stehuje-strediska","status":"publish","type":"post","link":"https:\/\/www.invarena.cz\/?p=32143","title":{"rendered":"Charita slav\u00ed t\u0159ic\u00e1tiny a st\u011bhuje st\u0159ediska"},"content":{"rendered":"<p><strong>Ke sv\u00fdm kulat\u00fdm narozenin\u00e1m dostala Charita Opava s p\u0159isp\u011bn\u00edm Biskupstv\u00ed ostravsko-opavsk\u00e9ho d\u00e1rek v podob\u011b \u010d\u00e1sti rozs\u00e1hl\u00e9ho are\u00e1lu b\u00fdval\u00e9 Strojn\u00ed a traktorov\u00e9 stanice v ulici P\u0159emyslovc\u016f v Jakta\u0159i.<\/strong> <!--more--><\/p>\n<p><em>ilustra\u010dn\u00ed foto<\/em><\/p>\n<p>Opava \u2013 Postupn\u011b tam p\u0159em\u00edst\u00ed v\u0161echny sv\u00e9 chr\u00e1n\u011bn\u00e9 d\u00edlny. Velk\u00e1 kapacita are\u00e1lu umo\u017en\u00ed i dal\u0161\u00ed rozvoj zam\u011bstn\u00e1v\u00e1n\u00ed zdravotn\u011b handicapovan\u00fdch, kter\u00e9mu dosud br\u00e1nily nedostate\u010dn\u00e9 prostory.<\/p>\n<p>Jako prvn\u00ed se do nov\u00e9ho are\u00e1lu, na jeho\u017e rekonstrukci se ji\u017e intenzivn\u011b pracuje, p\u0159est\u011bhovala v srpnu z Velk\u00fdch Ho\u0161tic \u010d\u00e1st Chr\u00e1n\u011bn\u00e9 technick\u00e9 d\u00edlny. Doch\u00e1z\u00ed t\u00edm ke sn\u00ed\u017een\u00ed dopadu \u010dinnosti tohoto st\u0159ediska, kter\u00e9 zpracov\u00e1v\u00e1 p\u0159ev\u00e1\u017en\u011b elektroodpad, na okoln\u00ed z\u00e1stavbu. &#8222;P\u0159esun bude dokon\u010den\u00fd koncem \u010dervna 2020 a do t\u00e9 doby bude \u010dinnost d\u00edlny prob\u00edhat na obou m\u00edstech sou\u010dasn\u011b,&#8220; \u0159\u00edk\u00e1 charitn\u00ed mluv\u010d\u00ed Ivo Mludek.<\/p>\n<p>Do t\u00e9 doby m\u00e1 Charita Opava ambice p\u0159est\u011bhovat do opraven\u00fdch prostor z Jakta\u0159e i cel\u00e9 Chr\u00e1n\u011bn\u00e9 d\u00edlny sv. Josefa a \u010d\u00e1st Chr\u00e1n\u011bn\u00e9 d\u00edlny Vla\u0161tovi\u010dky. Do n\u011bkolikapatrov\u00e9 administrativn\u00ed budovy se z Opavy a Vla\u0161tovi\u010dek po rekonstrukci p\u0159est\u011bhuj\u00ed \u0161ic\u00ed, tkac\u00ed, vy\u0161\u00edvac\u00ed a keramick\u00e1 d\u00edlna i pracovi\u0161t\u011b grav\u00edrov\u00e1n\u00ed a s\u00edtotisku. Do \u010dty\u0159hal\u00ed se krom\u011b jakta\u0159sk\u00e9 Chr\u00e1n\u011bn\u00e9 technick\u00e9 d\u00edlny p\u0159esune je\u0161t\u011b kompleta\u010dn\u00ed d\u00edlna Chr\u00e1n\u011bn\u00fdch d\u00edlen sv. Josefa.<\/p>\n<p>&#8222;R\u00e1di bychom pod\u011bkovali statut\u00e1rn\u00edmu m\u011bstu Opava za 600 tis\u00edc korun na projektovou dokumentaci k rekonstrukci are\u00e1lu,&#8220; uv\u00e1d\u00ed z\u00e1stupce \u0159editele Charity Opava Tom\u00e1\u0161 Schaffartzik. Nov\u00e9 prostory umo\u017en\u00ed roz\u0161\u00ed\u0159en\u00ed \u010dinnost\u00ed a poskytnut\u00ed pr\u00e1ce pro dal\u0161\u00ed zdravotn\u011b znev\u00fdhodn\u011bn\u00e9, p\u0159esun d\u00edlen dovol\u00ed p\u0159eskupit nebo roz\u0161\u00ed\u0159it aktivity dal\u0161\u00edch st\u0159edisek Charity Opava. V\u00edce prostoru pro zlep\u0161en\u00ed z\u00e1zem\u00ed dostane nap\u0159\u00edklad jakta\u0159sk\u00e9 Wellness centrum nebo soci\u00e1ln\u011b terapeutick\u00e1 d\u00edlna Radost, kter\u00e1 bude moci vyhov\u011bt popt\u00e1vce a nav\u00fd\u0161it kapacitu pro ment\u00e1ln\u011b posti\u017een\u00e9 klienty.<\/p>\n<p>&#8222;Tento odv\u00e1\u017en\u00fd projekt p\u0159inese Opavsku hned n\u011bkolik pozitiv. P\u0159isp\u011bje k rekonstrukci zanedban\u00e9 \u010d\u00e1sti Strojn\u00ed traktorov\u00e9 stanice, pom\u016f\u017ee n\u00e1m zam\u011bstn\u00e1vat je\u0161t\u011b v\u00edce osob znev\u00fdhodn\u011bn\u00fdch na trhu pr\u00e1ce a bude m\u00edt i nezanedbateln\u00fd ekologick\u00fd p\u0159\u00ednos,&#8220; dod\u00e1v\u00e1 \u0159editel Charity Opava Jan Hanu\u0161.<\/p>\n<p>JITKA HRU\u0160KOV\u00c1<br \/>\nOpavsk\u00fd a Hlu\u010d\u00ednsk\u00fd den\u00edk<br \/>\n<a href=\"http:\/\/www.opavsky.denik.cz\/\" target=\"_blank\" rel=\"noopener noreferrer\">http:\/\/www.opavsky.denik.cz\/<\/a><\/p>\n","protected":false},"excerpt":{"rendered":"<div class=\"mh-excerpt\"><p>Ke sv\u00fdm kulat\u00fdm narozenin\u00e1m dostala Charita Opava s p\u0159isp\u011bn\u00edm Biskupstv\u00ed ostravsko-opavsk\u00e9ho d\u00e1rek v podob\u011b \u010d\u00e1sti rozs\u00e1hl\u00e9ho are\u00e1lu b\u00fdval\u00e9 Strojn\u00ed a traktorov\u00e9 stanice v ulici P\u0159emyslovc\u016f <a class=\"mh-excerpt-more\" href=\"https:\/\/www.invarena.cz\/?p=32143\" title=\"Charita slav\u00ed t\u0159ic\u00e1tiny a st\u011bhuje st\u0159ediska\">[&#8230;]<\/a><\/p>\n<\/div>","protected":false},"author":1,"featured_media":2927,"comment_status":"open","ping_status":"closed","sticky":false,"template":"","format":"standard","meta":{"footnotes":""},"categories":[9],"tags":[],"class_list":["post-32143","post","type-post","status-publish","format-standard","has-post-thumbnail","hentry","category-zpravy"],"_links":{"self":[{"href":"https:\/\/www.invarena.cz\/index.php?rest_route=\/wp\/v2\/posts\/32143","targetHints":{"allow":["GET"]}}],"collection":[{"href":"https:\/\/www.invarena.cz\/index.php?rest_route=\/wp\/v2\/posts"}],"about":[{"href":"https:\/\/www.invarena.cz\/index.php?rest_route=\/wp\/v2\/types\/post"}],"author":[{"embeddable":true,"href":"https:\/\/www.invarena.cz\/index.php?rest_route=\/wp\/v2\/users\/1"}],"replies":[{"embeddable":true,"href":"https:\/\/www.invarena.cz\/index.php?rest_route=%2Fwp%2Fv2%2Fcomments&post=32143"}],"version-history":[{"count":0,"href":"https:\/\/www.invarena.cz\/index.php?rest_route=\/wp\/v2\/posts\/32143\/revisions"}],"wp:featuredmedia":[{"embeddable":true,"href":"https:\/\/www.invarena.cz\/index.php?rest_route=\/wp\/v2\/media\/2927"}],"wp:attachment":[{"href":"https:\/\/www.invarena.cz\/index.php?rest_route=%2Fwp%2Fv2%2Fmedia&parent=32143"}],"wp:term":[{"taxonomy":"category","embeddable":true,"href":"https:\/\/www.invarena.cz\/index.php?rest_route=%2Fwp%2Fv2%2Fcategories&post=32143"},{"taxonomy":"post_tag","embeddable":true,"href":"https:\/\/www.invarena.cz\/index.php?rest_route=%2Fwp%2Fv2%2Ftags&post=32143"}],"curies":[{"name":"wp","href":"https:\/\/api.w.org\/{rel}","templated":true}]}}