{"id":32218,"date":"2019-04-12T10:08:43","date_gmt":"2019-04-12T08:08:43","guid":{"rendered":"http:\/\/www.invarena.cz\/?p=32218"},"modified":"2019-09-16T10:56:12","modified_gmt":"2019-09-16T08:56:12","slug":"zdravotne-postizeni-dostavaji-pokuty-v-modrych-zonach","status":"publish","type":"post","link":"https:\/\/www.invarena.cz\/?p=32218","title":{"rendered":"Zdravotn\u011b posti\u017een\u00ed dost\u00e1vaj\u00ed pokuty v modr\u00fdch z\u00f3n\u00e1ch"},"content":{"rendered":"<p><strong>Chceme parkovat na modr\u00fdch z\u00f3n\u00e1ch, to vzkazuj\u00ed zdravotn\u011b posti\u017een\u00ed pra\u017esk\u00e9mu magistr\u00e1tu. Vyhrazen\u00fdch m\u00edst je m\u00e1lo, jsou na \u0161patn\u00fdch m\u00edstech a \u010dasto na nich parkuj\u00ed auta, kter\u00e1 tam nemaj\u00ed co d\u011blat. Zdravotn\u011b posti\u017een\u00ed pak kv\u016fli bezohledn\u00fdm \u0159idi\u010d\u016fm mus\u00ed parkovat mimo sv\u00e1 vyhrazen\u00e1 m\u00edsta a dost\u00e1vaj\u00ed pokuty. Report\u00e1\u017e televize Prima.<\/strong><!--more--><\/p>\n<p>redaktor<br \/>\nTento modr\u00fd komb\u00edk je uk\u00e1zkov\u00fdm p\u0159\u00edkladem. Bez jak\u00e9hokoliv povolen\u00ed zab\u00edr\u00e1 aktu\u00e1ln\u011b jedno ze dvou m\u00edst pro invalidy v K\u0159emencov\u00e9 ulici v centru m\u011bsta.<\/p>\n<p>Marie DIVI\u0160OV\u00c1, pokutovan\u00e1 voz\u00ed\u010dk\u00e1\u0159ka<br \/>\nV\u011bt\u0161inou tady stoj\u00ed auta, kter\u00fd nesm\u00ed tady st\u00e1t, \u017ee nejsou voz\u00ed\u010dk\u00e1\u0159i. Prost\u011b jsou to nezodpov\u011bdn\u00fd lidi. Nem\u011blo by to b\u00fdt. M\u011bli by b\u00fdt oni trestan\u00fd ne j\u00e1.<\/p>\n<p>redaktor<br \/>\nOpravdu je tady takov\u00fd paradox, zat\u00edmco pseudoinvalid\u00e9 \u010dasto pokutu nedostanou, invalid\u00e9 parkuj\u00edc\u00ed z donucen\u00ed na modr\u00fdch z\u00f3n\u00e1ch ano. Kolik jste takhle mohla zaplatit v Praze?<\/p>\n<p>Marie DIVI\u0160OV\u00c1,<br \/>\nHodn\u011b. Ne\u0159eknu v\u00e1m to, nemam album na to, ale platila jsem hodn\u011b.<\/p>\n<p>redaktor<br \/>\nTak\u017ee tis\u00edce u\u017e t\u0159eba?<\/p>\n<p>Marie DIVI\u0160OV\u00c1,<br \/>\nTis\u00edce ano, to ur\u010dit\u011b.<\/p>\n<p>redaktor<br \/>\nSituace se je\u0161t\u011b zhor\u0161ila syst\u00e9mem kontroly, zat\u00edmco d\u0159\u00edve mohl m\u011bstsk\u00fd str\u00e1\u017en\u00edk zdravotn\u011b posti\u017een\u00e9mu parkuj\u00edc\u00edmu na modr\u00e9 z\u00f3n\u011b odpustit, nov\u00e1 monitorovac\u00ed voz\u00edtka se nikoho na nic neptaj\u00ed.<\/p>\n<p>V\u00e1clav KR\u00c1SA, p\u0159edseda N\u00e1rodn\u00ed rady osob se zdravotn\u00edm posti\u017een\u00edm<br \/>\nA my bychom pot\u0159ebovali, aby byl registr lid\u00ed, kte\u0159\u00ed maj\u00ed pr\u016fkaz ZTP, ZTP\/P a parkovac\u00ed pr\u016fkaz, u toho vozidla, jak jezd\u00ed po Praze a zji\u0161\u0165uj\u00ed, zda n\u011bkdo parkuje neopr\u00e1vn\u011bn\u011b na n\u011bjak\u00e9m m\u00edst\u011b, tak, aby m\u011bli v tom syst\u00e9mu zapracov\u00e1no, \u017ee auto s touto st\u00e1tn\u00ed pozn\u00e1vac\u00ed zna\u010dkou m\u016f\u017ee parkovat v modr\u00fd z\u00f3n\u011b.<\/p>\n<p>moder\u00e1tor<br \/>\nPoslouchali jste, \u0159e\u0161en\u00ed se zd\u00e1 b\u00fdt jednoduch\u00e9, jen\u017ee o zm\u011bnu se zdravotn\u011b posti\u017een\u00ed v Praze sna\u017e\u00ed u\u017e 2 roky. Tak pro\u010d to nejde?<\/p>\n<p>Petr HORSK\u00dd, \u010cesk\u00e1 parkovac\u00ed asociace<br \/>\nOno to prost\u011b nejde, proto\u017ee pokud m\u00e1m tu karti\u010dku, \u017ee mam ten symbol, tu kartu, tak j\u00e1 to m\u016f\u017eu pou\u017e\u00edt v jak\u00e9mkoliv vozidle. J\u00e1 m\u016f\u017eu zastavit jak\u00e9koliv vozidlo na ulici. Opravdu ta karta je p\u0159enosn\u00e1, a to prost\u011b nikdo nedok\u00e1\u017ee.<\/p>\n<p>redaktor<br \/>\nZdravotn\u011b posti\u017een\u00ed p\u0159esto horuj\u00ed za zm\u011bnu syst\u00e9mu. Nam\u00edtaj\u00ed, \u017ee z\u00e1kon o z\u00e1kazu st\u00e1n\u00ed v modr\u00fdch z\u00f3n\u00e1ch nic ne\u0159\u00edk\u00e1 a jde \u010dist\u011b o rozhodnut\u00ed Prahy.<\/p>\n<p>Tade\u00e1\u0161 PROVAZN\u00cdK, tiskov\u00fd mluv\u010d\u00ed Magistr\u00e1tu hl. m. Prahy<br \/>\nProb\u011bhlo jedn\u00e1n\u00ed. N\u00e1sledn\u011b jsme jim odeslali email s t\u00edm, jak se sou\u010dasn\u00e1 situace m\u00e1 s t\u00edm, \u017ee jsme p\u0159ipraveni v\u00e9st diskusi o dal\u0161\u00edch mo\u017en\u00fdch \u00faprav\u00e1ch a v\u00fdjimk\u00e1ch.<\/p>\n<p>redaktor<br \/>\nA \u017ee by zm\u011bna pot\u0159eba byla, vid\u00ed radn\u00ed p\u0159\u00edmo ze sv\u00fdch oken. P\u0159ed budovou pra\u017esk\u00e9ho magistr\u00e1tu jsou p\u0159esn\u011b 3 m\u00edsta pro zdravotn\u011b posti\u017een\u00e9. Jedno aktu\u00e1ln\u011b neobsazen\u00e9, na jednom stoj\u00ed auto s povolen\u00edm a toto m\u00edsto za n\u00e1mi obsadil belgick\u00fd turista.<\/p>\n<div id=\"divDocFoot\"><\/div>\n","protected":false},"excerpt":{"rendered":"<div class=\"mh-excerpt\"><p>Chceme parkovat na modr\u00fdch z\u00f3n\u00e1ch, to vzkazuj\u00ed zdravotn\u011b posti\u017een\u00ed pra\u017esk\u00e9mu magistr\u00e1tu. Vyhrazen\u00fdch m\u00edst je m\u00e1lo, jsou na \u0161patn\u00fdch m\u00edstech a \u010dasto na nich parkuj\u00ed auta, <a class=\"mh-excerpt-more\" href=\"https:\/\/www.invarena.cz\/?p=32218\" title=\"Zdravotn\u011b posti\u017een\u00ed dost\u00e1vaj\u00ed pokuty v modr\u00fdch z\u00f3n\u00e1ch\">[&#8230;]<\/a><\/p>\n<\/div>","protected":false},"author":1,"featured_media":9099,"comment_status":"open","ping_status":"closed","sticky":false,"template":"","format":"standard","meta":{"footnotes":""},"categories":[7],"tags":[],"class_list":["post-32218","post","type-post","status-publish","format-standard","has-post-thumbnail","hentry","category-spolecnost"],"_links":{"self":[{"href":"https:\/\/www.invarena.cz\/index.php?rest_route=\/wp\/v2\/posts\/32218","targetHints":{"allow":["GET"]}}],"collection":[{"href":"https:\/\/www.invarena.cz\/index.php?rest_route=\/wp\/v2\/posts"}],"about":[{"href":"https:\/\/www.invarena.cz\/index.php?rest_route=\/wp\/v2\/types\/post"}],"author":[{"embeddable":true,"href":"https:\/\/www.invarena.cz\/index.php?rest_route=\/wp\/v2\/users\/1"}],"replies":[{"embeddable":true,"href":"https:\/\/www.invarena.cz\/index.php?rest_route=%2Fwp%2Fv2%2Fcomments&post=32218"}],"version-history":[{"count":0,"href":"https:\/\/www.invarena.cz\/index.php?rest_route=\/wp\/v2\/posts\/32218\/revisions"}],"wp:featuredmedia":[{"embeddable":true,"href":"https:\/\/www.invarena.cz\/index.php?rest_route=\/wp\/v2\/media\/9099"}],"wp:attachment":[{"href":"https:\/\/www.invarena.cz\/index.php?rest_route=%2Fwp%2Fv2%2Fmedia&parent=32218"}],"wp:term":[{"taxonomy":"category","embeddable":true,"href":"https:\/\/www.invarena.cz\/index.php?rest_route=%2Fwp%2Fv2%2Fcategories&post=32218"},{"taxonomy":"post_tag","embeddable":true,"href":"https:\/\/www.invarena.cz\/index.php?rest_route=%2Fwp%2Fv2%2Ftags&post=32218"}],"curies":[{"name":"wp","href":"https:\/\/api.w.org\/{rel}","templated":true}]}}