{"id":32219,"date":"2019-03-27T09:48:14","date_gmt":"2019-03-27T08:48:14","guid":{"rendered":"http:\/\/www.invarena.cz\/?p=32219"},"modified":"2019-09-16T10:55:29","modified_gmt":"2019-09-16T08:55:29","slug":"pohybovat-se-nemohou-narok-na-pomucky-ale-nemaji","status":"publish","type":"post","link":"https:\/\/www.invarena.cz\/?p=32219","title":{"rendered":"Nemohou se pohybovat, p\u0159esto n\u00e1rok na pom\u016fcky nemaj\u00ed"},"content":{"rendered":"<p><strong>Po\u0159ad \u010cT 1 &#8222;\u010cern\u00e9 ovce&#8220; se zab\u00fdval p\u0159\u00edpady lid\u00ed, kte\u0159\u00ed se nemohou sami pohybovat. P\u0159esto nemaj\u00ed n\u00e1rok na takov\u00e9 pom\u016fcky, kter\u00e9 by jim pomohly. S pevn\u011b stanoven\u00fdmi definicemi posti\u017een\u00ed se ned\u00e1 hnout. Ani s lidmi, kte\u0159\u00ed by je mohli zm\u011bnit.<\/strong><!--more--><\/p>\n<p>&nbsp;<\/p>\n<p>P\u011bta\u0161edes\u00e1tilet\u00e9 matce pan\u00ed B\u0159eznovsk\u00e9 z Podsedic na Lovosicku operovali p\u0159ed \u010dasem n\u00e1dor na mozku a z\u016fstala j\u00ed, krom\u011b jin\u00e9ho, i \u010d\u00e1ste\u010dn\u011b ochrnut\u00e1 noha. Chodit sice mohla o holi, ale p\u0159id\u00e1valy se dal\u0161\u00ed pot\u00ed\u017ee a stav se zhor\u0161oval. A\u017e na podzim lo\u0148sk\u00e9ho roku p\u0159estala chodit \u00fapln\u011b.<\/p>\n<p>Kv\u011bta B\u0158EZNOVSK\u00c1, ochrnut\u00e1<br \/>\n\u0160la jsem na z\u00e1chod a prost\u011b jsem nemohla tam doj\u00edt. A tak jsem spadla.<\/p>\n<p>Marcela B\u0158EZNOVSK\u00c1, dcera pan\u00ed Kv\u011bty B\u0159eznovsk\u00e9<br \/>\nBratr ji na\u0161el doma, kdy nebyla u\u017e schopn\u00e1 ud\u011blat krok, nebyla schopn\u00e1 se postavit. Tak ji zavolal rychlou z\u00e1chrannou slu\u017ebu, ty ji odvezli na neurologii, tam j\u00ed nap\u00edchli kapa\u010dky, \u017ee do\u0161lo k zablokov\u00e1n\u00ed zad.<\/p>\n<p>redaktorka<br \/>\nZ nemocnice se u\u017e ale pan\u00ed B\u0159eznovsk\u00e1 vr\u00e1tila zcela nepohybliv\u00e1.<\/p>\n<p>Marcela B\u0158EZNOVSK\u00c1, dcera pan\u00ed Kv\u011bty B\u0159eznovsk\u00e9<br \/>\nNechodila, nebyla schopn\u00e1 se sama zvednout z postele, obl\u00edknout, prost\u011b nic, byla inkontinen\u010dn\u00ed.<\/p>\n<p>redaktorka<br \/>\nPan\u00ed B\u0159evnovsk\u00e1 zpo\u010d\u00e1tku v\u011b\u0159ila, \u017ee mamince pom\u016f\u017eou rehabilitace ve speci\u00e1ln\u00edm \u00fastavu.<\/p>\n<p>Marcela B\u0158EZNOVSK\u00c1,<br \/>\nN\u00e1m \u0159ekli, z\u00e1zraky ne\u010dekejte. O holi u\u017e nikdy chodit nebude.<\/p>\n<p>redaktorka<br \/>\nPan\u00ed B\u0159ezovsk\u00e1 necht\u011bla d\u00e1t maminku do l\u00e9\u010debny a vzala si ji do dom\u00e1c\u00ed p\u00e9\u010de, a i kdy\u017e bydl\u00ed jen v prvn\u00edm pat\u0159e, cestou ven mus\u00ed zdolat troje schody, co\u017e je pro ni s invalidn\u00edm voz\u00edkem ne\u0159e\u0161iteln\u00fd probl\u00e9m a bezbari\u00e9rov\u00e9 byty v okol\u00ed nejsou.<\/p>\n<p>Marcela B\u0158EZNOVSK\u00c1,<br \/>\nTak\u017ee jsem si za\u017e\u00e1dala o schodi\u0161\u0165ovou seda\u010dku a stropn\u00ed z\u00e1v\u011bs do koupelny a bohu\u017eel mi p\u0159i\u0161la zp\u011btn\u00e1 odpov\u011b\u010f, \u017ee \u017e\u00e1dost je zam\u00edtnuta z d\u016fvodu, \u017ee maminka nespl\u0148uje zdravotn\u00ed posti\u017een\u00ed.<\/p>\n<p>redaktorka<br \/>\nSchodi\u0161\u0165ov\u00fd v\u00fdtah by p\u0159i\u0161el a\u017e na 300 000. Pan\u00ed B\u0159ezovsk\u00e1 si myslela, \u017ee usp\u011bje alespo\u0148 s \u017e\u00e1dost\u00ed o p\u0159\u00edsp\u011bvek na schodolez, kter\u00fd vyjde levn\u011bji, asi na 150 000, ale ani ten nedostala. Sama tolik pen\u011bz nem\u00e1, podobn\u011b jako pan Hradeck\u00fd, o kter\u00e9m jsme vys\u00edlali zhruba p\u0159ed p\u016flrokem. I on \u017e\u00e1dal o p\u0159\u00edsp\u011bvek na schodolez pro svou man\u017eelku, kter\u00e1 je po mrtvici.<\/p>\n<p>Zden\u011bk HRADECK\u00dd, man\u017eel posti\u017een\u00e9 man\u017eelky<br \/>\nByl jsem za revizn\u00ed l\u00e9ka\u0159kou, kter\u00e1 prohl\u00e1sila, \u017ee man\u017eelka nespl\u0148uje podm\u00ednky podle neurologick\u00e9ho n\u00e1lezu, \u017ee na to nem\u00e1 n\u00e1rok, proto\u017ee m\u00e1 ob\u011b kon\u010detiny.<\/p>\n<p>redaktorka<br \/>\nP\u0159esto si nechal pan Hradeck\u00fd schodolez p\u0159edv\u00e9st a vyzkou\u0161el ho. Zjistil, \u017ee by man\u017eelce pomohl dostat se ven a jemu by se ulevilo.<\/p>\n<p>Zden\u011bk HRADECK\u00dd,<br \/>\nJe to pracn\u00fd, proto\u017ee j\u00ed vodim takhle, jo ka\u017edou chvilku u toho mus\u00edm d\u00e1vat pozor, proto\u017ee pad\u00e1 dozadu. T\u00edm postupuj\u00edc\u00edm v\u011bkem prost\u011b mus\u00edm p\u0159iznat, \u017ee \u010dlov\u011bk ztr\u00e1c\u00ed ty s\u00edly.<\/p>\n<p>redaktorka<br \/>\nA podobn\u011b t\u011b\u017ek\u00e9 to m\u00e1 i pan\u00ed B\u0159ezovsk\u00e1.<\/p>\n<p>Marcela B\u0158EZNOVSK\u00c1, dcera pan\u00ed Kv\u011bty B\u0159eznovsk\u00e9<br \/>\nKdy\u017e ta maminka prost\u011b nem\u016f\u017ee, nem\u016f\u017ee bez pomoci druh\u00fd osoby sej\u00edt schody, nem\u016f\u017ee po byt\u011b se pohybovat, nem\u016f\u017ee sama vykoupat se, nem\u016f\u017eete sama naj\u00edst. Tak kde je rozd\u00edl mezi t\u00edm st\u0159edn\u011b t\u011b\u017ek\u00fdm posti\u017een\u00edm a t\u00edm t\u011b\u017ek\u00fdm posti\u017een\u00edm.<\/p>\n<p>redaktorka<br \/>\nTaky n\u00e1s zaj\u00edmalo a \u0161li jsme se zeptat na spr\u00e1vu soci\u00e1ln\u00edho zabezpe\u010den\u00ed, pod n\u00ed\u017e posudkov\u00ed l\u00e9ka\u0159i pat\u0159\u00ed. Pro\u010d v takov\u00fdch p\u0159\u00edpadech nemaj\u00ed lid\u00e9 na p\u0159\u00edsp\u011bvek na zdravotn\u00ed pom\u016fcku n\u00e1rok.<\/p>\n<p>Jana BURA\u0147OV\u00c1, mluv\u010d\u00ed, \u010cesk\u00e1 spr\u00e1va soci\u00e1ln\u00edho zabezpe\u010den\u00ed<br \/>\nPokud se jedn\u00e1 o nefunk\u010dnost kon\u010detin, tak mus\u00ed b\u00fdt spln\u011bny tyto podm\u00ednky. Mus\u00ed tam b\u00fdt t\u011b\u017ek\u00e1 vada nosn\u00e9ho nebo pohybov\u00e9ho \u00fastroj\u00ed. A sou\u010dasn\u011b ten dan\u00fd ob\u010dan nesm\u00ed m\u00edt takov\u00e9 zdravotn\u00ed omezen\u00ed, kter\u00e9 vylu\u010duje p\u0159izn\u00e1n\u00ed tohoto p\u0159\u00edsp\u011bvku.<\/p>\n<p>Marcela B\u0158EZNOVSK\u00c1,<br \/>\nTa prav\u00e1 noha dneska u\u017e teda nefunguje prakticky v\u016fbec, ta u\u017e jenom funguje, \u017ee prost\u011b, kdy\u017e maminku postav\u00edme na to podp\u016frn\u00fd chod\u00edtko, tak\u017ee vlastn\u011b jenom j\u00ed jakoby.. T\u00edm, \u017ee na to mysl\u00ed, tak tu nohu jenom jakoby dotahuje.<\/p>\n<p>redaktorka<br \/>\nKdy\u017e \u010dlov\u011bk nem\u016f\u017ee chodit, tak nem\u00e1 t\u011b\u017ekou poruchu doln\u00edch kon\u010detin?<\/p>\n<p>Jana BURA\u0147OV\u00c1,<br \/>\nJak jsem \u0159\u00edkala, nen\u00ed to o poru\u0161e doln\u00edch kon\u010detin, je to o tom, \u017ee tam mus\u00ed b\u00fdt t\u011b\u017ek\u00e1 vada pohybov\u00e9ho nebo nosn\u00e9ho \u00fastroj\u00ed.<\/p>\n<p>redaktorka<br \/>\nNo a co to je?<\/p>\n<p>Jana BURA\u0147OV\u00c1,<br \/>\nTo je cel\u00fd apar\u00e1t, kter\u00fd vlastn\u011b zaji\u0161\u0165uje funk\u010dnost kon\u010detin jako takov\u00fdch.<\/p>\n<p>redaktorka<br \/>\nA ty kon\u010detiny jsou nefunk\u010dn\u00ed. Ty \u017eeny nem\u016f\u017eou chodit.<\/p>\n<p>Jana BURA\u0147OV\u00c1,<br \/>\nOpravdu ten z\u00e1kon v t\u00e9to sou\u010dasn\u00e9 podob\u011b taxativn\u011b vymezuje, kter\u00e1 ta omezen\u00ed mohou zaru\u010dit p\u0159izn\u00e1n\u00ed p\u0159\u00edsp\u011bvku na zvl\u00e1\u0161tn\u00ed pom\u016fcku.<\/p>\n<p>V\u00e1clav KR\u00c1SA, p\u0159edseda, N\u00e1rodn\u00ed rada osob se zdravotn\u00edm posti\u017een\u00edm \u010cR<br \/>\nP\u0159ece nem\u016f\u017ee n\u011bkdo tvrdit, \u017ee ty se\u0161 nepohybliv\u00fd, ale proto\u017ee nejsi vyjmenov\u00e1n v t\u00e9 p\u0159\u00edloze, tak nem\u00e1\u0161 n\u00e1rok na to, aby si se nedostal v\u016fbec ven. Nikdy neud\u011bl\u00e1me kone\u010dn\u00fd v\u00fd\u010det t\u011bch diagn\u00f3z, tak si mysl\u00edm, \u017ee se mus\u00edme sp\u00ed\u0161 bavit, jak to, \u0159ekn\u011bme, ur\u010dit aspo\u0148 v n\u011bkter\u00fdch p\u0159\u00edpadech, n\u011bjakej ten minim\u00e1ln\u00ed standard a minim\u00e1ln\u00ed standardy je nepochybn\u011b to, \u017ee jsem schopen se dostat ze sv\u00e9ho bytu ven bez pomoci hasi\u010d\u016f, t\u0159eba kdy\u017e by m\u011b nesli.<\/p>\n<p>redaktorka<br \/>\nPan\u00ed B\u0159ezovsk\u00e1 ale maminku ven sama nedostane.<\/p>\n<p>Marcela B\u0158EZNOVSK\u00c1,<br \/>\nV\u0161ude, na v\u0161ech str\u00e1nk\u00e1ch o t\u011bchhle t\u011bch invalidech p\u00ed\u0161ou, \u017ee je pro n\u011b d\u016fle\u017eit\u00fd za\u0159adit je do b\u011b\u017en\u00e9ho \u017eivota. Pro n\u00e1s je te\u010f moment\u00e1ln\u011b probl\u00e9m i n\u00e1v\u0161t\u011bva l\u00e9ka\u0159e.<\/p>\n<p>redaktorka<br \/>\nPan\u00ed B\u0159eznovsk\u00e1 i pan Hradeck\u00fd se proti zam\u00edtnut\u00ed p\u0159\u00edsp\u011bvku odvolali a jejich odvol\u00e1n\u00ed te\u010f bude posuzovat komise Ministerstva pr\u00e1ce asoci\u00e1ln\u00edch v\u011bc\u00ed, a tak jsme ministerstvo oslovili podle \u010deho postupuj\u00ed.<\/p>\n<p>Kate\u0159ina JIRKOV\u00c1, zastupuj\u00edc\u00ed n\u00e1m\u011bstkyn\u011b ministryn\u011b pr\u00e1ce a soci\u00e1ln\u00edch v\u011bc\u00ed<br \/>\nPokud jde o zdravotn\u00ed podm\u00ednky pro n\u00e1rok na p\u0159\u00edsp\u011bvek na zvl\u00e1\u0161tn\u00ed pom\u016fcku, tak tady je v\u00fdrazn\u00fd limit a ten limit se t\u00fdk\u00e1 rozpo\u010dtov\u00fdch mo\u017enost\u00ed st\u00e1tn\u00edho rozpo\u010dtu \u010cesk\u00e9 republiky.<\/p>\n<p>redaktorka<br \/>\nJin\u00fdmi slovy nejsou na to pen\u00edze.<\/p>\n<p>Kate\u0159ina JIRKOV\u00c1,<br \/>\nV tuto chv\u00edli si mus\u00edme uv\u011bdomit, \u017ee tyto d\u00e1vky jsou financov\u00e1ny v r\u00e1mci nej\u0161ir\u0161\u00ed spole\u010densk\u00e9 solidarity. A mus\u00ed se opravdu v\u00e1\u017eit, kter\u00e9 zdravotn\u00ed stavy budou za\u0159azeny pro n\u00e1rok na p\u0159\u00edsp\u011bvky na zvl\u00e1\u0161tn\u00ed pom\u016fcku a kter\u00e9 ne, tak, aby to bylo \u00fanosn\u00e9 pro st\u00e1tn\u00ed rozpo\u010det.<\/p>\n<p>V\u00e1clav KR\u00c1SA,<br \/>\nNen\u00ed to o t\u011bch velk\u00fdch pen\u011bz\u00edch. Po\u010det lid\u00ed, kte\u0159\u00ed jsou takhle limitovan\u00fd je omezen\u00fd a mysl\u00edm si, \u017ee ti lid\u00e9 by se m\u011bli br\u00e1nit soudn\u011b a mo\u017en\u00e1 by bylo dobr\u00e9, kdyby to n\u011bkter\u00fd z nich dot\u00e1hl a\u017e t\u0159eba k \u00dastavn\u00edmu soudu, proto\u017ee si mysl\u00edm, \u017ee kdyby to bylo u \u00dastavn\u00edho soudu, tak nepochybn\u011b ti lid\u00e9 vyhraj\u00ed, proto\u017ee to pr\u00e1vo j\u00edt ven, dostat se ven ze sv\u00e9ho bytu, nem\u016f\u017eeme takto omezit.<\/p>\n<p>redaktorka<br \/>\nPan Hradeck\u00fd z na\u0161\u00ed minul\u00e9 report\u00e1\u017ee m\u011bl nakonec \u0161t\u011bst\u00ed. Zcela ned\u00e1vno se p\u0159ece jen do\u010dkal pomoci. Ale odjinud ne\u017e \u010dekal.<\/p>\n<p>Zden\u011bk HRADECK\u00dd,<br \/>\nOzval se mi ob\u010dan, kter\u00fd vid\u011bl po\u0159\u00e1d \u010cern\u00fdch ovc\u00ed v televizi. Nab\u00eddnul mi pou\u017eit\u00fd schodolez, kter\u00fd nepot\u0159eboval. Cht\u011bl bych t\u00edmto pod\u011bkovat \u010cesk\u00e9 televizi po\u0159adu \u010cern\u00e9 ovce, \u017ee mi pomohli k z\u00edsk\u00e1n\u00ed tohoto schodolezu.<\/p>\n<p>redaktorka<br \/>\nJsme r\u00e1di, \u017ee jsme panu Hradeck\u00e9mu pomohli situaci vy\u0159e\u0161it, ale nem\u011bl by v t\u011bchto t\u011b\u017ek\u00fdch p\u0159\u00edpadech pomoci st\u00e1t? Uvid\u00edme, jak rozhodne v p\u0159\u00edpad\u011b pan\u00ed B\u0159eznovsk\u00e9.<\/p>\n<p>Marcela B\u0158EZNOVSK\u00c1,<br \/>\nJsem z toho zoufal\u00e1, proto\u017ee prost\u011b si mysl\u00edm, \u017ee jako nem\u016f\u017ee chodit. Nejde to.\u00a0 je opravdu odk\u00e1zan\u00e1 na to u\u017e celej \u017eivot str\u00e1vit jenom zav\u0159en\u00e1 doma?<\/p>\n<div id=\"divDocFoot\"><\/div>\n","protected":false},"excerpt":{"rendered":"<div class=\"mh-excerpt\"><p>Po\u0159ad \u010cT 1 &#8222;\u010cern\u00e9 ovce&#8220; se zab\u00fdval p\u0159\u00edpady lid\u00ed, kte\u0159\u00ed se nemohou sami pohybovat. P\u0159esto nemaj\u00ed n\u00e1rok na takov\u00e9 pom\u016fcky, kter\u00e9 by jim pomohly. S <a class=\"mh-excerpt-more\" href=\"https:\/\/www.invarena.cz\/?p=32219\" title=\"Nemohou se pohybovat, p\u0159esto n\u00e1rok na pom\u016fcky nemaj\u00ed\">[&#8230;]<\/a><\/p>\n<\/div>","protected":false},"author":1,"featured_media":12118,"comment_status":"open","ping_status":"closed","sticky":false,"template":"","format":"standard","meta":{"footnotes":""},"categories":[7,9],"tags":[],"class_list":["post-32219","post","type-post","status-publish","format-standard","has-post-thumbnail","hentry","category-spolecnost","category-zpravy"],"_links":{"self":[{"href":"https:\/\/www.invarena.cz\/index.php?rest_route=\/wp\/v2\/posts\/32219","targetHints":{"allow":["GET"]}}],"collection":[{"href":"https:\/\/www.invarena.cz\/index.php?rest_route=\/wp\/v2\/posts"}],"about":[{"href":"https:\/\/www.invarena.cz\/index.php?rest_route=\/wp\/v2\/types\/post"}],"author":[{"embeddable":true,"href":"https:\/\/www.invarena.cz\/index.php?rest_route=\/wp\/v2\/users\/1"}],"replies":[{"embeddable":true,"href":"https:\/\/www.invarena.cz\/index.php?rest_route=%2Fwp%2Fv2%2Fcomments&post=32219"}],"version-history":[{"count":0,"href":"https:\/\/www.invarena.cz\/index.php?rest_route=\/wp\/v2\/posts\/32219\/revisions"}],"wp:featuredmedia":[{"embeddable":true,"href":"https:\/\/www.invarena.cz\/index.php?rest_route=\/wp\/v2\/media\/12118"}],"wp:attachment":[{"href":"https:\/\/www.invarena.cz\/index.php?rest_route=%2Fwp%2Fv2%2Fmedia&parent=32219"}],"wp:term":[{"taxonomy":"category","embeddable":true,"href":"https:\/\/www.invarena.cz\/index.php?rest_route=%2Fwp%2Fv2%2Fcategories&post=32219"},{"taxonomy":"post_tag","embeddable":true,"href":"https:\/\/www.invarena.cz\/index.php?rest_route=%2Fwp%2Fv2%2Ftags&post=32219"}],"curies":[{"name":"wp","href":"https:\/\/api.w.org\/{rel}","templated":true}]}}