{"id":32221,"date":"2019-03-23T10:17:04","date_gmt":"2019-03-23T09:17:04","guid":{"rendered":"http:\/\/www.invarena.cz\/?p=32221"},"modified":"2019-09-16T10:54:06","modified_gmt":"2019-09-16T08:54:06","slug":"socialni-system-v-ceske-republice-nepomaha-postizenym-lidem-tak-jak-by-mel","status":"publish","type":"post","link":"https:\/\/www.invarena.cz\/?p=32221","title":{"rendered":"Soci\u00e1ln\u00ed syst\u00e9m v \u010cesk\u00e9 republice nepom\u00e1h\u00e1 posti\u017een\u00fdm lidem tak, jak by m\u011bl"},"content":{"rendered":"<div id=\"divDocBody\">\n<div id=\"divDocMain\">\n<p><strong>Mnoz\u00ed rodi\u010de se mus\u00ed sm\u00ed\u0159it s t\u00edm, \u017ee jejich d\u00edt\u011b je posti\u017een\u00e9. U\u017e tohle pro n\u011b mus\u00ed b\u00fdt velice t\u011b\u017ek\u00e9, ale oni nav\u00edc je\u0161t\u011b bojuj\u00ed se soci\u00e1ln\u00edm syst\u00e9mem, kter\u00fd jim nepom\u00e1h\u00e1, tak jak by m\u011bl. N\u00e1sleduj\u00edc\u00ed p\u0159\u00edpad autistick\u00e9 dcery, jen\u017e uve\u0159ejnila \u010cT 1 v po\u0159adu &#8222;\u010cern\u00e9 ovce&#8220;,\u00a0 to jen potvrzuje.<\/strong><!--more--><\/p>\n<p><em>ilustra\u010dn\u00ed sn\u00edmek Flickr.com\u00a0<\/em><\/p>\n<p>Blanka, maminka Mark\u00e9ty<br \/>\nNejd\u0159\u00edv jsem si myslela, \u017ee, \u017ee je nevychovan\u00e1 popravd\u011b, nebo \u017ee ji \u0161patn\u011b vychov\u00e1v\u00e1me, \u017ee to je sp\u00ed\u0161 moje chyba.<\/p>\n<p>redaktorka<br \/>\nDcera pan\u00ed Blanky z Prahy se narodila jako zdrav\u00e9 d\u00edt\u011b, ale u\u017e v necel\u00e9m roce prod\u011blala prvn\u00ed velk\u00fd epileptick\u00fd z\u00e1chvat.<\/p>\n<p>Blanka,<br \/>\nPotom jsme \u010dasto jezdili do nemocnice. A ty epileptick\u00fd z\u00e1chvaty m\u011bla t\u0159eba 2\u00d7 3\u00d7 t\u00fddn\u011b.<\/p>\n<p>redaktorka<br \/>\nPostupn\u011b se p\u0159id\u00e1valy dal\u0161\u00ed obt\u00ed\u017ee.<\/p>\n<p>Blanka,<br \/>\nMy jsme m\u011bli diagn\u00f3zu ment\u00e1ln\u00ed retardace, proto\u017ee dcera se za\u010dala zpo\u017e\u010fovat a ve dvou a p\u016fl letech j\u00ed byla zji\u0161t\u011bna diagn\u00f3za. A je to rett\u016fv syndrom.<\/p>\n<p>redaktorka<br \/>\nRett\u016fv syndrom je genetick\u00e9 posti\u017een\u00ed, kter\u00e9 se \u0159ad\u00ed do poruch autistick\u00e9ho spektra. Mark\u00e9ta je ob\u010das agresivn\u00ed a jej\u00ed chov\u00e1n\u00ed je \u010dasto nevypo\u010ditateln\u00e9.<\/p>\n<p>Hynek J\u016eN, terapeut probl\u00e9mov\u00e9ho chov\u00e1n\u00ed, NAUTIS<br \/>\nM\u00e1me dosp\u011bl\u00fdho klienta tady v domov\u011b se zvl\u00e1\u0161tn\u00edm re\u017eimem, kter\u00fd bude na ment\u00e1ln\u00ed \u00farovni p\u011bti \u0161esti let, ale z\u00e1rove\u0148 v soci\u00e1ln\u00edm chov\u00e1n\u00ed je na \u00farovni jednolet\u00e9ho d\u00edt\u011bte. Jednolet\u00e9 d\u00edt\u011b kontaktuje jin\u00fd lidi vlastn\u011b\u00a0 agres\u00ed, sna\u017e\u00ed se do nich str\u010dit, bav\u00ed se t\u00edm, \u017ee otv\u00edr\u00e1, zav\u00edr\u00e1 \u0161upl\u00edky, shazuje v\u011bdci ze stolu, co\u017e samoz\u0159ejm\u011b, pokud to jednolet\u00fd d\u00edt\u011b d\u011bl\u00e1, tak to je roztomil\u00fd. Jakmile to za\u010dne d\u011blat \u010dlov\u011bk ve 20 letym t\u011ble, tak pak samoz\u0159ejm\u011b v\u0161ichni ostatn\u00ed kolem n\u011bho maj\u00ed probl\u00e9m.<\/p>\n<p>redaktorka<br \/>\nO tom, \u017ee je probl\u00e9m takov\u00e9 d\u00edt\u011b ohl\u00eddat v\u00ed i asistentka z denn\u00edho stacion\u00e1\u0159e, kter\u00e1 u\u017e m\u00e1 s Mark\u00e9tou zku\u0161enosti.<\/p>\n<p>Romana GOLEJOV\u00c1, asistentka<br \/>\nSe t\u0159eba locht\u00e1me navz\u00e1jem, tak\u017ee se do m\u011b hned pustila, ale \u017ee zase jsme cht\u011bli, aby si sedla, svl\u00edkla se, zula se, tak v n\u00ed vyvolalo prost\u011b velkou emoci, tak\u017ee hned mi za\u010dla tahat vlasy, trhat n\u00e1u\u0161nice, a tak. Tak musel zas\u00e1hnout kolega, aby m\u011b z n\u00ed vyprostil.<\/p>\n<p>Blanka, maminka Mark\u00e9ty<br \/>\nN\u011bkdy si sama ubli\u017euje, \u017ee si d\u00e1v\u00e1 facky a vytrh\u00e1v\u00e1 si tady k\u016f\u017ei, nehtov\u00fd l\u016f\u017eka. Tak\u017ee jako tohleto d\u011bl\u00e1, ob\u010das jakoby stisk\u00e1v\u00e1 ruce nebo tah\u00e1 za vlasy, tah\u00e1 za u\u0161i.<\/p>\n<p>redaktorka<br \/>\nMark\u00e9t\u011b je 20 let. Jej\u00ed maminka Blanka m\u00e1 je\u0161t\u011b dceru Zuzanku a na Mark\u00e9tu je p\u0159ev\u00e1\u017en\u011b sama. Od pond\u011bl\u00ed do p\u00e1tku chod\u00ed Mark\u00e9ta do \u0161koly, kde je od 8 do 1. Pan\u00ed Blanka se kv\u016fli tomu m\u016f\u017ee v\u011bnovat sv\u00e9 pr\u00e1ci p\u0159es den jen \u010d\u00e1ste\u010dn\u011b a \u010dasto ji dokon\u010duje po noc\u00edch. \u0160koln\u00ed doch\u00e1zka ale letos v \u010dervnu kon\u010d\u00ed.<\/p>\n<p>Blanka,<br \/>\nCelkem m\u011b oslovila jedna psycholo\u017eka, kter\u00e1 \u0159\u00edkala vypracujte si pl\u00e1n B, kdy\u017e nebudete zvl\u00e1dat. V\u017edycky se v rodin\u011b n\u011bco m\u016f\u017ee st\u00e1t, p\u0159ijde n\u011bjak\u00e1 nemoc rodi\u010d\u016f, nebo to d\u00edt\u011b bude m\u00edt n\u011bjakou.. prost\u011b bude se hor\u0161it, tak se na to n\u011bjak p\u0159ipravte. V z\u00e1jmu sv\u00fdho p\u0159e\u017eit\u00ed byste si m\u011bli nechat pomoct od st\u00e1tu.<\/p>\n<p>redaktorka<br \/>\nA tak se za\u010dala maminka Mark\u00e9ty zaj\u00edmat o vhodnou soci\u00e1ln\u00ed slu\u017ebu, kter\u00e1 by jej\u00ed dce\u0159i zajistila budoucnost a j\u00ed odleh\u010dila od ka\u017edodenn\u00edch starost\u00ed. Hledala pro n\u00ed t\u00fddenn\u00ed stacion\u00e1\u0159, kde by Mark\u00e9ta mohla b\u00fdt od pond\u011bl\u00ed do p\u00e1tku.<\/p>\n<p>Blanka,<br \/>\nPro skupinu t\u011bchto d\u011bt\u00ed nejsou ani pobytov\u00e9 slu\u017eby, ani nejsou ambulantn\u00ed slu\u017eby, co\u017e je my\u0161leno denn\u00ed stacion\u00e1\u0159, ale nejsou ani ter\u00e9nn\u00ed slu\u017eby, tak\u017ee vlastn\u011b tato skupina je tot\u00e1ln\u011b jako diskriminov\u00e1na, prost\u011b nem\u00e1 nic.<\/p>\n<p>redaktorka<br \/>\nPo sedmi letech hled\u00e1n\u00ed se proto obr\u00e1tila na soci\u00e1ln\u00ed odbor m\u011bstsk\u00e9 \u010d\u00e1sti Praha 17, pod kterou pan\u00ed Blanka s dcerou spad\u00e1.<\/p>\n<p>Blanka,<br \/>\nNo a pan\u00ed vedouc\u00ed soci\u00e1ln\u00edho odboru nelenila, obvolala co mohla a taky mi dala adresy zase dal\u0161\u00ed za\u0159\u00edzen\u00ed, kter\u00fd jsem objela a asi po dvoum\u011bs\u00ed\u010dn\u00ed snaze, jsme dosp\u011bli k tomu, \u017ee dceru nikam um\u00edstit nelze.<\/p>\n<p>Anna \u0160ABATOV\u00c1, ve\u0159ejn\u00e1 ochr\u00e1nkyn\u011b pr\u00e1v<br \/>\nUr\u010dit\u011b je t\u0159eba \u0159\u00edct, \u017ee je naprost\u00fd nedostatek slu\u017eeb pro d\u011bti dor\u016fstaj\u00edc\u00ed a potom u\u017e dosp\u011bl\u00e9, kte\u0159\u00ed trp\u00ed t\u011b\u017e\u0161\u00ed formou autismu, t\u0159eba i s n\u011bjak\u00fdmi projevy chov\u00e1n\u00ed, kter\u00e9 nen\u00ed \u00fapln\u011b snadn\u00e9 zvl\u00e1dat.<\/p>\n<p>redaktorka<br \/>\nA nedostatek soci\u00e1ln\u00edch slu\u017eeb pro lidi s autismem by st\u00e1t m\u011bl \u0159e\u0161it.<\/p>\n<p>Maro\u0161 MATIA\u0160KO, advok\u00e1t<br \/>\nMark\u00e9ta, jako kdokoliv jin\u00fd se zdravotn\u00edm posti\u017een\u00edm, m\u00e1 ur\u010dit\u011b pr\u00e1vo na zaji\u0161t\u011bn\u00ed vhodn\u00e9 adekv\u00e1tn\u00ed soci\u00e1ln\u00ed slu\u017eby. Toto pr\u00e1vo plyne z \u010dl\u00e1nku 19 \u00famluvy OSN o pr\u00e1vech se zdravotn\u00edm posti\u017een\u00edm a vlastn\u011b zavazuje \u010ceskou republiku zajistit lidem se zdravotn\u00edm posti\u017een\u00edm, takzvan\u00fd nez\u00e1visl\u00fd zp\u016fsob \u017eivota, neboli \u017eivot v komunit\u011b. A rovn\u011b\u017e m\u00e1 toto pr\u00e1vo i z Listiny z\u00e1kladn\u00edch pr\u00e1v a svobod, tak\u017ee ur\u010dit\u011b Mark\u00e9ta m\u00e1 pr\u00e1vo na poskytov\u00e1n\u00ed soci\u00e1ln\u00ed slu\u017eby, a to nikoliv jak\u00e9koliv, ale vhodn\u00e9, adekv\u00e1tn\u00ed.<\/p>\n<p>redaktorka<br \/>\nSoci\u00e1ln\u00ed slu\u017eby mus\u00ed pro lidi, kte\u0159\u00ed to pot\u0159ebuj\u00ed zajistit. Mark\u00e9ta \u017eije v Praze, tak\u017ee se jdeme zeptat na magistr\u00e1t, jak by mohl pomoct. Od listopadu 2018 je ve funkci radn\u00ed pro oblast soci\u00e1ln\u00ed politiky a zdravotnictv\u00ed Milena Johnov\u00e1 ze sdru\u017een\u00ed Praha Sob\u011b.<\/p>\n<p>Milena JOHNOV\u00c1, radn\u00ed pro oblast soci\u00e1ln\u00ed politiky \/Praha Sob\u011b\/<br \/>\nS ohledem na to, co \u0159\u00edkaj\u00ed rodiny lid\u00ed s posti\u017een\u00edm toho typu jako m\u00e1 Mark\u00e9ta, tak se domn\u00edv\u00e1m, \u017ee ty slu\u017eby nejsou. Nejsou dostupn\u00e9. My te\u010f stoj\u00edme v situaci, kde je skute\u010dn\u011b pot\u0159eba vybudovat nov\u00fd syst\u00e9m, proto\u017ee ten star\u00fd evidentn\u011b nefunguje.<\/p>\n<p>redaktorka<br \/>\nTo prok\u00e1zal i v\u00fdzkum ombudsmanky.<\/p>\n<p>Anna \u0160ABATOV\u00c1, ve\u0159ejn\u00e1 ochr\u00e1nkyn\u011b pr\u00e1v<br \/>\nDot\u00e1zala jsem se na v\u0161ech kraj\u00edch, jestli by byli schopni p\u0159ijmout profilov\u011b takov\u00e9ho klienta. A tak\u00e9 jsem oslovila vlastn\u011b stovky za\u0159\u00edzen\u00ed a zjistila jsem, \u017ee existuje hlubok\u00fd nedostatek t\u011bchto za\u0159\u00edzen\u00ed a adresovala jsem celou \u0159adu doporu\u010den\u00ed st\u00e1tu a hlavn\u011b kraj\u016fm.<\/p>\n<p>redaktorka<br \/>\nV\u00fdzkum prok\u00e1zal, \u017ee stacion\u00e1\u0159e nebo domovy pro osoby se zdravotn\u00edm posti\u017een\u00edm, autisty, kte\u0159\u00ed vy\u017eaduj\u00ed n\u00e1ro\u010dnou p\u00e9\u010di nep\u0159ijmou, proto\u017ee jsou bu\u010f zcela zapln\u011bny, nebo je pro jejich nep\u0159ijet\u00ed p\u0159\u00ed\u010dinou pr\u00e1v\u011b jejich probl\u00e9mov\u00e9 chov\u00e1n\u00ed.<\/p>\n<p>Blanka,<br \/>\nJsme m\u011bli asi 2 nebo 3 za\u0159\u00edzen\u00ed, kter\u00fd n\u00e1s odm\u00edtly, odm\u00edtly d\u00e1l poskytovat soci\u00e1ln\u00ed slu\u017ebu, proto\u017ee napadla asistentku.<\/p>\n<p>redaktorka<br \/>\nPodle advok\u00e1ta by mohla pan\u00ed Blanka po\u017e\u00e1dat o pomoc s um\u00edst\u011bn\u00edm Mark\u00e9ty soud.<\/p>\n<p>Maro\u0161 MATIA\u0160KO, advok\u00e1t<br \/>\nM\u00e1 mo\u017enost vyu\u017e\u00edt takzvanou spr\u00e1vn\u00ed \u017ealobu a respektive \u017ealobu na nez\u00e1konn\u00fd z\u00e1sah. Obr\u00e1tit se na Krajsk\u00fd, pota\u017emo M\u011bstsk\u00fd soud v Praze a po\u017e\u00e1dat soud, a\u0165 ur\u010d\u00ed povinnost Praze zajistit Mark\u00e9t\u011b adekv\u00e1tn\u00ed soci\u00e1ln\u00ed slu\u017ebu.<\/p>\n<p>redaktorka<br \/>\nNov\u00e1 radn\u00ed na magistr\u00e1tu si ale mysl\u00ed, \u017ee by se situace pro lidi jako je Mark\u00e9ta mohla kone\u010dn\u011b zlep\u0161it.<\/p>\n<p>Milena JOHNOV\u00c1, radn\u00ed pro oblast soci\u00e1ln\u00ed politiky \/Praha Sob\u011b\/<br \/>\nJedn\u00e1me s odborem bytov\u00fdm tady na magistr\u00e1tu o nalezen\u00ed vhodn\u00e9ho bytu, kde by mohla Mark\u00e9ta, p\u0159\u00edpadn\u011b s n\u011bk\u00fdm dal\u0161\u00edm, kdo bude pot\u0159ebovat tak\u00e9 n\u011bjakou pomoc v ka\u017edodenn\u00edm \u017eivot\u011b, kde by mohla bydlet a kde by bylo tak\u00e9 z\u00e1zem\u00ed pro slu\u017ebu, kter\u00e1 by tam mohla 24 hodin denn\u011b poskytovat pomoc a podporu tak, aby se tomu, kdo tam \u017eije, to znamen\u00e1 Mark\u00e9t\u011b, p\u0159\u00edpadn\u011b n\u011bkomu dal\u0161\u00edmu, tam \u017eilo dob\u0159e.<\/p>\n<p>, redaktorka<br \/>\nDo budoucna by tak mohla vzniknout \u00fapln\u011b nov\u00e1 pobytov\u00e1 slu\u017eba.<\/p>\n<p>Milena JOHNOV\u00c1,<br \/>\nNem\u016f\u017eeme ten byt naj\u00edt n\u011bkde po Praze tam, kde bydl\u00ed t\u0159eba rodina nebo kde ta rodina bydl\u00ed si se sv\u00fdm bl\u00edzk\u00fdm s posti\u017een\u00edm a dov\u00e9st tu ter\u00e9nn\u00ed soci\u00e1ln\u00ed slu\u017ebu p\u0159\u00edmo tam do toho m\u00edsta. Kdy\u017e se ten \u010dlov\u011bk bude cht\u00edt n\u011bkam odst\u011bhovat, tak vlastn\u011b vym\u011bn\u00ed byt a vezmi si tu slu\u017ebu s sebou.<\/p>\n<p>, redaktorka<br \/>\nN\u00e1vrh podporuje i ve\u0159ejn\u00e1 ochr\u00e1nkyn\u011b pr\u00e1v, ta od lo\u0148sk\u00e9ho roku monitoruje dostupnost soci\u00e1ln\u00edch slu\u017eeb pr\u00e1v\u011b i pro autisty s n\u00e1ro\u010dn\u00fdm chov\u00e1n\u00edm.<\/p>\n<p>Anna \u0160ABATOV\u00c1,<br \/>\nRozhodn\u011b nejsou vhodn\u00e9 velk\u00e9 \u00fastavy, tak\u017ee je to velk\u00e1 v\u00fdzva, zm\u011bnit ten pohled, ale l\u00edb\u00ed se mi ten pohled pan\u00ed Johnov\u00e9, \u017ee by to m\u011bla b\u00fdt mal\u00e1 slu\u017eba v komunit\u011b.<\/p>\n<p>redaktorka<br \/>\nO nedostatku za\u0159\u00edzen\u00ed pro osoby, kter\u00e9 vy\u017eaduj\u00ed zv\u00fd\u0161enou p\u00e9\u010di se v\u00ed i na ministerstvu pr\u00e1ce a soci\u00e1ln\u00edch v\u011bc\u00ed, a proto p\u0159ipravuje novelu z\u00e1kona o soci\u00e1ln\u00edch slu\u017eb\u00e1ch.<\/p>\n<p>David POSP\u00cd\u0160IL, \u0159editel odboru soci\u00e1ln\u00edch slu\u017eeb MP SV<br \/>\nMinisterstvo pr\u00e1ce a soci\u00e1ln\u00edch v\u011bc\u00ed podporuje komunitn\u00ed slu\u017eby, tud\u00ed\u017e pokud vznikne nov\u00e1 soci\u00e1ln\u00ed slu\u017eba typu chr\u00e1n\u011bn\u00e9ho bydlen\u00ed, nebo n\u011b\u010deho podobn\u00e9ho, pro tuto c\u00edlovou skupinu, tak to ur\u010dit\u011b budeme podporovat, proto\u017ee to je jedn\u00edm z na\u0161ich dlouhodob\u00fdch c\u00edl\u016f.<\/p>\n<p>redaktorka<br \/>\nPokud by se ale na magistr\u00e1tu, nap\u0159\u00edklad ve spolupr\u00e1ci s ministerstvem nic nezm\u011bnilo, po\u0159\u00e1d je podle advok\u00e1ta mo\u017enost podat spr\u00e1vn\u00ed \u017ealobu.<\/p>\n<p>Maro\u0161 MATIA\u0160KO, advok\u00e1t<br \/>\nJe tam hodn\u011b vysok\u00e1 pravd\u011bpodobnost, \u017ee by usp\u011bla nebo kdokoliv jin\u00fd vlastn\u011b v \u010cesk\u00e9 republice v obdobn\u00e9 situaci.<\/p>\n<p>, redaktorka<br \/>\nPan\u00ed Blanka snad ale nebude muset pod\u00e1vat \u017ealobu. Po ukon\u010den\u00ed \u0161koln\u00ed doch\u00e1zky by Mark\u00e9ta u\u017e m\u011bla m\u00edt zaji\u0161t\u011bn\u00e9 bydlen\u00ed s podporou vhodn\u00fdch soci\u00e1ln\u00edch slu\u017eeb.<\/p>\n<p>Milena JOHNOV\u00c1,<br \/>\nPro n\u00e1s to je jasn\u00fd term\u00edn. Do 30. 6. p\u0159ipravit ten syst\u00e9m tak, aby to fungovalo.<\/p>\n<p>Blanka,<br \/>\nMarky n\u00e1ro\u010dn\u00e1 je, m\u00e1 pl\u00ednky, m\u00e1 epilepsii, m\u00e1 epilepsii t\u011b\u017ekou, kolikr\u00e1t epileptick\u00fd z\u00e1chvaty, ale zase na druhou stranu jako hodn\u011b d\u00e1v\u00e1, n\u00e1dhern\u011b maluje, je hodn\u011b citov\u011b zalo\u017een\u00e1, je to prost\u011b mal\u00fd dvoulet\u00fd d\u00edt\u011b, kter\u00fd mi d\u00e1v\u00e1 spoustu energie.<\/p>\n<\/div>\n<\/div>\n<div id=\"divDocFoot\"><\/div>\n<div id=\"divResults\"><\/div>\n","protected":false},"excerpt":{"rendered":"<div class=\"mh-excerpt\"><p>Mnoz\u00ed rodi\u010de se mus\u00ed sm\u00ed\u0159it s t\u00edm, \u017ee jejich d\u00edt\u011b je posti\u017een\u00e9. U\u017e tohle pro n\u011b mus\u00ed b\u00fdt velice t\u011b\u017ek\u00e9, ale oni nav\u00edc je\u0161t\u011b bojuj\u00ed <a class=\"mh-excerpt-more\" href=\"https:\/\/www.invarena.cz\/?p=32221\" title=\"Soci\u00e1ln\u00ed syst\u00e9m v \u010cesk\u00e9 republice nepom\u00e1h\u00e1 posti\u017een\u00fdm lidem tak, jak by m\u011bl\">[&#8230;]<\/a><\/p>\n<\/div>","protected":false},"author":1,"featured_media":30314,"comment_status":"open","ping_status":"closed","sticky":false,"template":"","format":"standard","meta":{"footnotes":""},"categories":[7],"tags":[],"class_list":["post-32221","post","type-post","status-publish","format-standard","has-post-thumbnail","hentry","category-spolecnost"],"_links":{"self":[{"href":"https:\/\/www.invarena.cz\/index.php?rest_route=\/wp\/v2\/posts\/32221","targetHints":{"allow":["GET"]}}],"collection":[{"href":"https:\/\/www.invarena.cz\/index.php?rest_route=\/wp\/v2\/posts"}],"about":[{"href":"https:\/\/www.invarena.cz\/index.php?rest_route=\/wp\/v2\/types\/post"}],"author":[{"embeddable":true,"href":"https:\/\/www.invarena.cz\/index.php?rest_route=\/wp\/v2\/users\/1"}],"replies":[{"embeddable":true,"href":"https:\/\/www.invarena.cz\/index.php?rest_route=%2Fwp%2Fv2%2Fcomments&post=32221"}],"version-history":[{"count":0,"href":"https:\/\/www.invarena.cz\/index.php?rest_route=\/wp\/v2\/posts\/32221\/revisions"}],"wp:featuredmedia":[{"embeddable":true,"href":"https:\/\/www.invarena.cz\/index.php?rest_route=\/wp\/v2\/media\/30314"}],"wp:attachment":[{"href":"https:\/\/www.invarena.cz\/index.php?rest_route=%2Fwp%2Fv2%2Fmedia&parent=32221"}],"wp:term":[{"taxonomy":"category","embeddable":true,"href":"https:\/\/www.invarena.cz\/index.php?rest_route=%2Fwp%2Fv2%2Fcategories&post=32221"},{"taxonomy":"post_tag","embeddable":true,"href":"https:\/\/www.invarena.cz\/index.php?rest_route=%2Fwp%2Fv2%2Ftags&post=32221"}],"curies":[{"name":"wp","href":"https:\/\/api.w.org\/{rel}","templated":true}]}}