{"id":32238,"date":"2019-09-13T17:06:38","date_gmt":"2019-09-13T15:06:38","guid":{"rendered":"http:\/\/www.invarena.cz\/?p=32238"},"modified":"2019-09-13T17:06:38","modified_gmt":"2019-09-13T15:06:38","slug":"nevidomy-ajtak-vystudoval-na-cerveny-diplom","status":"publish","type":"post","link":"https:\/\/www.invarena.cz\/?p=32238","title":{"rendered":"Nevidom\u00fd aj\u0165\u00e1k vystudoval na \u010derven\u00fd diplom"},"content":{"rendered":"<p><strong>Od narozen\u00ed nevid\u00ed. P\u0159esto mu nejmodern\u011bj\u0161\u00ed technika, lid\u00e9 kolem n\u011bj a tak\u00e9 jeho odhodl\u00e1n\u00ed zdol\u00e1vat slo\u017eitosti \u017eivota v\u0161eho druhu napomohlo k tomu, \u017ee v minul\u00fdch dnech \u00fasp\u011b\u0161n\u011b ukon\u010dil studium informatiky na brn\u011bnsk\u00e9 Masarykov\u011b univerzit\u011b. Titul magistra z\u00edskal Vojt\u011bch Pol\u00e1\u0161ek s \u010derven\u00fdm diplomem a za\u0159adil se tak mezi hrstku nevidom\u00fdch \u010di zrakov\u011b posti\u017een\u00fdch informatik\u016f s vysoko\u0161kolsk\u00fdm vzd\u011bl\u00e1n\u00edm v \u010cR.<\/strong><!--more--><\/p>\n<p>Cel\u00fd \u010dl\u00e1nek naleznete na novinky.cz: <a href=\"https:\/\/www.novinky.cz\/veda-skoly\/clanek\/nevidomy-ajtak-vystudoval-na-cerveny-diplom-40296205\" target=\"_blank\" rel=\"noopener noreferrer\">ZDE<\/a><\/p>\n","protected":false},"excerpt":{"rendered":"<div class=\"mh-excerpt\"><p>Od narozen\u00ed nevid\u00ed. P\u0159esto mu nejmodern\u011bj\u0161\u00ed technika, lid\u00e9 kolem n\u011bj a tak\u00e9 jeho odhodl\u00e1n\u00ed zdol\u00e1vat slo\u017eitosti \u017eivota v\u0161eho druhu napomohlo k tomu, \u017ee v minul\u00fdch <a class=\"mh-excerpt-more\" href=\"https:\/\/www.invarena.cz\/?p=32238\" title=\"Nevidom\u00fd aj\u0165\u00e1k vystudoval na \u010derven\u00fd diplom\">[&#8230;]<\/a><\/p>\n<\/div>","protected":false},"author":1,"featured_media":783,"comment_status":"open","ping_status":"closed","sticky":false,"template":"","format":"standard","meta":{"footnotes":""},"categories":[9],"tags":[],"class_list":["post-32238","post","type-post","status-publish","format-standard","has-post-thumbnail","hentry","category-zpravy"],"_links":{"self":[{"href":"https:\/\/www.invarena.cz\/index.php?rest_route=\/wp\/v2\/posts\/32238","targetHints":{"allow":["GET"]}}],"collection":[{"href":"https:\/\/www.invarena.cz\/index.php?rest_route=\/wp\/v2\/posts"}],"about":[{"href":"https:\/\/www.invarena.cz\/index.php?rest_route=\/wp\/v2\/types\/post"}],"author":[{"embeddable":true,"href":"https:\/\/www.invarena.cz\/index.php?rest_route=\/wp\/v2\/users\/1"}],"replies":[{"embeddable":true,"href":"https:\/\/www.invarena.cz\/index.php?rest_route=%2Fwp%2Fv2%2Fcomments&post=32238"}],"version-history":[{"count":0,"href":"https:\/\/www.invarena.cz\/index.php?rest_route=\/wp\/v2\/posts\/32238\/revisions"}],"wp:featuredmedia":[{"embeddable":true,"href":"https:\/\/www.invarena.cz\/index.php?rest_route=\/wp\/v2\/media\/783"}],"wp:attachment":[{"href":"https:\/\/www.invarena.cz\/index.php?rest_route=%2Fwp%2Fv2%2Fmedia&parent=32238"}],"wp:term":[{"taxonomy":"category","embeddable":true,"href":"https:\/\/www.invarena.cz\/index.php?rest_route=%2Fwp%2Fv2%2Fcategories&post=32238"},{"taxonomy":"post_tag","embeddable":true,"href":"https:\/\/www.invarena.cz\/index.php?rest_route=%2Fwp%2Fv2%2Ftags&post=32238"}],"curies":[{"name":"wp","href":"https:\/\/api.w.org\/{rel}","templated":true}]}}