{"id":32239,"date":"2019-09-13T17:15:07","date_gmt":"2019-09-13T15:15:07","guid":{"rendered":"http:\/\/www.invarena.cz\/?p=32239"},"modified":"2019-09-13T17:15:07","modified_gmt":"2019-09-13T15:15:07","slug":"proc-schizofrenie-budi-strach","status":"publish","type":"post","link":"https:\/\/www.invarena.cz\/?p=32239","title":{"rendered":"Pro\u010d schizofrenie bud\u00ed strach"},"content":{"rendered":"<p><strong>O m\u00e1lokter\u00e9 nemoci maj\u00ed lid\u00e9 tak zkreslen\u00e9 p\u0159edstavy jako o schizofrenii. Rozhodn\u011b p\u0159i n\u00ed nedoch\u00e1z\u00ed k rozdvojen\u00ed osobnosti, jak se traduje. M\u00e1 jin\u00e9 typick\u00e9 p\u0159\u00edznaky. Jejich znalost m\u016f\u017ee pomoci 100 000 schizofrenik\u016fm, kte\u0159\u00ed v \u010cR \u017eij\u00ed. Spole\u010dnost pak mo\u017en\u00e1 nebude reagovat na jejich pot\u00ed\u017ee jen strachem a t\u00edm, \u017ee se od nich odt\u00e1hne.<\/strong><!--more--><\/p>\n<p>Cel\u00fd \u010dl\u00e1nek naleznete na novinky.cz: <a href=\"https:\/\/www.novinky.cz\/zena\/zdravi\/clanek\/proc-schizofrenie-budi-strach-40296241\" target=\"_blank\" rel=\"noopener noreferrer\">ZDE<\/a><\/p>\n","protected":false},"excerpt":{"rendered":"<div class=\"mh-excerpt\"><p>O m\u00e1lokter\u00e9 nemoci maj\u00ed lid\u00e9 tak zkreslen\u00e9 p\u0159edstavy jako o schizofrenii. Rozhodn\u011b p\u0159i n\u00ed nedoch\u00e1z\u00ed k rozdvojen\u00ed osobnosti, jak se traduje. M\u00e1 jin\u00e9 typick\u00e9 p\u0159\u00edznaky. <a class=\"mh-excerpt-more\" href=\"https:\/\/www.invarena.cz\/?p=32239\" title=\"Pro\u010d schizofrenie bud\u00ed strach\">[&#8230;]<\/a><\/p>\n<\/div>","protected":false},"author":1,"featured_media":1419,"comment_status":"open","ping_status":"closed","sticky":false,"template":"","format":"standard","meta":{"footnotes":""},"categories":[9],"tags":[],"class_list":["post-32239","post","type-post","status-publish","format-standard","has-post-thumbnail","hentry","category-zpravy"],"_links":{"self":[{"href":"https:\/\/www.invarena.cz\/index.php?rest_route=\/wp\/v2\/posts\/32239","targetHints":{"allow":["GET"]}}],"collection":[{"href":"https:\/\/www.invarena.cz\/index.php?rest_route=\/wp\/v2\/posts"}],"about":[{"href":"https:\/\/www.invarena.cz\/index.php?rest_route=\/wp\/v2\/types\/post"}],"author":[{"embeddable":true,"href":"https:\/\/www.invarena.cz\/index.php?rest_route=\/wp\/v2\/users\/1"}],"replies":[{"embeddable":true,"href":"https:\/\/www.invarena.cz\/index.php?rest_route=%2Fwp%2Fv2%2Fcomments&post=32239"}],"version-history":[{"count":0,"href":"https:\/\/www.invarena.cz\/index.php?rest_route=\/wp\/v2\/posts\/32239\/revisions"}],"wp:featuredmedia":[{"embeddable":true,"href":"https:\/\/www.invarena.cz\/index.php?rest_route=\/wp\/v2\/media\/1419"}],"wp:attachment":[{"href":"https:\/\/www.invarena.cz\/index.php?rest_route=%2Fwp%2Fv2%2Fmedia&parent=32239"}],"wp:term":[{"taxonomy":"category","embeddable":true,"href":"https:\/\/www.invarena.cz\/index.php?rest_route=%2Fwp%2Fv2%2Fcategories&post=32239"},{"taxonomy":"post_tag","embeddable":true,"href":"https:\/\/www.invarena.cz\/index.php?rest_route=%2Fwp%2Fv2%2Ftags&post=32239"}],"curies":[{"name":"wp","href":"https:\/\/api.w.org\/{rel}","templated":true}]}}