{"id":32240,"date":"2019-09-13T17:24:21","date_gmt":"2019-09-13T15:24:21","guid":{"rendered":"http:\/\/www.invarena.cz\/?p=32240"},"modified":"2019-09-13T17:24:21","modified_gmt":"2019-09-13T15:24:21","slug":"misto-chrchlani-radost-z-hudby-to-prinesla-navsteva-pneumolozky","status":"publish","type":"post","link":"https:\/\/www.invarena.cz\/?p=32240","title":{"rendered":"M\u00edsto chrchl\u00e1n\u00ed radost z hudby. To p\u0159inesla n\u00e1v\u0161t\u011bva pneumolo\u017eky"},"content":{"rendered":"<p><strong>Bezplatn\u00e9 vy\u0161et\u0159en\u00ed plic nab\u00edzej\u00ed pneumologov\u00e9 z\u00e1jemc\u016fm nejen ve st\u0159edn\u00edch \u010cech\u00e1ch, ale po cel\u00e9 republice. V r\u00e1mci T\u00fddne idiopatick\u00e9 plicn\u00ed fibr\u00f3zy chystaj\u00ed na st\u0159edu 18. z\u00e1\u0159\u00ed den otev\u0159en\u00fdch dve\u0159\u00ed ambulanc\u00ed spojen\u00fd pr\u00e1v\u011b s vy\u0161et\u0159en\u00edm, k n\u011bmu\u017e nen\u00ed pot\u0159ebn\u00e9 ani p\u0159edchoz\u00ed objedn\u00e1n\u00ed, ani doporu\u010den\u00ed praktick\u00e9ho l\u00e9ka\u0159e.<\/strong><!--more--><\/p>\n<p>&#8222;Jde o ji\u017e tradi\u010dn\u00ed akci, p\u0159ipomn\u011bla za organiz\u00e1tory Veronika Ostr\u00e1. &#8222;Jej\u00edm c\u00edlem je upozornit na smrtelnou nemoc IPF \u2013 idiopatickou plicn\u00ed fibr\u00f3zu \u2013 a zachytit ji v\u010das,&#8220; konstatovala. S t\u00edm, \u017ee bez l\u00e9\u010dby pacienti do t\u0159\u00ed let um\u00edraj\u00ed \u2013 a l\u00e9\u010den\u00ed jim m\u016f\u017ee prodlou\u017eit \u017eivot a\u017e dvojn\u00e1sobn\u011b.<\/p>\n<p>Ve St\u0159edo\u010desk\u00e9m kraji se do dne otev\u0159en\u00fdch ambulanc\u00ed zapojuje deset pracovi\u0161\u0165: hned t\u0159i v Mlad\u00e9 Boleslavi, dv\u011b v Bene\u0161ov\u011b \u2013 a po jednom pak v Brand\u00fdse nad Labem, Jirnech, Neratovic\u00edch, Rudn\u00e9 u Prahy a Slan\u00e9m. Praha pak nab\u00edz\u00ed v\u00fdb\u011br dvan\u00e1cti pracovi\u0161\u0165 v deseti lokalit\u00e1ch jak bl\u00edzko centra, tak i na okraji metropole. &#8222;Seznam ambulanc\u00ed z\u00e1jemci najdou na www.plicnifibroza.cz,&#8220; upozornila Ostr\u00e1.<\/p>\n<p>IPF je onemocn\u011bn\u00ed, kter\u00e9 po\u0161kozuje plicn\u00ed skl\u00edpky. V \u010cesk\u00e9 republice j\u00edm trp\u00ed asi dva tis\u00edce lid\u00ed. Jejich pl\u00edce takzvan\u011b tuhnou, kdy\u017e se jemn\u00e1 plicn\u00ed tk\u00e1\u0148 postupn\u011b m\u011bn\u00ed na hust\u00e9 vazivo. Navenek se onemocn\u011bn\u00ed projevuje du\u0161nost\u00ed, ka\u0161lem a ztr\u00e1tou v\u00fdkonnosti; posti\u017een\u00ed nedok\u00e1\u017eou udr\u017eet krok s vrstevn\u00edky. Jako mo\u017en\u00e9 p\u0159\u00edznaky se uv\u00e1d\u011bj\u00ed tak\u00e9 pali\u010dkovit\u00e9 prsty a nehty v podob\u011b hodinov\u00fdch skl\u00ed\u010dek.<\/p>\n<p>V r\u00e1mci dn\u016f otev\u0159en\u00fdch ambulanc\u00ed se v\u0161ak l\u00e9ka\u0159i nezam\u011b\u0159uj\u00ed jen na IPF, zd\u016fraznila m\u00edstop\u0159edsedkyn\u011b \u010cesk\u00e9 pneumologick\u00e9 a ftizeologick\u00e9 spole\u010dnosti a p\u0159edsedkyn\u011b Sekce ambulantn\u00edch pneumolog\u016f Ivana \u010ciern\u00e1 Peterov\u00e1, je\u017e ordinuje v Brand\u00fdse nad Labem. Sama nicm\u00e9n\u011b p\u0159ed dv\u011bma roky pr\u00e1v\u011b p\u0159i t\u00e9to akci objevila podez\u0159en\u00ed na IPF u jedn\u00e9 pacientky, ji\u017e pak kv\u016fli l\u00e9\u010db\u011b odeslala do specializovan\u00e9ho centra. A p\u0159i\u0161la obrovsk\u00e1 zm\u011bna.<\/p>\n<p>&#8222;Kdy\u017e jsme se setkaly poprv\u00e9, neust\u00e1le ka\u0161lala a musela omezit spoustu aktivit, kter\u00e9 ji d\u0159\u00edve napl\u0148ovaly. Ned\u00e1vno jsem ji potkala na koncert\u011b; bez jedin\u00e9ho zaka\u0161l\u00e1n\u00ed si u\u017e\u00edvala dvouhodinov\u00fd p\u0159ednes hudby,&#8220; p\u0159ipomn\u011bla pneumolo\u017eka, \u017ee se spr\u00e1vnou l\u00e9\u010dbou mohou nemocn\u00ed \u017e\u00edt \u00fapln\u011b jin\u00fd \u017eivot. &#8222;P\u0159ich\u00e1zej\u00ed k n\u00e1m i zdrav\u00ed lid\u00e9, kte\u0159\u00ed si cht\u011bj\u00ed pouze prov\u011b\u0159it stav sv\u00fdch plic,&#8220; poznamenala d\u00e1le, \u017ee p\u0159i preventivn\u00edch vy\u0161et\u0159en\u00edch lze v\u010das podchytit i dal\u0161\u00ed z\u00e1va\u017en\u00e9 nemoci \u2013 nap\u0159\u00edklad astma nebo chronickou obstruk\u010dn\u00ed plicn\u00ed nemoc (CHOPN).<\/p>\n<p>To se ostatn\u011b potvrdilo i p\u0159i lo\u0148sk\u00fdch dnech otev\u0159en\u00fdch ambulanc\u00ed. Ve st\u0159edn\u00edch \u010cech\u00e1ch pneumologov\u00e9 vy\u0161et\u0159ili bezm\u00e1la \u0161edes\u00e1t lid\u00ed \u2013 a podez\u0159en\u00ed na IPF odhalili u jednoho pacienta, kter\u00fd pak byl sm\u011brov\u00e1n do specializovan\u00e9ho centra. Na\u0161ly se ale i dal\u0161\u00ed plicn\u00ed nemoci \u2013 nej\u010dast\u011bji pr\u00e1v\u011b astma a CHOPN.<\/p>\n<p>Milan Holakovsk\u00fd<br \/>\nBene\u0161ovsk\u00fd den\u00edk<br \/>\n<a href=\"https:\/\/benesovsky.denik.cz\/\" target=\"_blank\" rel=\"noopener noreferrer\">https:\/\/benesovsky.denik.cz\/<\/a><\/p>\n","protected":false},"excerpt":{"rendered":"<div class=\"mh-excerpt\"><p>Bezplatn\u00e9 vy\u0161et\u0159en\u00ed plic nab\u00edzej\u00ed pneumologov\u00e9 z\u00e1jemc\u016fm nejen ve st\u0159edn\u00edch \u010cech\u00e1ch, ale po cel\u00e9 republice. V r\u00e1mci T\u00fddne idiopatick\u00e9 plicn\u00ed fibr\u00f3zy chystaj\u00ed na st\u0159edu 18. z\u00e1\u0159\u00ed <a class=\"mh-excerpt-more\" href=\"https:\/\/www.invarena.cz\/?p=32240\" title=\"M\u00edsto chrchl\u00e1n\u00ed radost z hudby. To p\u0159inesla n\u00e1v\u0161t\u011bva pneumolo\u017eky\">[&#8230;]<\/a><\/p>\n<\/div>","protected":false},"author":1,"featured_media":15438,"comment_status":"open","ping_status":"closed","sticky":false,"template":"","format":"standard","meta":{"footnotes":""},"categories":[9],"tags":[],"class_list":["post-32240","post","type-post","status-publish","format-standard","has-post-thumbnail","hentry","category-zpravy"],"_links":{"self":[{"href":"https:\/\/www.invarena.cz\/index.php?rest_route=\/wp\/v2\/posts\/32240","targetHints":{"allow":["GET"]}}],"collection":[{"href":"https:\/\/www.invarena.cz\/index.php?rest_route=\/wp\/v2\/posts"}],"about":[{"href":"https:\/\/www.invarena.cz\/index.php?rest_route=\/wp\/v2\/types\/post"}],"author":[{"embeddable":true,"href":"https:\/\/www.invarena.cz\/index.php?rest_route=\/wp\/v2\/users\/1"}],"replies":[{"embeddable":true,"href":"https:\/\/www.invarena.cz\/index.php?rest_route=%2Fwp%2Fv2%2Fcomments&post=32240"}],"version-history":[{"count":0,"href":"https:\/\/www.invarena.cz\/index.php?rest_route=\/wp\/v2\/posts\/32240\/revisions"}],"wp:featuredmedia":[{"embeddable":true,"href":"https:\/\/www.invarena.cz\/index.php?rest_route=\/wp\/v2\/media\/15438"}],"wp:attachment":[{"href":"https:\/\/www.invarena.cz\/index.php?rest_route=%2Fwp%2Fv2%2Fmedia&parent=32240"}],"wp:term":[{"taxonomy":"category","embeddable":true,"href":"https:\/\/www.invarena.cz\/index.php?rest_route=%2Fwp%2Fv2%2Fcategories&post=32240"},{"taxonomy":"post_tag","embeddable":true,"href":"https:\/\/www.invarena.cz\/index.php?rest_route=%2Fwp%2Fv2%2Ftags&post=32240"}],"curies":[{"name":"wp","href":"https:\/\/api.w.org\/{rel}","templated":true}]}}