{"id":32241,"date":"2019-09-13T17:36:15","date_gmt":"2019-09-13T15:36:15","guid":{"rendered":"http:\/\/www.invarena.cz\/?p=32241"},"modified":"2019-09-13T17:36:15","modified_gmt":"2019-09-13T15:36:15","slug":"u-klastera-lide-zazivali-strasti-nevidomych","status":"publish","type":"post","link":"https:\/\/www.invarena.cz\/?p=32241","title":{"rendered":"U kl\u00e1\u0161tera lid\u00e9 za\u017e\u00edvali strasti nevidom\u00fdch"},"content":{"rendered":"<p><strong>Hmat, sluch a \u010dich jsou jedin\u00fdmi smysly, kter\u00fdmi se mohli v prostoru orientovat \u00fa\u010dastn\u00edci programu Tma p\u0159ede mnou v re\u017eii Spr\u00e1vy KRNAP.<\/strong> <!--more--><\/p>\n<p><em>ilustra\u010dn\u00ed foto<\/em><\/p>\n<p>Vrchlab\u00ed \u2013 Akce dnes kon\u010d\u00ed. Se \u0161\u00e1tkem zav\u00e1zan\u00fdma o\u010dima se \u00fa\u010dastn\u00edci, stejn\u011b jako zrakov\u011b posti\u017een\u00ed, pohybovali stanovi\u0161ti kl\u00e1\u0161tern\u00ed zahrady.<\/p>\n<p>Na lesn\u00ed stezce, vedeni lankem napnut\u00fdm mezi stromy, se seznamovali s r\u016fzn\u00fdmi typy \u0161i\u0161ek. Na n\u00e1\u0161lapn\u00e9 stezce naboso, poslepu, pozn\u00e1vali dvacet r\u016fzn\u00fdch povrch\u016f. Na ne\u017eivou p\u0159\u00edrodu bylo zam\u011b\u0159eno zastaven\u00ed Nen\u00ed k\u00e1men jako k\u00e1men. \u00da\u010dastn\u00edci rozd\u011blovali jednotliv\u00e9 typy hornin podle hmatu a \u0159adili je tak\u00e9 podle v\u00e1hy. P\u0159i posledn\u00edm zastaven\u00ed Bylinky kl\u00e1\u0161tern\u00ed zahrady se lid\u00e9 \u010dichem seznamovali s bylinkami.<\/p>\n<p>Sou\u010d\u00e1st\u00ed programu bylo i pov\u00edd\u00e1n\u00ed o strastech a radostech s Milenou Dohelskou, kter\u00e1 je od narozen\u00ed nevidom\u00e1.<\/p>\n<p>Krkono\u0161sk\u00fd den\u00edk<br \/>\n<a href=\"http:\/\/krkonossky.denik.cz\/\" target=\"_blank\" rel=\"noopener noreferrer\">http:\/\/krkonossky.denik.cz\/<\/a><\/p>\n","protected":false},"excerpt":{"rendered":"<div class=\"mh-excerpt\"><p>Hmat, sluch a \u010dich jsou jedin\u00fdmi smysly, kter\u00fdmi se mohli v prostoru orientovat \u00fa\u010dastn\u00edci programu Tma p\u0159ede mnou v re\u017eii Spr\u00e1vy KRNAP.<\/p>\n<\/div>","protected":false},"author":1,"featured_media":19083,"comment_status":"open","ping_status":"closed","sticky":false,"template":"","format":"standard","meta":{"footnotes":""},"categories":[9],"tags":[],"class_list":["post-32241","post","type-post","status-publish","format-standard","has-post-thumbnail","hentry","category-zpravy"],"_links":{"self":[{"href":"https:\/\/www.invarena.cz\/index.php?rest_route=\/wp\/v2\/posts\/32241","targetHints":{"allow":["GET"]}}],"collection":[{"href":"https:\/\/www.invarena.cz\/index.php?rest_route=\/wp\/v2\/posts"}],"about":[{"href":"https:\/\/www.invarena.cz\/index.php?rest_route=\/wp\/v2\/types\/post"}],"author":[{"embeddable":true,"href":"https:\/\/www.invarena.cz\/index.php?rest_route=\/wp\/v2\/users\/1"}],"replies":[{"embeddable":true,"href":"https:\/\/www.invarena.cz\/index.php?rest_route=%2Fwp%2Fv2%2Fcomments&post=32241"}],"version-history":[{"count":0,"href":"https:\/\/www.invarena.cz\/index.php?rest_route=\/wp\/v2\/posts\/32241\/revisions"}],"wp:featuredmedia":[{"embeddable":true,"href":"https:\/\/www.invarena.cz\/index.php?rest_route=\/wp\/v2\/media\/19083"}],"wp:attachment":[{"href":"https:\/\/www.invarena.cz\/index.php?rest_route=%2Fwp%2Fv2%2Fmedia&parent=32241"}],"wp:term":[{"taxonomy":"category","embeddable":true,"href":"https:\/\/www.invarena.cz\/index.php?rest_route=%2Fwp%2Fv2%2Fcategories&post=32241"},{"taxonomy":"post_tag","embeddable":true,"href":"https:\/\/www.invarena.cz\/index.php?rest_route=%2Fwp%2Fv2%2Ftags&post=32241"}],"curies":[{"name":"wp","href":"https:\/\/api.w.org\/{rel}","templated":true}]}}