{"id":32277,"date":"2019-09-17T17:54:27","date_gmt":"2019-09-17T15:54:27","guid":{"rendered":"http:\/\/www.invarena.cz\/?p=32277"},"modified":"2019-09-17T17:54:27","modified_gmt":"2019-09-17T15:54:27","slug":"charita-luhacovice-oznamuje-jsme-tu-pro-vas-uz-15-let","status":"publish","type":"post","link":"https:\/\/www.invarena.cz\/?p=32277","title":{"rendered":"Charita Luha\u010dovice oznamuje: Jsme tu pro v\u00e1s u\u017e 15 let!"},"content":{"rendered":"<p><strong>Charita Luha\u010dovice oslavila 15. v\u00fdro\u010d\u00ed od sv\u00e9ho zalo\u017een\u00ed. Ve \u010dtvrtek 5. z\u00e1\u0159\u00ed se v kostele svat\u00e9 Rodiny v Luha\u010dovic\u00edch konala slavnostn\u00ed m\u0161e svat\u00e1 celebrovan\u00e1 Janem Graubnerem.<\/strong><!--more--><\/p>\n<p>P\u0159i t\u00e9to d\u011bkovn\u00e9 m\u0161i s p\u0159ipomenut\u00edm charitn\u00edho d\u00edla byli ocen\u011bni dlouholet\u00ed dobrovoln\u00edci a spolupracovn\u00edci. Ocen\u011bn\u00ed spolu s drobn\u00fdm v\u011bcn\u00fdm darem p\u0159evzali z rukou otce arcibiskupa a Ji\u0159\u00edho \u0160\u016fstka, m\u00edstostarosty M\u011bsta Luha\u010dovice. Po m\u0161i svat\u00e9 n\u00e1sledoval u kostela doprovodn\u00fd program s poho\u0161t\u011bn\u00edm. K poslechu zahr\u00e1la cimb\u00e1lov\u00e1 muzika Rov\u00e1\u0161.<\/p>\n<p>Charitu Luha\u010dovice ustanovil otec arcibiskup 1. dubna 2004. Svou \u010dinnost organizace zah\u00e1jila v z\u00e1\u0159\u00ed p\u0159ed patn\u00e1cti lety poskytov\u00e1n\u00edm pe\u010dovatelsk\u00e9 slu\u017eby. Nyn\u00ed provozuje Charita Luha\u010dovice dv\u011b soci\u00e1ln\u00ed slu\u017eby: Charitn\u00ed pe\u010dovatelskou slu\u017ebu a Denn\u00ed stacion\u00e1\u0159 pro seniory a zdravotn\u011b posti\u017een\u00e9. D\u00e1le poskytuje Dom\u00e1c\u00ed zdravotn\u00ed p\u00e9\u010di, kter\u00e1 je poskytov\u00e1na na z\u00e1klad\u011b indikace o\u0161et\u0159uj\u00edc\u00edho l\u00e9ka\u0159e a tak\u00e9 realizuje akreditovanou dobrovolnickou slu\u017ebu. Provozuje p\u016fj\u010dovnu zdravotn\u00edch a kompenza\u010dn\u00edch pom\u016fcek. Mimo to realizuje \u0159adu ostatn\u00edch \u010dinnost\u00ed jako je p\u0159\u00edm\u00e1 pomoc soci\u00e1ln\u011b pot\u0159ebn\u00fdm lidem v tomto regionu z T\u0159\u00edkr\u00e1lov\u00e9 sb\u00edrky, potravinovou a materi\u00e1ln\u00ed pomoc, po\u0159\u00e1d\u00e1 humanit\u00e1rn\u00ed sb\u00edrky a mnoho dal\u0161\u00edch akc\u00ed ve spolupr\u00e1ci s farnostmi.<\/p>\n<p>&#8222;Na\u0161imi slu\u017ebami pro\u0161lo za 15 let asi 1500 u\u017eivatel\u016f, o kter\u00e9 se staralo p\u0159es 70 zam\u011bstnanc\u016f. B\u011bhem let jsme realizovali n\u011bkolik Evropsk\u00fdch projekt\u016f a p\u0159i na\u0161\u00ed \u010dinnosti n\u00e1m pom\u00e1halo v\u00edce ne\u017e 1200 dobrovoln\u00edk\u016f. Sna\u017e\u00edme se reagovat na pot\u0159eby tohoto regionu a na\u0161e slu\u017eby p\u0159izp\u016fsobovat pot\u0159eb\u00e1m lid\u00ed,&#8220; informovala \u0159editelka Charity Luha\u010dovice Lenka Semelov\u00e1.<\/p>\n<p>Inici\u00e1torem vzniku Charity Luha\u010dovice a jedn\u00edm z t\u011bch, kte\u0159\u00ed j\u00ed po celou dobu ne\u00fanavn\u011b pom\u00e1haj\u00ed je m\u00edstn\u00ed far\u00e1\u0159 Hubert Wojcik. &#8222;Pod\u011bkov\u00e1n\u00ed za spolupr\u00e1ci pat\u0159\u00ed tak\u00e9 farnostem Luha\u010dovice, Pozlovice a Horn\u00ed Lhota, kter\u00e9 s n\u00e1mi intenzivn\u011b spolupracuj\u00ed, pr\u00e1v\u011b d\u00edky nim m\u016f\u017eeme na\u0161e slu\u017eby poskytovat v d\u016fstojn\u00e9m prost\u0159ed\u00ed s kvalitn\u00edm z\u00e1zem\u00edm. Moc si toho v\u00e1\u017e\u00edme,&#8220; pod\u011bkovala ve sv\u00e9m proslovu \u0159editelka m\u00edstn\u00ed Charity.<\/p>\n<p>\u00dast\u0159edn\u00edm bodem oslav byla m\u0161e svat\u00e1 celebrovan\u00e1 otcem arcibiskupem Janem Graubnerem, kter\u00fd p\u0159i k\u00e1z\u00e1n\u00ed \u0159ekl, \u017ee: &#8222;\u010clov\u011bk m\u00e1 cenu Bo\u017e\u00edho obrazu.&#8220; P\u0159ipomenul n\u00e1m tak, \u017ee m\u00e1me z pohledu k\u0159es\u0165anstv\u00ed jednat s druh\u00fdmi jako s\u00e1m se sebou. D\u00e1le v z\u00e1v\u011bru sv\u00e9ho k\u00e1z\u00e1n\u00ed vyslovil prosbu, aby B\u016fh \u017eehnal Charit\u011b i nad\u00e1le; o zapojen\u00ed v\u00edce dobrovoln\u00edk\u016f; za pochopen\u00ed, kdo je \u010dlov\u011bk a co je to l\u00e1ska k bli\u017en\u00edmu.<\/p>\n<p>V z\u00e1v\u011bru m\u0161e svat\u00e9 se \u0159editelka Charity Luha\u010dovice se v\u0161emi rozlou\u010dila t\u011bmito slovy: &#8222;D\u011bkuji tak\u00e9 v\u0161em pracovn\u00edk\u016fm, kte\u0159\u00ed za cel\u00fdch 15 let na Charit\u011b pracovali a pom\u00e1hali vytv\u00e1\u0159et dobr\u00e9 jm\u00e9no na\u0161\u00ed organizace. Jsem r\u00e1da, \u017ee jsme se pro Zl\u00ednsk\u00fd kraj i M\u011bsto Luha\u010dovice stali partnerem, a to nejen p\u0159i p\u0159evzet\u00ed st\u00e1tn\u00ed pe\u010dovatelsk\u00e9 slu\u017eby v roce 2006, p\u0159i registraci na\u0161ich slu\u017eeb, ale i p\u0159i tvorb\u011b St\u0159edn\u011bdob\u00fdch pl\u00e1n\u016f rozvoje soci\u00e1ln\u00edch slu\u017eeb ve Zl\u00ednsk\u00e9m kraji. Jsme p\u0159ipraveni \u0159e\u0161it spole\u010dn\u011b s nimi situaci senior\u016f, zdravotn\u011b posti\u017een\u00fdch lid\u00ed a dal\u0161\u00edch u\u017eivatel\u016f, kte\u0159\u00ed pot\u0159ebuj\u00ed pomoc soci\u00e1ln\u00ed s\u00edt\u011b v tomto regionu. Toto pod\u011bkov\u00e1n\u00ed pat\u0159\u00ed p\u0159edev\u0161\u00edm v\u0161em pracovn\u00edk\u016fm Charity, kte\u0159\u00ed vyj\u00ed\u017ed\u011bj\u00ed ka\u017ed\u00fd den \u2013 v\u010detn\u011b sobot, ned\u011bl\u00ed a st\u00e1tn\u00edch sv\u00e1tk\u016f, pom\u00e1hat v\u0161em, kte\u0159\u00ed na\u0161i pomoc a p\u00e9\u010di pot\u0159ebuj\u00ed. D\u011bkuji na\u0161im u\u017eivatel\u016fm za jejich p\u0159\u00edze\u0148. Je\u0161t\u011b jednou d\u011bkuji v\u00e1m v\u0161em za osobn\u00ed nasazen\u00ed i modlitby. Bez t\u011bchto hodnot by Charita nemohla napl\u0148ovat sv\u00e9 posl\u00e1n\u00ed \u2013 pom\u00e1hat t\u011bm, kdo se bez pomoci druh\u00fdch neobejdou.&#8220;<\/p>\n<p>Text zaslala: Anna Martincov\u00e1 za Charitu Luha\u010dovice<br \/>\nZl\u00ednsk\u00fd den\u00edk<br \/>\n<a href=\"https:\/\/zlinsky.denik.cz\/\" target=\"_blank\" rel=\"noopener noreferrer\">https:\/\/zlinsky.denik.cz\/<\/a><\/p>\n","protected":false},"excerpt":{"rendered":"<div class=\"mh-excerpt\"><p>Charita Luha\u010dovice oslavila 15. v\u00fdro\u010d\u00ed od sv\u00e9ho zalo\u017een\u00ed. Ve \u010dtvrtek 5. z\u00e1\u0159\u00ed se v kostele svat\u00e9 Rodiny v Luha\u010dovic\u00edch konala slavnostn\u00ed m\u0161e svat\u00e1 celebrovan\u00e1 Janem <a class=\"mh-excerpt-more\" href=\"https:\/\/www.invarena.cz\/?p=32277\" title=\"Charita Luha\u010dovice oznamuje: Jsme tu pro v\u00e1s u\u017e 15 let!\">[&#8230;]<\/a><\/p>\n<\/div>","protected":false},"author":1,"featured_media":14097,"comment_status":"open","ping_status":"closed","sticky":false,"template":"","format":"standard","meta":{"footnotes":""},"categories":[9],"tags":[],"class_list":["post-32277","post","type-post","status-publish","format-standard","has-post-thumbnail","hentry","category-zpravy"],"_links":{"self":[{"href":"https:\/\/www.invarena.cz\/index.php?rest_route=\/wp\/v2\/posts\/32277","targetHints":{"allow":["GET"]}}],"collection":[{"href":"https:\/\/www.invarena.cz\/index.php?rest_route=\/wp\/v2\/posts"}],"about":[{"href":"https:\/\/www.invarena.cz\/index.php?rest_route=\/wp\/v2\/types\/post"}],"author":[{"embeddable":true,"href":"https:\/\/www.invarena.cz\/index.php?rest_route=\/wp\/v2\/users\/1"}],"replies":[{"embeddable":true,"href":"https:\/\/www.invarena.cz\/index.php?rest_route=%2Fwp%2Fv2%2Fcomments&post=32277"}],"version-history":[{"count":0,"href":"https:\/\/www.invarena.cz\/index.php?rest_route=\/wp\/v2\/posts\/32277\/revisions"}],"wp:featuredmedia":[{"embeddable":true,"href":"https:\/\/www.invarena.cz\/index.php?rest_route=\/wp\/v2\/media\/14097"}],"wp:attachment":[{"href":"https:\/\/www.invarena.cz\/index.php?rest_route=%2Fwp%2Fv2%2Fmedia&parent=32277"}],"wp:term":[{"taxonomy":"category","embeddable":true,"href":"https:\/\/www.invarena.cz\/index.php?rest_route=%2Fwp%2Fv2%2Fcategories&post=32277"},{"taxonomy":"post_tag","embeddable":true,"href":"https:\/\/www.invarena.cz\/index.php?rest_route=%2Fwp%2Fv2%2Ftags&post=32277"}],"curies":[{"name":"wp","href":"https:\/\/api.w.org\/{rel}","templated":true}]}}