{"id":32278,"date":"2019-09-17T17:59:41","date_gmt":"2019-09-17T15:59:41","guid":{"rendered":"http:\/\/www.invarena.cz\/?p=32278"},"modified":"2019-09-17T17:59:41","modified_gmt":"2019-09-17T15:59:41","slug":"trebonsti-studenti-vybirali-penize-pro-nevidome-lidi","status":"publish","type":"post","link":"https:\/\/www.invarena.cz\/?p=32278","title":{"rendered":"T\u0159ebo\u0148\u0161t\u00ed studenti vyb\u00edrali pen\u00edze pro nevidom\u00e9 lidi"},"content":{"rendered":"<p><strong>Pen\u00edze pro nevidom\u00e9, a lidi, kte\u0159\u00ed \u0161patn\u011b vid\u00ed, vyb\u00edrali ve \u010dtvrtek v T\u0159eboni studenti tamn\u00ed St\u0159edn\u00ed odborn\u00e9 \u0161koly, Obchodn\u00ed akademie a St\u0159edn\u00edho odborn\u00e9ho u\u010dili\u0161t\u011b.<\/strong> <!--more--><\/p>\n<p><em>ilustra\u010dn\u00ed foto<\/em><\/p>\n<p>Do ulic m\u011bsta vyrazilo celkem 24 student\u016f z druh\u00e9ho ro\u010dn\u00edku st\u0159edn\u00ed \u0161koly a t\u0159et\u00edho ro\u010dn\u00edku u\u010debn\u00edho oboru ve dvan\u00e1cti dvojic\u00edch. \u017d\u00e1ci t\u0159ebo\u0148sk\u00e9 \u0161koly se t\u00e9to akce \u00fa\u010dastn\u00ed dlouhodob\u011b.<\/p>\n<p>&#8222;Chceme upozornit na\u0161e studenty, \u017ee ne ka\u017ed\u00fd m\u00e1 to \u0161t\u011bst\u00ed b\u00fdt zdrav\u00fd, a \u017ee jsou mezi n\u00e1mi i zdravotn\u011b handicapovan\u00ed lid\u00e9, j\u00edm\u017e tato sb\u00edrka pom\u00e1h\u00e1 v z\u00edsk\u00e1v\u00e1n\u00ed pen\u011bz na pot\u0159ebn\u00e9 pom\u016fcky, kter\u00e9 jsou pom\u011brn\u011b drah\u00e9. Cht\u011bla bych tak\u00e9 pod\u011bkovat na\u0161im student\u016fm, proto\u017ee ti se t\u00e9to akce z\u00fa\u010dastnili jako dobrovoln\u00edci a tak\u00e9 v\u0161em lidem, kte\u0159\u00ed do sb\u00edrky p\u0159isp\u011bli,&#8220; \u0159ekla u\u010ditelka Ivana Kosteleck\u00e1, kter\u00e1 m\u00e1 ve\u0159ejnou sb\u00edrku Sv\u011btlu\u0161ka na starosti.<\/p>\n<p>Leto\u0161n\u00ed v\u00fdsledky je\u0161t\u011b nejsou zn\u00e1m\u00e9, ale v minul\u00e9m roce t\u0159ebo\u0148\u0161t\u00ed studenti vybrali 17 240 K\u010d.<\/p>\n<p>Sv\u011btlu\u0161ka je dlouhodob\u00fd projekt Nada\u010dn\u00edho fondu \u010cesk\u00e9ho rozhlasu zalo\u017een\u00fd na solidarit\u011b a dobr\u00e9 v\u016fli lid\u00ed, kte\u0159\u00ed se rozhodli darovat nevidom\u00fdm trochu sv\u011btla. Pom\u00e1h\u00e1 d\u011btem a dosp\u011bl\u00fdm s t\u011b\u017ek\u00fdm zrakov\u00fdm posti\u017een\u00edm. Je oporou pro ty, kter\u00e9 nelehk\u00fd \u017eivotn\u00ed osud postavil p\u0159ed ka\u017edodenn\u00ed v\u00fdzvu: znovu a znovu se u\u010dit \u017eivotu ve tm\u011b &#8211; bez pomoci jednoho z nejd\u016fle\u017eit\u011bj\u0161\u00edch lidsk\u00fdch smysl\u016f.<\/p>\n<p>Sv\u011btlu\u0161ka sv\u00edt\u00ed od roku 2003. Do projektu se v r\u00e1mci \u010cesk\u00e9 republiky dosud zapojilo v\u00edce ne\u017e 80 000 dobrovoln\u00edk\u016f a miliony d\u00e1rc\u016f.<\/p>\n<p>Jan Ziegler<br \/>\nJind\u0159ichohradeck\u00fd den\u00edk<br \/>\n<a href=\"https:\/\/jindrichohradecky.denik.cz\/\" target=\"_blank\" rel=\"noopener noreferrer\">https:\/\/jindrichohradecky.denik.cz\/<\/a><\/p>\n","protected":false},"excerpt":{"rendered":"<div class=\"mh-excerpt\"><p>Pen\u00edze pro nevidom\u00e9, a lidi, kte\u0159\u00ed \u0161patn\u011b vid\u00ed, vyb\u00edrali ve \u010dtvrtek v T\u0159eboni studenti tamn\u00ed St\u0159edn\u00ed odborn\u00e9 \u0161koly, Obchodn\u00ed akademie a St\u0159edn\u00edho odborn\u00e9ho u\u010dili\u0161t\u011b.<\/p>\n<\/div>","protected":false},"author":1,"featured_media":5371,"comment_status":"open","ping_status":"closed","sticky":false,"template":"","format":"standard","meta":{"footnotes":""},"categories":[9],"tags":[],"class_list":["post-32278","post","type-post","status-publish","format-standard","has-post-thumbnail","hentry","category-zpravy"],"_links":{"self":[{"href":"https:\/\/www.invarena.cz\/index.php?rest_route=\/wp\/v2\/posts\/32278","targetHints":{"allow":["GET"]}}],"collection":[{"href":"https:\/\/www.invarena.cz\/index.php?rest_route=\/wp\/v2\/posts"}],"about":[{"href":"https:\/\/www.invarena.cz\/index.php?rest_route=\/wp\/v2\/types\/post"}],"author":[{"embeddable":true,"href":"https:\/\/www.invarena.cz\/index.php?rest_route=\/wp\/v2\/users\/1"}],"replies":[{"embeddable":true,"href":"https:\/\/www.invarena.cz\/index.php?rest_route=%2Fwp%2Fv2%2Fcomments&post=32278"}],"version-history":[{"count":0,"href":"https:\/\/www.invarena.cz\/index.php?rest_route=\/wp\/v2\/posts\/32278\/revisions"}],"wp:featuredmedia":[{"embeddable":true,"href":"https:\/\/www.invarena.cz\/index.php?rest_route=\/wp\/v2\/media\/5371"}],"wp:attachment":[{"href":"https:\/\/www.invarena.cz\/index.php?rest_route=%2Fwp%2Fv2%2Fmedia&parent=32278"}],"wp:term":[{"taxonomy":"category","embeddable":true,"href":"https:\/\/www.invarena.cz\/index.php?rest_route=%2Fwp%2Fv2%2Fcategories&post=32278"},{"taxonomy":"post_tag","embeddable":true,"href":"https:\/\/www.invarena.cz\/index.php?rest_route=%2Fwp%2Fv2%2Ftags&post=32278"}],"curies":[{"name":"wp","href":"https:\/\/api.w.org\/{rel}","templated":true}]}}