{"id":32291,"date":"2019-09-18T13:45:07","date_gmt":"2019-09-18T11:45:07","guid":{"rendered":"http:\/\/www.invarena.cz\/?p=32291"},"modified":"2019-09-23T08:58:20","modified_gmt":"2019-09-23T06:58:20","slug":"tanecni-terapie-euroinstitutu-na-festivalu-v-libochovicich","status":"publish","type":"post","link":"https:\/\/www.invarena.cz\/?p=32291","title":{"rendered":"Tane\u010dn\u00ed terapie Euroinstitutu na festivalu v Libochovic\u00edch"},"content":{"rendered":"<p><strong>V\u00a0\u00fater\u00fd 10. z\u00e1\u0159\u00ed prob\u011bhl v\u00a0Libochovic\u00edch dev\u00e1t\u00fd ro\u010dn\u00edk jednodenn\u00edho festivalu s\u00a0n\u00e1zvem Um\u00edme se bavit. Divadeln\u00ed, hudebn\u00ed a tane\u010dn\u00ed p\u0159ehl\u00eddka nab\u00eddla uk\u00e1zky ze z\u00e1jmov\u00e9 tvorby osob se zdravotn\u00edm posti\u017een\u00edm. <\/strong><!--more--><\/p>\n<p>Festival po\u0159\u00e1daly m\u011bsto Libochovice a T. O. B\u00edl\u00fd zaj\u00edc pod z\u00e1\u0161titou radn\u00ed \u00fasteck\u00e9ho kraje pro oblast kultury a pam\u00e1tkov\u00e9 p\u00e9\u010de Jitky Sachetov\u00e9 a starosty m\u011bsta Libochovice Mgr. Miroslava Z\u016fny. Celou akc\u00ed prov\u00e1zela patronka festivalu here\u010dka Ivana Andrlov\u00e1.<\/p>\n<p>Na leto\u0161n\u00edm ro\u010dn\u00edku byla k\u00a0vid\u011bn\u00ed vystoupen\u00ed deseti soubor\u016f. K\u00a0tradi\u010dn\u00edm \u00fa\u010dastn\u00edk\u016fm festivalu p\u0159ibyli nov\u00e1\u010dci z\u00a0Euroinstitutu, praktick\u00e9 \u0161koly a odborn\u00e9ho u\u010dili\u0161t\u011b. Jeho \u017e\u00e1ci z\u00a0Domova Kraj\u00e1nek v\u00a0Jesenici se v\u00a0r\u00e1mci rozv\u00edjen\u00ed kl\u00ed\u010dov\u00fdch kompetenc\u00ed realizovan\u00fdch mimo \u0161kolu s\u00a0pan\u00ed u\u010ditelkou Hereitovou v\u011bnuj\u00ed tane\u010dn\u00ed terapii. Sestavili a nacvi\u010dili u\u017e n\u011bkolik tematicky pojat\u00fdch vystoupen\u00ed. K\u00a0tomu posledn\u00edmu je inspiroval u\u010ditel n\u00e1rod\u016f Jan \u00c1mos Komensk\u00fd. \u0160koly Euroinstitutu v\u011bnuj\u00ed speci\u00e1ln\u011b pedagogick\u00e9 p\u00e9\u010di sv\u00fdch \u017e\u00e1k\u016f a u\u010d\u0148\u016f velk\u00e9 \u00fasil\u00ed.<\/p>\n<p>V\u0161ichni \u00fa\u010dastn\u00edci prezentovali svou tvorbu dvakr\u00e1t. Povedlo se jim rozh\u00fdbat a rozezp\u00edvat nejen d\u011btsk\u00e9 div\u00e1ky, kte\u0159\u00ed festival nav\u0161t\u00edvili dopoledne, ale i ty dosp\u011bl\u00e9 v\u00a0pr\u016fb\u011bhu odpoledn\u00edho p\u0159edstaven\u00ed. Maxim\u00e1ln\u011b naplnili n\u00e1zev festivalu a v\u0161em p\u0159\u00edchoz\u00edm uk\u00e1zali, \u017ee bavit se um\u00ed i lid\u00e9 s\u00a0handicapem.<\/p>\n","protected":false},"excerpt":{"rendered":"<div class=\"mh-excerpt\"><p>V\u00a0\u00fater\u00fd 10. z\u00e1\u0159\u00ed prob\u011bhl v\u00a0Libochovic\u00edch dev\u00e1t\u00fd ro\u010dn\u00edk jednodenn\u00edho festivalu s\u00a0n\u00e1zvem Um\u00edme se bavit. Divadeln\u00ed, hudebn\u00ed a tane\u010dn\u00ed p\u0159ehl\u00eddka nab\u00eddla uk\u00e1zky ze z\u00e1jmov\u00e9 tvorby osob se <a class=\"mh-excerpt-more\" href=\"https:\/\/www.invarena.cz\/?p=32291\" title=\"Tane\u010dn\u00ed terapie Euroinstitutu na festivalu v Libochovic\u00edch\">[&#8230;]<\/a><\/p>\n<\/div>","protected":false},"author":1,"featured_media":32292,"comment_status":"open","ping_status":"closed","sticky":false,"template":"","format":"standard","meta":{"footnotes":""},"categories":[9],"tags":[],"class_list":["post-32291","post","type-post","status-publish","format-standard","has-post-thumbnail","hentry","category-zpravy"],"_links":{"self":[{"href":"https:\/\/www.invarena.cz\/index.php?rest_route=\/wp\/v2\/posts\/32291","targetHints":{"allow":["GET"]}}],"collection":[{"href":"https:\/\/www.invarena.cz\/index.php?rest_route=\/wp\/v2\/posts"}],"about":[{"href":"https:\/\/www.invarena.cz\/index.php?rest_route=\/wp\/v2\/types\/post"}],"author":[{"embeddable":true,"href":"https:\/\/www.invarena.cz\/index.php?rest_route=\/wp\/v2\/users\/1"}],"replies":[{"embeddable":true,"href":"https:\/\/www.invarena.cz\/index.php?rest_route=%2Fwp%2Fv2%2Fcomments&post=32291"}],"version-history":[{"count":0,"href":"https:\/\/www.invarena.cz\/index.php?rest_route=\/wp\/v2\/posts\/32291\/revisions"}],"wp:featuredmedia":[{"embeddable":true,"href":"https:\/\/www.invarena.cz\/index.php?rest_route=\/wp\/v2\/media\/32292"}],"wp:attachment":[{"href":"https:\/\/www.invarena.cz\/index.php?rest_route=%2Fwp%2Fv2%2Fmedia&parent=32291"}],"wp:term":[{"taxonomy":"category","embeddable":true,"href":"https:\/\/www.invarena.cz\/index.php?rest_route=%2Fwp%2Fv2%2Fcategories&post=32291"},{"taxonomy":"post_tag","embeddable":true,"href":"https:\/\/www.invarena.cz\/index.php?rest_route=%2Fwp%2Fv2%2Ftags&post=32291"}],"curies":[{"name":"wp","href":"https:\/\/api.w.org\/{rel}","templated":true}]}}