{"id":32293,"date":"2019-09-19T17:53:20","date_gmt":"2019-09-19T15:53:20","guid":{"rendered":"http:\/\/www.invarena.cz\/?p=32293"},"modified":"2019-09-19T17:53:20","modified_gmt":"2019-09-19T15:53:20","slug":"prazskemu-rehabilitacnimu-centru-rehafit-hrozi-zanik","status":"publish","type":"post","link":"https:\/\/www.invarena.cz\/?p=32293","title":{"rendered":"Pra\u017esk\u00e9mu rehabilita\u010dn\u00edmu centru Rehafit hroz\u00ed z\u00e1nik"},"content":{"rendered":"<p><strong>Pra\u017esk\u00e9mu rehabilita\u010dn\u00edmu centru pro t\u011b\u017ece t\u011blesn\u011b posti\u017een\u00e9 Rehafit hroz\u00ed z\u00e1nik. V\u0161eobecn\u00e1 zdravotn\u00ed poji\u0161\u0165ovna mu odm\u00edt\u00e1 proplatit p\u00e9\u010di, kterou jeho pracovn\u00edci poskytli pacient\u016fm nad r\u00e1mec \u00fahradov\u00e9 vyhl\u00e1\u0161ky. Report\u00e1\u017e Radio\u017eurn\u00e1lu.<\/strong><!--more--><\/p>\n<p><em>ilustra\u010dn\u00ed sn\u00edmek<\/em><\/p>\n<p>Je to jednor\u00e1zov\u00fd probl\u00e9m nebo je chyba v syst\u00e9mu financov\u00e1n\u00ed rehabilita\u010dn\u00edch center v \u010cesku?<\/p>\n<p>moder\u00e1tor<br \/>\nCentrum Rehafit v Praze na \u010cern\u00e9m most\u011b tvrd\u00ed, \u017ee se sna\u017e\u00ed nab\u00eddnout sv\u00fdm klient\u016fm prost\u011b tolik p\u00e9\u010de, kolik ji pot\u0159ebuj\u00ed, jen\u017ee poji\u0161\u0165ovna takov\u00fd objem prost\u011b nepropl\u00e1c\u00ed. Je obdobn\u00e1 situace i v jin\u00fdch rehabilita\u010dn\u00edch centrech, nebo je to podle v\u00e1s jednor\u00e1zov\u00fd probl\u00e9m?<\/p>\n<p>V\u00e1clav KR\u00c1SA, p\u0159edseda N\u00e1rodn\u00ed rady osob se zdravotn\u00edm posti\u017een\u00edm<br \/>\nTak j\u00e1 mus\u00edm \u0159\u00edci, \u017ee zat\u00edm nev\u00edm, \u017ee by byl v jin\u00fdch rehabilita\u010dn\u00edch centrech takov\u00fdto probl\u00e9m, ale je pravda, \u017ee je tro\u0161ku probl\u00e9m ve zp\u016fsobu financov\u00e1n\u00ed rehabilita\u010dn\u00ed p\u00e9\u010de, proto\u017ee z\u00e1le\u017e\u00ed na tom, jak\u00fd je rozsah zdravotn\u00edho posti\u017een\u00ed t\u011bch pacient\u016f. Tam, kde je ten rozsah posti\u017een\u00ed podstatn\u011b v\u011bt\u0161\u00ed, tak samoz\u0159ejm\u011b, \u017ee je to n\u00e1ro\u010dn\u011bj\u0161\u00ed na \u010das, na po\u010det pracovn\u00edk\u016f a tady, bohu\u017eel nedoch\u00e1z\u00ed k tomu, aby tyto v\u011bci byly rozli\u0161eny z hlediska platby od VZP nebo v\u016fbec od zdravotn\u00edch poji\u0161\u0165oven jako celku, \u010dili m\u016f\u017ee se to skute\u010dn\u011b st\u00e1t, \u017ee p\u0159i skladb\u011b pacient\u016f, kter\u00e1 je rozd\u00edln\u00e1 od jin\u00fdch pracovi\u0161\u0165 m\u016f\u017ee doj\u00edt k t\u011bmto situac\u00edm.<\/p>\n<p>moder\u00e1tor<br \/>\nM\u011blo by tedy centrum Rehafit pos\u00edlat sv\u00e9 klienty jinam. Mysl\u00edm o t\u011bch t\u011b\u017e\u0161\u00edch p\u0159\u00edpadech. Jak to \u0159e\u0161it?<\/p>\n<p>V\u00e1clav KR\u00c1SA,<br \/>\nJ\u00e1 mysl\u00edm, \u017ee je, proto\u017ee pacient m\u00e1 pr\u00e1vo v z\u00e1sad\u011b si vybrat zdravotnick\u00e9 za\u0159\u00edzen\u00ed u n\u00e1s a to by nem\u011bl d\u011blat, m\u011bl by samoz\u0159ejm\u011b d\u00e1le jednat s poji\u0161\u0165ovnou. Mus\u00edm \u0159\u00edci, \u017ee kdyby se mo\u017en\u00e1 na n\u00e1s obr\u00e1tili, tak bychom se pokusili i sami jednat se zdravotn\u00ed poji\u0161\u0165ovnou, abychom ten probl\u00e9m vy\u0159e\u0161ili. Ono v Praze je 10 takov\u00fdchto pracovi\u0161\u0165, tak\u017ee si mysl\u00edm, \u017ee zrovna v Praze dostupnost jak\u00e9koliv zdravotn\u00ed p\u00e9\u010de je vynikaj\u00edc\u00ed, je to n\u011bkde v jin\u00fdch kraj\u00edch, nap\u0159\u00edklad Karlovarsk\u00fd kraj nem\u00e1 v\u016fbec \u017e\u00e1dn\u00e9 rehabilita\u010dn\u00ed za\u0159\u00edzen\u00ed, tak\u017ee je to kraj od kraj\u016f r\u016fzn\u00e9.<\/p>\n<p>moder\u00e1tor<br \/>\n\u0158\u00edk\u00e1te, \u017ee by N\u00e1rodn\u00ed rada zdravotn\u011b posti\u017een\u00fdch v tom mohla n\u011bjak\u00fdm zp\u016fsobem pomoci. Jak&#8230;<\/p>\n<p>V\u00e1clav KR\u00c1SA,<br \/>\nM\u016f\u017eeme pomoci v tom jedn\u00e1n\u00ed sp\u00ed\u0161e.<\/p>\n<p>moder\u00e1tor<br \/>\nV tom jedn\u00e1n\u00ed. Jak vst\u0159\u00edcn\u00e1 je VZP nebo V\u0161eobecn\u00e1 zdravotn\u00ed poji\u0161\u0165ovna v takov\u00fdch, \u0159ekn\u011bme, individu\u00e1ln\u00edch p\u0159\u00edpadech nebo v p\u0159\u00edpadech, kdy je pot\u0159eba ten finan\u010dn\u00ed bal\u00edk jaksi nafouknout pro n\u00e1ro\u010dn\u011bj\u0161\u00ed klienty?<\/p>\n<p>V\u00e1clav KR\u00c1SA,<br \/>\nTak je to velmi rozd\u00edln\u00e9, ale mysl\u00edm si, \u017ee nakonec se dojde v\u017edycky k n\u011bjak\u00e9mu kompromisu.\u00a0 Tak\u017ee j\u00e1 si mysl\u00edm, \u017ee ur\u010dit\u011b prostor n\u011bjak\u00fd k jedn\u00e1n\u00ed je\u0161t\u011b je. Tam zrovna na Praze 14 na \u010cern\u00e9m most\u011b, v\u00edm, \u017ee jsou je\u0161t\u011b Chabry a mysl\u00edm, \u017ee je je\u0161t\u011b jedno rehabilita\u010dn\u00ed za\u0159\u00edzen\u00ed. Tak\u017ee je opravdu zvl\u00e1\u0161tn\u00ed, \u017ee zrovna toto za\u0159\u00edzen\u00ed je v takov\u00fdchto komplikac\u00edch.<\/p>\n<p>moder\u00e1tor<br \/>\nPokud by se finan\u010dn\u00ed situace toho za\u0159\u00edzen\u00ed Rehafit nevy\u0159e\u0161ila, muselo by se zav\u0159\u00edt v tom nejkrajn\u011bj\u0161\u00edm p\u0159\u00edpad\u011b. Klienti by tedy museli si vybrat stejn\u011b za\u0159\u00edzen\u00ed jin\u00e9, kdo by v takov\u00e9m p\u0159\u00edpad\u011b m\u011bl p\u0159evz\u00edt do p\u00e9\u010de, je to na volb\u011b toho klienta?<\/p>\n<p>V\u00e1clav KR\u00c1SA,<br \/>\nJe to na volb\u011b toho poji\u0161t\u011bnce, ano.<\/p>\n<p>moder\u00e1tor<br \/>\nKolik rehabilita\u010dn\u00edch center pro handicapovan\u00e9 v \u010cesku m\u00e1me a jsou rovnom\u011brn\u011b dostupn\u00e9.<\/p>\n<p>V\u00e1clav KR\u00c1SA,<br \/>\nJak u\u017e jsem \u0159\u00edkal, nejsou rovnom\u011brn\u011b nedostupn\u00e1, je jich n\u011bco mezi 70-80. J\u00e1 jsem na\u0161el \u010d\u00edslo 71, ale netroufnu si \u0159\u00edct, \u017ee je to kone\u010dn\u00e9 \u010d\u00edslo. Nejv\u00edce t\u011bch za\u0159\u00edzen\u00ed je v Praze a v\u016fbec ve St\u0159edo\u010desk\u00e9m kraji&#8230; a je\u0161t\u011b jich je hodn\u011b v Moravskoslezsk\u00e9m kraji, ale \u010d\u00edm v\u00edce jaksi d\u00e1l od centra, tak se zd\u00e1, \u017ee ta hustota rehabilita\u010dn\u00edch center je men\u0161\u00ed.<\/p>\n<p>moder\u00e1tor<br \/>\nSkladba klient\u016f jednotliv\u00fdch center se li\u0161\u00ed. VZP uzn\u00e1v\u00e1, \u017ee pr\u00e1v\u011b Rehafit na \u010cern\u00e9m most\u011b v Praze se star\u00e1 o ty nejt\u011b\u017e\u0161\u00ed, tak\u017ee dost\u00e1v\u00e1 zhruba 4kr\u00e1t v\u00edc pen\u011bz ne\u017e jin\u00e1 centra. Je podle v\u00e1s ten syst\u00e9m financov\u00e1n\u00ed t\u00e9to p\u00e9\u010de nastaven\u00fd u n\u00e1s spr\u00e1vn\u011b?<\/p>\n<p>V\u00e1clav KR\u00c1SA,<br \/>\nMus\u00edm \u0159\u00edct, \u017ee to nedok\u00e1\u017eu hned takhle \u00fapln\u011b posoudit, ale t\u00edm, \u017ee VZP p\u0159ihl\u00ed\u017e\u00ed ke skladb\u011b aspo\u0148 \u010d\u00e1ste\u010dn\u011b u t\u011bch pacient\u016f, tak si mysl\u00edm, \u017ee asi jin\u00fd syst\u00e9m nen\u00ed, nen\u00ed mo\u017en\u00e9 nastavit, je to jak\u00fdsi v\u00fdkonov\u00fd syst\u00e9m. Nedovedu si to p\u0159edstavit. Sp\u00ed\u0161 je pot\u0159eba, aby to rehabilita\u010dn\u00ed centrum dok\u00e1zalo zd\u016fvodnit svoje n\u00e1klady a aby dok\u00e1zalo VZP p\u0159esv\u011bd\u010dit, \u017ee skute\u010dn\u011b vynalo\u017eilo na l\u00e9\u010dbu tolik a tolik nezbytn\u00fdch prost\u0159edk\u016f.<\/p>\n<p>moder\u00e1tor<br \/>\nA v t\u011bch jedn\u00e1n\u00edch jim nab\u00edz\u00edte pomoc?<\/p>\n<p>V\u00e1clav KR\u00c1SA,<br \/>\nAno.<\/p>\n<p>moder\u00e1tor<br \/>\nP\u0159edseda N\u00e1rodn\u00ed rady zdravotn\u011b posti\u017een\u00fdch V\u00e1clav Kr\u00e1sa hostem Rann\u00edho interview Radio\u017eurn\u00e1lu. D\u011bkuju v\u00e1m za odpov\u011bdi. Na shledanou.<\/p>\n","protected":false},"excerpt":{"rendered":"<div class=\"mh-excerpt\"><p>Pra\u017esk\u00e9mu rehabilita\u010dn\u00edmu centru pro t\u011b\u017ece t\u011blesn\u011b posti\u017een\u00e9 Rehafit hroz\u00ed z\u00e1nik. V\u0161eobecn\u00e1 zdravotn\u00ed poji\u0161\u0165ovna mu odm\u00edt\u00e1 proplatit p\u00e9\u010di, kterou jeho pracovn\u00edci poskytli pacient\u016fm nad r\u00e1mec \u00fahradov\u00e9 <a class=\"mh-excerpt-more\" href=\"https:\/\/www.invarena.cz\/?p=32293\" title=\"Pra\u017esk\u00e9mu rehabilita\u010dn\u00edmu centru Rehafit hroz\u00ed z\u00e1nik\">[&#8230;]<\/a><\/p>\n<\/div>","protected":false},"author":1,"featured_media":29846,"comment_status":"open","ping_status":"closed","sticky":false,"template":"","format":"standard","meta":{"footnotes":""},"categories":[12,9],"tags":[],"class_list":["post-32293","post","type-post","status-publish","format-standard","has-post-thumbnail","hentry","category-rozhovory","category-zpravy"],"_links":{"self":[{"href":"https:\/\/www.invarena.cz\/index.php?rest_route=\/wp\/v2\/posts\/32293","targetHints":{"allow":["GET"]}}],"collection":[{"href":"https:\/\/www.invarena.cz\/index.php?rest_route=\/wp\/v2\/posts"}],"about":[{"href":"https:\/\/www.invarena.cz\/index.php?rest_route=\/wp\/v2\/types\/post"}],"author":[{"embeddable":true,"href":"https:\/\/www.invarena.cz\/index.php?rest_route=\/wp\/v2\/users\/1"}],"replies":[{"embeddable":true,"href":"https:\/\/www.invarena.cz\/index.php?rest_route=%2Fwp%2Fv2%2Fcomments&post=32293"}],"version-history":[{"count":0,"href":"https:\/\/www.invarena.cz\/index.php?rest_route=\/wp\/v2\/posts\/32293\/revisions"}],"wp:featuredmedia":[{"embeddable":true,"href":"https:\/\/www.invarena.cz\/index.php?rest_route=\/wp\/v2\/media\/29846"}],"wp:attachment":[{"href":"https:\/\/www.invarena.cz\/index.php?rest_route=%2Fwp%2Fv2%2Fmedia&parent=32293"}],"wp:term":[{"taxonomy":"category","embeddable":true,"href":"https:\/\/www.invarena.cz\/index.php?rest_route=%2Fwp%2Fv2%2Fcategories&post=32293"},{"taxonomy":"post_tag","embeddable":true,"href":"https:\/\/www.invarena.cz\/index.php?rest_route=%2Fwp%2Fv2%2Ftags&post=32293"}],"curies":[{"name":"wp","href":"https:\/\/api.w.org\/{rel}","templated":true}]}}