{"id":32339,"date":"2019-09-23T12:55:04","date_gmt":"2019-09-23T10:55:04","guid":{"rendered":"http:\/\/www.invarena.cz\/?p=32339"},"modified":"2019-09-24T13:50:12","modified_gmt":"2019-09-24T11:50:12","slug":"pri-jakem-typu-postizeni-pohyboveho-ustroji-je-narok-na-prispevek-na-automobil","status":"publish","type":"post","link":"https:\/\/www.invarena.cz\/?p=32339","title":{"rendered":"P\u0159i jak\u00e9m typu posti\u017een\u00ed pohybov\u00e9ho \u00fastroj\u00ed je n\u00e1rok na p\u0159\u00edsp\u011bvek na automobil?"},"content":{"rendered":"<p><strong>Dotazy na mo\u017enost z\u00edsk\u00e1n\u00ed p\u0159\u00edsp\u011bvku na motorov\u00e9 vozidlo jsou pom\u011brn\u011b \u010dast\u00e9. Proto p\u0159in\u00e1\u0161\u00edme informace o tom, p\u0159i jak\u00e9m typu posti\u017een\u00ed, u jak\u00fdch vad pohybov\u00e9ho \u010di nosn\u00e9ho \u00fastroj\u00ed\u00a0 m\u016f\u017ee m\u00edt n\u00e1mi podan\u00e1 \u017e\u00e1dost o tento druh p\u0159\u00edsp\u011bvku nad\u011bji na \u00fasp\u011bch. \u00a0<\/strong><!--more--><\/p>\n<p>P\u0159\u00edsp\u011bvek na zvl\u00e1\u0161tn\u00ed pom\u016fcku &#8211; na po\u0159\u00edzen\u00ed motorov\u00e9ho vozidla &#8211; se p\u0159izn\u00e1v\u00e1 na dva n\u00e1sleduj\u00edc\u00ed okruhy zdravotn\u00edho posti\u017een\u00ed:<\/p>\n<p>a) t\u011b\u017ek\u00e1 vada nosn\u00e9ho nebo pohybov\u00e9ho \u00fastroj\u00ed<\/p>\n<p>b) t\u011b\u017ek\u00e1 nebo hlubok\u00e1 ment\u00e1ln\u00ed retardace a stavy na rozhran\u00ed t\u011b\u017ek\u00e9 ment\u00e1ln\u00ed retardace.<\/p>\n<p>&nbsp;<\/p>\n<p><strong>Za t\u011b\u017ekou vadu nosn\u00e9ho nebo pohybov\u00e9ho \u00fastroj\u00ed se pova\u017euje:\u00a0<\/strong><\/p>\n<p>&#8211; anatomick\u00e1 ztr\u00e1ta obou doln\u00edch kon\u010detin v b\u00e9rc\u00edch a v\u00fd\u0161e,<\/p>\n<p>&#8211; funk\u010dn\u00ed ztr\u00e1ta obou doln\u00edch kon\u010detin na podklad\u011b \u00fapln\u00e9 obrny (plegie) nebo t\u011b\u017ek\u00e9ho ochrnut\u00ed,<\/p>\n<p>&#8211; funk\u010dn\u00ed ztr\u00e1ta jedn\u00e9 horn\u00ed a jedn\u00e9 doln\u00ed kon\u010detiny na podklad\u011b \u00fapln\u00e9 obrny (plegie) nebo t\u011b\u017ek\u00e9ho ochrnut\u00ed,<\/p>\n<p>&#8211; ankyl\u00f3za obou ky\u010deln\u00edch kloub\u016f nebo obou kolenn\u00edch kloub\u016f nebo podstatn\u00e9 omezen\u00ed hybnosti obou ky\u010deln\u00edch nebo kolenn\u00edch kloub\u016f pro t\u011b\u017ek\u00e9 kontraktury v okol\u00ed,<\/p>\n<p>&#8211; ztuhnut\u00ed v\u0161ech \u00fasek\u016f p\u00e1te\u0159e s t\u011b\u017ek\u00fdm omezen\u00edm pohyblivosti alespo\u0148 dvou nosn\u00fdch kloub\u016f doln\u00edch kon\u010detin,<\/p>\n<p>&#8211; t\u011b\u017ek\u00e9 funk\u010dn\u00ed poruchy pohyblivosti na z\u00e1klad\u011b posti\u017een\u00ed t\u0159\u00ed a v\u00edce funk\u010dn\u00edch celk\u016f pohybov\u00e9ho \u00fastroj\u00ed s p\u0159\u00edpadnou odk\u00e1zanost\u00ed na voz\u00edk pro invalidy; funk\u010dn\u00edm celkem se p\u0159itom rozum\u00ed trup, p\u00e1nev, kon\u010detina,<\/p>\n<p>&#8211; dispropor\u010dn\u00ed poruchy r\u016fstu prov\u00e1zen\u00e9 deformitami kon\u010detin a hrudn\u00edku, pokud t\u011blesn\u00e1 v\u00fd\u0161ka posti\u017een\u00e9ho po ukon\u010den\u00ed r\u016fstu nep\u0159esahuje 120 cm,<\/p>\n<p>&#8211; anatomick\u00e1 ztr\u00e1ta doln\u00ed kon\u010detiny ve stehn\u011b bez mo\u017enosti oprot\u00e9zov\u00e1n\u00ed nebo exartikulace v ky\u010deln\u00edm kloubu,<\/p>\n<p>&#8211; anatomick\u00e1 nebo funk\u010dn\u00ed ztr\u00e1ta kon\u010detiny,<\/p>\n<p>&#8211; anatomick\u00e1 nebo funk\u010dn\u00ed ztr\u00e1ta obou horn\u00edch kon\u010detin,<\/p>\n<p>&#8211; anatomick\u00e1 ztr\u00e1ta doln\u00ed kon\u010detiny ve stehn\u011b s mo\u017enost\u00ed oprot\u00e9zov\u00e1n\u00ed.<\/p>\n<p>&nbsp;<\/p>\n<p>redakce invArena<\/p>\n<p>&nbsp;<\/p>\n<p>&nbsp;<\/p>\n<p>&nbsp;<\/p>\n","protected":false},"excerpt":{"rendered":"<div class=\"mh-excerpt\"><p>Dotazy na mo\u017enost z\u00edsk\u00e1n\u00ed p\u0159\u00edsp\u011bvku na motorov\u00e9 vozidlo jsou pom\u011brn\u011b \u010dast\u00e9. Proto p\u0159in\u00e1\u0161\u00edme informace o tom, p\u0159i jak\u00e9m typu posti\u017een\u00ed, u jak\u00fdch vad pohybov\u00e9ho \u010di <a class=\"mh-excerpt-more\" href=\"https:\/\/www.invarena.cz\/?p=32339\" title=\"P\u0159i jak\u00e9m typu posti\u017een\u00ed pohybov\u00e9ho \u00fastroj\u00ed je n\u00e1rok na p\u0159\u00edsp\u011bvek na automobil?\">[&#8230;]<\/a><\/p>\n<\/div>","protected":false},"author":1,"featured_media":14188,"comment_status":"open","ping_status":"closed","sticky":false,"template":"","format":"standard","meta":{"footnotes":""},"categories":[18],"tags":[],"class_list":["post-32339","post","type-post","status-publish","format-standard","has-post-thumbnail","hentry","category-poradna"],"_links":{"self":[{"href":"https:\/\/www.invarena.cz\/index.php?rest_route=\/wp\/v2\/posts\/32339","targetHints":{"allow":["GET"]}}],"collection":[{"href":"https:\/\/www.invarena.cz\/index.php?rest_route=\/wp\/v2\/posts"}],"about":[{"href":"https:\/\/www.invarena.cz\/index.php?rest_route=\/wp\/v2\/types\/post"}],"author":[{"embeddable":true,"href":"https:\/\/www.invarena.cz\/index.php?rest_route=\/wp\/v2\/users\/1"}],"replies":[{"embeddable":true,"href":"https:\/\/www.invarena.cz\/index.php?rest_route=%2Fwp%2Fv2%2Fcomments&post=32339"}],"version-history":[{"count":0,"href":"https:\/\/www.invarena.cz\/index.php?rest_route=\/wp\/v2\/posts\/32339\/revisions"}],"wp:featuredmedia":[{"embeddable":true,"href":"https:\/\/www.invarena.cz\/index.php?rest_route=\/wp\/v2\/media\/14188"}],"wp:attachment":[{"href":"https:\/\/www.invarena.cz\/index.php?rest_route=%2Fwp%2Fv2%2Fmedia&parent=32339"}],"wp:term":[{"taxonomy":"category","embeddable":true,"href":"https:\/\/www.invarena.cz\/index.php?rest_route=%2Fwp%2Fv2%2Fcategories&post=32339"},{"taxonomy":"post_tag","embeddable":true,"href":"https:\/\/www.invarena.cz\/index.php?rest_route=%2Fwp%2Fv2%2Ftags&post=32339"}],"curies":[{"name":"wp","href":"https:\/\/api.w.org\/{rel}","templated":true}]}}