{"id":32358,"date":"2019-09-24T15:27:33","date_gmt":"2019-09-24T13:27:33","guid":{"rendered":"http:\/\/www.invarena.cz\/?p=32358"},"modified":"2019-09-24T15:27:33","modified_gmt":"2019-09-24T13:27:33","slug":"chteji-sehnat-tisic-kabelek","status":"publish","type":"post","link":"https:\/\/www.invarena.cz\/?p=32358","title":{"rendered":"Cht\u011bj\u00ed sehnat tis\u00edc kabelek"},"content":{"rendered":"<p><strong>Klienti Nad\u011bje se d\u00edky v\u00fdt\u011b\u017eku Kabelkov\u00e9ho veletrhu vyprav\u00ed na v\u00fdlety a za kulturou. Sb\u011br potrv\u00e1 do za\u010d\u00e1tku prosince.<\/strong> <!--more--><\/p>\n<p>Kada\u0148 \u2013 Pomoc, co se nos\u00ed. Takov\u00fd podtitul m\u00e1 Kabelkov\u00fd veletrh v Kadani, kter\u00fd po\u0159\u00e1d\u00e1 neziskov\u00e1 organizace Nad\u011bje. Stovky kabelek, kter\u00e9 se u\u017e jejich majitelk\u00e1m omrzely, mohou nanovo poslou\u017eit jin\u00fdm \u017een\u00e1m a v\u00fdt\u011b\u017eek nav\u00edc pom\u016f\u017ee pot\u0159ebn\u00fdm. Prosp\u011bch z n\u011bj budou m\u00edt lid\u00e9 s du\u0161evn\u00edm onemocn\u011bn\u00edm a ment\u00e1ln\u011b posti\u017een\u00ed, \u017eij\u00edc\u00ed v chr\u00e1n\u011bn\u00e9m bydlen\u00ed v Kadani a Kl\u00e1\u0161terci nad Oh\u0159\u00ed.<\/p>\n<p>Sb\u011br kabelek u\u017e za\u010dal. Sb\u011brn\u00e1 m\u00edsta jsou p\u0159\u00edmo v kada\u0148sk\u00e9 Nad\u011bji v ulici J. \u0160vermy, v knihovn\u011b na hrad\u011b a v jej\u00ed pobo\u010dce v Golovinov\u011b ulici. &#8222;Teprve jsme za\u010dali, zat\u00edm tedy m\u00e1me prvn\u00edch pades\u00e1t a\u017e \u0161edes\u00e1t kabelek. R\u00e1di bychom, aby se jich se\u0161lo alespo\u0148 tis\u00edc,&#8220; p\u0159eje si vedouc\u00ed soci\u00e1ln\u00ed pracovnice chr\u00e1n\u011bn\u00e9ho bydlen\u00ed Barbora H\u00e1jkov\u00e1.<\/p>\n<p>Sb\u00edrka potrv\u00e1 do 6. prosince. Kabelkov\u00fd veletrh se pak uskute\u010dn\u00ed v Kulturn\u00edm za\u0159\u00edzen\u00ed Orfeum 11. prosince od 14 do 18 hodin.<\/p>\n<p>V\u00fdt\u011b\u017eek z prodeje kabelek m\u00e1 poslou\u017eit na kulturn\u00ed vy\u017eit\u00ed a v\u00fdlety. &#8222;Chceme podpo\u0159it volno\u010dasov\u00e9 aktivity. Na\u0161i klienti \u017eij\u00ed na prahu chudoby, nemaj\u00ed na to, aby jeli na v\u00fdlet do Prahy a za\u0161li nap\u0159\u00edklad do muzea. P\u0159itom je velmi d\u016fle\u017eit\u00e9 za\u010dle\u0148ovat je do spole\u010dnosti,&#8220; vysv\u011btlila soci\u00e1ln\u00ed pracovnice.<\/p>\n<p>Nad\u011bje bd\u00ed nad dvaceti klienty, kdy polovina \u017eije v chr\u00e1n\u011bn\u00fdch bytech v Kadani a druh\u00e1 v Kl\u00e1\u0161terci nad Oh\u0159\u00ed. &#8222;Jedn\u00e1 se o osoby s ment\u00e1ln\u00edm posti\u017een\u00edm, du\u0161evn\u00ed nemoc\u00ed nebo kombinac\u00ed oboj\u00edho,&#8220; nast\u00ednila vedouc\u00ed pobo\u010dek v obou m\u011bstech Veronika Kus\u00e1. &#8222;P\u0159ich\u00e1zej\u00ed z psychiatrick\u00e9 l\u00e9\u010debny a jsou zvykl\u00ed na \u00fastavn\u00ed l\u00e9\u010dbu. My jim ale chceme umo\u017enit, aby mohli \u017e\u00edt co nejv\u00edce samostatn\u011b. Pom\u00e1h\u00e1me jim s rozpo\u010dtem, n\u00e1kupy, vod\u00edme je k l\u00e9ka\u0159i,&#8220; vyjmenovala Kus\u00e1.<\/p>\n<p>Pracovn\u00edci Nad\u011bje jsou klient\u016fm n\u00e1pomocn\u00ed sedm dn\u00ed v t\u00fddnu, dvan\u00e1ct hodin denn\u011b. V p\u0159\u00edpad\u011b pot\u0159eby jsou tak\u00e9 na telefonu.<\/p>\n<p>Organizace po\u0159\u00e1d\u00e1 v Kadani Kabelkov\u00fd veletrh pot\u0159et\u00ed. V prvn\u00edm ro\u010dn\u00edku shrom\u00e1\u017edila na tis\u00edc kabelek a z v\u00fdt\u011b\u017eku 16 tis\u00edc korun po\u0159\u00eddila vybaven\u00ed do zahrady, kterou m\u00e1 pronajatou od fary v ulici Jana \u0160vermy. P\u0159edev\u0161\u00edm k\u0159ovino\u0159ez, zahradn\u00ed n\u00e1\u010din\u00ed a zahradn\u00ed n\u00e1bytek. Dal\u0161\u00ed ro\u010dn\u00edk byl m\u00edrn\u011b slab\u0161\u00ed. Ve sb\u00edrce bylo na 700 kabelek a v\u00fdt\u011b\u017eek dos\u00e1hl deseti tis\u00edc korun. Klienti chr\u00e1n\u011bn\u00e9ho bydlen\u00ed d\u00edky nim z\u00edskali vytou\u017een\u00fd sklen\u00edk.<\/p>\n<p>&#8222;Bylo by skv\u011bl\u00e9, kdybychom letos dos\u00e1hli podobn\u00e9ho v\u00fdsledku jako v prvn\u00edm ro\u010dn\u00edku,&#8220; uvedla vedouc\u00ed soci\u00e1ln\u00ed pracovnice. &#8222;Budeme ale r\u00e1di za jak\u00fdkoli v\u00fdt\u011b\u017eek,&#8220; dodala.<\/p>\n<p>Nad\u011bje vznikla jako jedna z prvn\u00edch neziskov\u00fdch organizac\u00ed po roce 1989 a dnes p\u016fsob\u00ed tak\u0159ka na cel\u00e9m \u00fazem\u00ed republiky. Podpora ob\u010dasn\u00fdch i pravideln\u00fdch d\u00e1rc\u016f je pro ni z\u00e1sadn\u00ed.<\/p>\n<p>MIROSLAVA \u0160EBESTOV\u00c1<br \/>\nChomutovsk\u00fd den\u00edk<br \/>\n<a href=\"http:\/\/www.chomutovsky.denik.cz\/\" target=\"_blank\" rel=\"noopener noreferrer\">http:\/\/www.chomutovsky.denik.cz\/<\/a><\/p>\n","protected":false},"excerpt":{"rendered":"<div class=\"mh-excerpt\"><p>Klienti Nad\u011bje se d\u00edky v\u00fdt\u011b\u017eku Kabelkov\u00e9ho veletrhu vyprav\u00ed na v\u00fdlety a za kulturou. Sb\u011br potrv\u00e1 do za\u010d\u00e1tku prosince.<\/p>\n<\/div>","protected":false},"author":1,"featured_media":0,"comment_status":"open","ping_status":"closed","sticky":false,"template":"","format":"standard","meta":{"footnotes":""},"categories":[9],"tags":[],"class_list":["post-32358","post","type-post","status-publish","format-standard","hentry","category-zpravy"],"_links":{"self":[{"href":"https:\/\/www.invarena.cz\/index.php?rest_route=\/wp\/v2\/posts\/32358","targetHints":{"allow":["GET"]}}],"collection":[{"href":"https:\/\/www.invarena.cz\/index.php?rest_route=\/wp\/v2\/posts"}],"about":[{"href":"https:\/\/www.invarena.cz\/index.php?rest_route=\/wp\/v2\/types\/post"}],"author":[{"embeddable":true,"href":"https:\/\/www.invarena.cz\/index.php?rest_route=\/wp\/v2\/users\/1"}],"replies":[{"embeddable":true,"href":"https:\/\/www.invarena.cz\/index.php?rest_route=%2Fwp%2Fv2%2Fcomments&post=32358"}],"version-history":[{"count":0,"href":"https:\/\/www.invarena.cz\/index.php?rest_route=\/wp\/v2\/posts\/32358\/revisions"}],"wp:attachment":[{"href":"https:\/\/www.invarena.cz\/index.php?rest_route=%2Fwp%2Fv2%2Fmedia&parent=32358"}],"wp:term":[{"taxonomy":"category","embeddable":true,"href":"https:\/\/www.invarena.cz\/index.php?rest_route=%2Fwp%2Fv2%2Fcategories&post=32358"},{"taxonomy":"post_tag","embeddable":true,"href":"https:\/\/www.invarena.cz\/index.php?rest_route=%2Fwp%2Fv2%2Ftags&post=32358"}],"curies":[{"name":"wp","href":"https:\/\/api.w.org\/{rel}","templated":true}]}}