{"id":32360,"date":"2019-09-25T13:02:01","date_gmt":"2019-09-25T11:02:01","guid":{"rendered":"http:\/\/www.invarena.cz\/?p=32360"},"modified":"2019-09-25T13:02:01","modified_gmt":"2019-09-25T11:02:01","slug":"portimo-hleda-cesty-jak-navysit-osobni-asistenty","status":"publish","type":"post","link":"https:\/\/www.invarena.cz\/?p=32360","title":{"rendered":"Portimo hled\u00e1 cesty, jak nav\u00fd\u0161it osobn\u00ed asistenty"},"content":{"rendered":"<p><strong>Rodiny s d\u011btmi se zdravotn\u00edm posti\u017een\u00edm, a to nejen v Nov\u00e9m M\u011bst\u011b na Morav\u011b, se \u010d\u00edm d\u00e1l \u010dast\u011bji obracej\u00ed k organizac\u00edm, kter\u00e9 jim nab\u00edz\u00ed pomoc p\u0159i zvl\u00e1d\u00e1n\u00ed jejich obt\u00ed\u017en\u00e9 \u017eivotn\u00ed situace.<\/strong> <!--more--><\/p>\n<p>Nov\u00e9 M\u011bsto na Morav\u011b \u2013 Zejm\u00e9na popt\u00e1vka po osobn\u00ed asistenci je st\u00e1le vy\u0161\u0161\u00ed. Novom\u011bstsk\u00e1 neziskov\u00e1 organizace Portimo se tak\u00e9 z tohoto d\u016fvodu u\u017e d\u0159\u00edve p\u0159ipojila k projektu Spolu do \u017eivota, kter\u00fd si klade za c\u00edl pom\u00e1hat rodin\u00e1m s d\u011btmi se zdravotn\u00edm posti\u017een\u00edm \u017e\u00edt b\u011b\u017en\u00fd rodinn\u00fd \u017eivot.<\/p>\n<p>&#8222;Projekt se ale pomalu ch\u00fdl\u00ed ke konci. Popt\u00e1vka po osobn\u00ed asistenci p\u0159ed\u010dila na\u0161e o\u010dek\u00e1v\u00e1n\u00ed, co\u017e n\u00e1s utvrzuje v tom, \u017ee je zapot\u0159eb\u00ed se osobn\u00ed asistenc\u00ed zab\u00fdvat i v\u00fdhledov\u011b,&#8220; \u0159ekl \u0159editel Portima Tom\u00e1\u0161 Posp\u00ed\u0161il.<\/p>\n<p>Asisten\u010dn\u00ed slu\u017eba spo\u010d\u00edv\u00e1 v pravideln\u00e9 pomoci \u017eadatel\u016fm v p\u00e9\u010di o zdravotn\u011b posti\u017een\u00e9ho \u010dlena rodiny. &#8222;Jde o slu\u017ebu zam\u011b\u0159enou na p\u00e9\u010di o t\u011blo, osobn\u00ed hygienu a dal\u0161\u00ed \u010dinnosti, nap\u0159\u00edklad \u00faklidov\u00e9. Rodiny se \u010dasto nemaj\u00ed na koho obr\u00e1tit, mus\u00ed p\u00e9\u010di zaji\u0161\u0165ovat samy, co\u017e pro n\u011b b\u00fdv\u00e1 pom\u011brn\u011b n\u00e1ro\u010dn\u00e9,&#8220; vysv\u011btlil Tom\u00e1\u0161 Posp\u00ed\u0161il s t\u00edm, \u017ee Portimo disponuje v sou\u010dasn\u00e9 dob\u011b osmi osobn\u00edmi asistenty.<\/p>\n<p>&#8222;St\u00e1le evidujeme asi t\u0159icet \u010dekatel\u016f o osobn\u00ed asistenci, co\u017e je pom\u011brn\u011b hodn\u011b. Obr\u00e1tili jsme se proto i na Kraj Vyso\u010dina s \u017e\u00e1dost\u00ed o pomoc p\u0159i vytvo\u0159en\u00ed dal\u0161\u00edch dvou pracovn\u00edch m\u00edst pro osobn\u00ed asistenty,&#8220; podotkl Tom\u00e1\u0161 Posp\u00ed\u0161il.<\/p>\n<p>\u017d\u010f\u00e1rsk\u00fd den\u00edk<br \/>\n<a href=\"http:\/\/www.zdarsky.denik.cz\/\" target=\"_blank\" rel=\"noopener noreferrer\">http:\/\/www.zdarsky.denik.cz\/<\/a><\/p>\n","protected":false},"excerpt":{"rendered":"<div class=\"mh-excerpt\"><p>Rodiny s d\u011btmi se zdravotn\u00edm posti\u017een\u00edm, a to nejen v Nov\u00e9m M\u011bst\u011b na Morav\u011b, se \u010d\u00edm d\u00e1l \u010dast\u011bji obracej\u00ed k organizac\u00edm, kter\u00e9 jim nab\u00edz\u00ed pomoc <a class=\"mh-excerpt-more\" href=\"https:\/\/www.invarena.cz\/?p=32360\" title=\"Portimo hled\u00e1 cesty, jak nav\u00fd\u0161it osobn\u00ed asistenty\">[&#8230;]<\/a><\/p>\n<\/div>","protected":false},"author":1,"featured_media":14565,"comment_status":"open","ping_status":"closed","sticky":false,"template":"","format":"standard","meta":{"footnotes":""},"categories":[9],"tags":[],"class_list":["post-32360","post","type-post","status-publish","format-standard","has-post-thumbnail","hentry","category-zpravy"],"_links":{"self":[{"href":"https:\/\/www.invarena.cz\/index.php?rest_route=\/wp\/v2\/posts\/32360","targetHints":{"allow":["GET"]}}],"collection":[{"href":"https:\/\/www.invarena.cz\/index.php?rest_route=\/wp\/v2\/posts"}],"about":[{"href":"https:\/\/www.invarena.cz\/index.php?rest_route=\/wp\/v2\/types\/post"}],"author":[{"embeddable":true,"href":"https:\/\/www.invarena.cz\/index.php?rest_route=\/wp\/v2\/users\/1"}],"replies":[{"embeddable":true,"href":"https:\/\/www.invarena.cz\/index.php?rest_route=%2Fwp%2Fv2%2Fcomments&post=32360"}],"version-history":[{"count":0,"href":"https:\/\/www.invarena.cz\/index.php?rest_route=\/wp\/v2\/posts\/32360\/revisions"}],"wp:featuredmedia":[{"embeddable":true,"href":"https:\/\/www.invarena.cz\/index.php?rest_route=\/wp\/v2\/media\/14565"}],"wp:attachment":[{"href":"https:\/\/www.invarena.cz\/index.php?rest_route=%2Fwp%2Fv2%2Fmedia&parent=32360"}],"wp:term":[{"taxonomy":"category","embeddable":true,"href":"https:\/\/www.invarena.cz\/index.php?rest_route=%2Fwp%2Fv2%2Fcategories&post=32360"},{"taxonomy":"post_tag","embeddable":true,"href":"https:\/\/www.invarena.cz\/index.php?rest_route=%2Fwp%2Fv2%2Ftags&post=32360"}],"curies":[{"name":"wp","href":"https:\/\/api.w.org\/{rel}","templated":true}]}}