{"id":32361,"date":"2019-09-25T13:09:07","date_gmt":"2019-09-25T11:09:07","guid":{"rendered":"http:\/\/www.invarena.cz\/?p=32361"},"modified":"2019-09-25T13:09:07","modified_gmt":"2019-09-25T11:09:07","slug":"predstaveni-plne-smyslu-uvidite-v-klatovech","status":"publish","type":"post","link":"https:\/\/www.invarena.cz\/?p=32361","title":{"rendered":"P\u0159edstaven\u00ed pln\u00e9 smysl\u016f uvid\u00edte v Klatovech"},"content":{"rendered":"<p><strong>Skupina mlad\u00fdch z \u010cech a N\u011bmecka nyn\u00ed nacvi\u010duje v kulturn\u00edm dom\u011b v Klatovech divadeln\u00ed p\u0159edstaven\u00ed, kter\u00e9 je neoby\u010dejn\u00e9. Po t\u00fddenn\u00ed zku\u0161enosti v Saldenburgu zam\u011b\u0159en\u00e9 na vn\u00edm\u00e1n\u00ed ka\u017edodenn\u00edho sv\u011bta z perspektivy nevidom\u00fdch se skupina p\u0159esunula do Klatov.\u00a0<\/strong> <!--more--><\/p>\n<p>Klatovy \u2013 &#8222;D\u011bl\u00e1me \u010doj\u010d, co\u017e jsou projekty d\u011blan\u00e9 tak, \u017ee je tam p\u0159ibli\u017en\u011b osm \u010desk\u00fdch a osm n\u011bmeck\u00fdch \u00fa\u010dastn\u00edk\u016f. Spole\u010dn\u011b se potkaj\u00ed a vytv\u00e1\u0159ej\u00ed na z\u00e1klad\u011b t\u00e9matu divadeln\u00ed p\u0159edstaven\u00ed. Nyn\u00ed je t\u00e9matem z\u00e1m\u011bna perspektivy. Ve skupin\u011b m\u00e1me tak\u00e9 t\u0159i lidi, kte\u0159\u00ed jsou nevidom\u00ed nebo slabozrac\u00ed. Zaj\u00edmali jsme se tak hodn\u011b o zrak, nav\u0161t\u00edvili jsme i tov\u00e1rnu na br\u00fdle a v\u011bnovali jsme se hodn\u011b tomu, jak si pom\u00e1hat a podobn\u011b. D\u00e1le jsme se zaj\u00edmali i o jin\u00e1 omezen\u00ed, se kter\u00fdmi se setk\u00e1v\u00e1me, a to v\u0161e bude v p\u0159edstaven\u00ed,&#8220; uvedla \u010desk\u00e1 vedouc\u00ed Linda Straub. N\u011bmeck\u00fdm vedouc\u00edm je Josef Jehli\u010dka.<\/p>\n<p>Skupina sama vytv\u00e1\u0159\u00ed sc\u00e9ny divadeln\u00edho p\u0159edstaven\u00ed, v\u0161ichni hodn\u011b komunikuj\u00ed o tom, co v n\u011bm bude, \u010d\u00edm ho obohat\u00ed a podobn\u011b. P\u0159edstaven\u00ed nab\u00edz\u00ed v\u00edcesmyslov\u00fd z\u00e1\u017eitek. Velkou roli hraje zvukov\u00e1 str\u00e1nka.<\/p>\n<p>V\u00fdsledn\u00e9 p\u0159edstaven\u00ed Br\u00fdlen Rau\u0161 m\u00e1te mo\u017enost vid\u011bt ve \u010dtvrtek 26. z\u00e1\u0159\u00ed od 19 hodin v kulturn\u00edm dom\u011b v Klatovech. Vstupn\u00e9 na p\u0159edstaven\u00ed bude dobrovoln\u00e9.<\/p>\n<p>Klatovsk\u00fd den\u00edk<br \/>\n<a href=\"http:\/\/klatovsky.denik.cz\/\" target=\"_blank\" rel=\"noopener noreferrer\">http:\/\/klatovsky.denik.cz\/<\/a><\/p>\n","protected":false},"excerpt":{"rendered":"<div class=\"mh-excerpt\"><p>Skupina mlad\u00fdch z \u010cech a N\u011bmecka nyn\u00ed nacvi\u010duje v kulturn\u00edm dom\u011b v Klatovech divadeln\u00ed p\u0159edstaven\u00ed, kter\u00e9 je neoby\u010dejn\u00e9. Po t\u00fddenn\u00ed zku\u0161enosti v Saldenburgu zam\u011b\u0159en\u00e9 na <a class=\"mh-excerpt-more\" href=\"https:\/\/www.invarena.cz\/?p=32361\" title=\"P\u0159edstaven\u00ed pln\u00e9 smysl\u016f uvid\u00edte v Klatovech\">[&#8230;]<\/a><\/p>\n<\/div>","protected":false},"author":1,"featured_media":0,"comment_status":"open","ping_status":"closed","sticky":false,"template":"","format":"standard","meta":{"footnotes":""},"categories":[9],"tags":[],"class_list":["post-32361","post","type-post","status-publish","format-standard","hentry","category-zpravy"],"_links":{"self":[{"href":"https:\/\/www.invarena.cz\/index.php?rest_route=\/wp\/v2\/posts\/32361","targetHints":{"allow":["GET"]}}],"collection":[{"href":"https:\/\/www.invarena.cz\/index.php?rest_route=\/wp\/v2\/posts"}],"about":[{"href":"https:\/\/www.invarena.cz\/index.php?rest_route=\/wp\/v2\/types\/post"}],"author":[{"embeddable":true,"href":"https:\/\/www.invarena.cz\/index.php?rest_route=\/wp\/v2\/users\/1"}],"replies":[{"embeddable":true,"href":"https:\/\/www.invarena.cz\/index.php?rest_route=%2Fwp%2Fv2%2Fcomments&post=32361"}],"version-history":[{"count":0,"href":"https:\/\/www.invarena.cz\/index.php?rest_route=\/wp\/v2\/posts\/32361\/revisions"}],"wp:attachment":[{"href":"https:\/\/www.invarena.cz\/index.php?rest_route=%2Fwp%2Fv2%2Fmedia&parent=32361"}],"wp:term":[{"taxonomy":"category","embeddable":true,"href":"https:\/\/www.invarena.cz\/index.php?rest_route=%2Fwp%2Fv2%2Fcategories&post=32361"},{"taxonomy":"post_tag","embeddable":true,"href":"https:\/\/www.invarena.cz\/index.php?rest_route=%2Fwp%2Fv2%2Ftags&post=32361"}],"curies":[{"name":"wp","href":"https:\/\/api.w.org\/{rel}","templated":true}]}}