{"id":32363,"date":"2019-09-25T13:19:24","date_gmt":"2019-09-25T11:19:24","guid":{"rendered":"http:\/\/www.invarena.cz\/?p=32363"},"modified":"2019-09-25T13:19:24","modified_gmt":"2019-09-25T11:19:24","slug":"ministryne-malacova-se-chysta-obnovit-valorizaci-prispevku-na-peci","status":"publish","type":"post","link":"https:\/\/www.invarena.cz\/?p=32363","title":{"rendered":"Ministryn\u011b Mal\u00e1\u010dov\u00e1 se chyst\u00e1 obnovit valorizaci p\u0159\u00edsp\u011bvku na p\u00e9\u010di"},"content":{"rendered":"<p><strong>Ministerstvo pr\u00e1ce a soci\u00e1ln\u00edch v\u011bc\u00ed zva\u017euje podle ministryn\u011b Jany Mal\u00e1\u010dov\u00e9 z \u010cSSD \u0161est variant valorizace p\u0159\u00edsp\u011bvk\u016f na p\u00e9\u010di, tedy zvy\u0161ov\u00e1n\u00ed p\u0159\u00edsp\u011bvku bez nutnosti m\u011bnit poka\u017ed\u00e9 z\u00e1kon. P\u0159\u00edsp\u011bvek na p\u00e9\u010di, kter\u00fd v sou\u010dasnosti pob\u00edr\u00e1 asi 360 tis\u00edc lid\u00ed, u\u017e d\u0159\u00edve valorizov\u00e1n byl, ale v roce 2008 to zru\u0161ila tehdej\u0161\u00ed pravicov\u00e1 vl\u00e1da.<\/strong> <!--more--><\/p>\n<p>Cel\u00fd \u010dl\u00e1nek naleznete na idnes.cz: <a href=\"https:\/\/www.idnes.cz\/zpravy\/domaci\/prispevek-na-peci-valorizace-snemovna-malacova.A190925_110325_domaci_kop\" target=\"_blank\" rel=\"noopener noreferrer\">ZDE<\/a><\/p>\n","protected":false},"excerpt":{"rendered":"<div class=\"mh-excerpt\"><p>Ministerstvo pr\u00e1ce a soci\u00e1ln\u00edch v\u011bc\u00ed zva\u017euje podle ministryn\u011b Jany Mal\u00e1\u010dov\u00e9 z \u010cSSD \u0161est variant valorizace p\u0159\u00edsp\u011bvk\u016f na p\u00e9\u010di, tedy zvy\u0161ov\u00e1n\u00ed p\u0159\u00edsp\u011bvku bez nutnosti m\u011bnit poka\u017ed\u00e9 <a class=\"mh-excerpt-more\" href=\"https:\/\/www.invarena.cz\/?p=32363\" title=\"Ministryn\u011b Mal\u00e1\u010dov\u00e1 se chyst\u00e1 obnovit valorizaci p\u0159\u00edsp\u011bvku na p\u00e9\u010di\">[&#8230;]<\/a><\/p>\n<\/div>","protected":false},"author":1,"featured_media":915,"comment_status":"open","ping_status":"closed","sticky":false,"template":"","format":"standard","meta":{"footnotes":""},"categories":[9],"tags":[],"class_list":["post-32363","post","type-post","status-publish","format-standard","has-post-thumbnail","hentry","category-zpravy"],"_links":{"self":[{"href":"https:\/\/www.invarena.cz\/index.php?rest_route=\/wp\/v2\/posts\/32363","targetHints":{"allow":["GET"]}}],"collection":[{"href":"https:\/\/www.invarena.cz\/index.php?rest_route=\/wp\/v2\/posts"}],"about":[{"href":"https:\/\/www.invarena.cz\/index.php?rest_route=\/wp\/v2\/types\/post"}],"author":[{"embeddable":true,"href":"https:\/\/www.invarena.cz\/index.php?rest_route=\/wp\/v2\/users\/1"}],"replies":[{"embeddable":true,"href":"https:\/\/www.invarena.cz\/index.php?rest_route=%2Fwp%2Fv2%2Fcomments&post=32363"}],"version-history":[{"count":0,"href":"https:\/\/www.invarena.cz\/index.php?rest_route=\/wp\/v2\/posts\/32363\/revisions"}],"wp:featuredmedia":[{"embeddable":true,"href":"https:\/\/www.invarena.cz\/index.php?rest_route=\/wp\/v2\/media\/915"}],"wp:attachment":[{"href":"https:\/\/www.invarena.cz\/index.php?rest_route=%2Fwp%2Fv2%2Fmedia&parent=32363"}],"wp:term":[{"taxonomy":"category","embeddable":true,"href":"https:\/\/www.invarena.cz\/index.php?rest_route=%2Fwp%2Fv2%2Fcategories&post=32363"},{"taxonomy":"post_tag","embeddable":true,"href":"https:\/\/www.invarena.cz\/index.php?rest_route=%2Fwp%2Fv2%2Ftags&post=32363"}],"curies":[{"name":"wp","href":"https:\/\/api.w.org\/{rel}","templated":true}]}}