{"id":32373,"date":"2019-09-26T20:32:26","date_gmt":"2019-09-26T18:32:26","guid":{"rendered":"http:\/\/www.invarena.cz\/?p=32373"},"modified":"2019-09-26T20:32:26","modified_gmt":"2019-09-26T18:32:26","slug":"onkologickym-pacientum-slouzi-moderni-centrum-uz-nekolik-let","status":"publish","type":"post","link":"https:\/\/www.invarena.cz\/?p=32373","title":{"rendered":"Onkologick\u00fdm pacient\u016fm slou\u017e\u00ed modern\u00ed centrum u\u017e n\u011bkolik let"},"content":{"rendered":"<p><strong>Pacient\u016fm s onkologick\u00fdmi chorobami slou\u017eil v minulosti Fodermayer\u016fv pavilon v Plzni \u2013 Doudlevc\u00edch. Tam\u011bj\u0161\u00ed onkologick\u00e9 a radioterapeutick\u00e9 odd\u011blen\u00ed s\u00eddlilo na odlou\u010den\u00e9m pracovi\u0161ti stranou v\u0161ech zdravotnick\u00fdch provoz\u016f nezbytn\u00fdch p\u0159i l\u00e9\u010db\u011b onkologicky nemocn\u00fdch pacient\u016f. Od roku 2011 jim v\u0161ak slou\u017e\u00ed v nemocni\u010dn\u00edm are\u00e1lu na Lochot\u00edn\u011b pavilon Komplexn\u00edho onkologick\u00e9ho centra, kter\u00e9 pat\u0159\u00ed mezi nejlep\u0161\u00ed v \u010cesk\u00e9 republice a je srovnateln\u00e9 se zahrani\u010d\u00edm.<\/strong> <!--more--><\/p>\n<p><em>ilustra\u010dn\u00ed foto<\/em><\/p>\n<p>Slovo n\u00e1dor \u010di rakovina je v mysl\u00edch lid\u00ed \u010dasto spojeno s bolest\u00ed, nevyl\u00e9\u010ditelnou nemoc\u00ed bez v\u00fdchodiska. A to p\u0159esto, \u017ee sou\u010dasn\u00e1 medic\u00edna dok\u00e1\u017ee mnoh\u00e1 n\u00e1dorov\u00e1 onemocn\u011bn\u00ed vyl\u00e9\u010dit \u010di alespo\u0148 \u010dlov\u011bku prodlou\u017eit plnohodnotn\u00fd \u017eivot.<br \/>\nLidem posti\u017een\u00fdm n\u00e1dorov\u00fdm onemocn\u011bn\u00edm slou\u017e\u00ed u\u017e zhruba dev\u011bt let pavilon Komplexn\u00edho onkologick\u00e9ho centra Fakultn\u00ed nemocnice v Plzni na Lochot\u00edn\u011b. V p\u0159\u00edjemn\u00e9m prost\u0159ed\u00ed, s nejmodern\u011bj\u0161\u00edm vybaven\u00edm, s pohodl\u00edm pro pacienty.<\/p>\n<p>P\u0159esto\u017ee i v minulosti poskytovalo onkologick\u00e9 a radioterapeutick\u00e9 odd\u011blen\u00ed p\u00e9\u010di na vysok\u00e9 \u00farovni, Fodermayer\u016fv pavilon v Plzni \u2013Doudlevc\u00edch p\u0159est\u00e1val vyhovovat prostorov\u011b a p\u0159\u00edstrojov\u00e9 vybaven\u00ed, kter\u00e9 tvo\u0159ily p\u0159edev\u0161\u00edm dva line\u00e1rn\u00ed urychlova\u010de, bylo na hranici sv\u00e9 kapacity.<\/p>\n<p>Odlou\u010denost Fodermayerova pavilonu znamenala p\u0159edev\u0161\u00edm nutnost \u010dast\u00e9 p\u0159epravy pacient\u016f na dal\u0161\u00ed vy\u0161et\u0159en\u00ed, co\u017e komplikovalo pr\u00e1ci l\u00e9ka\u0159\u016f a pohodl\u00ed pacient\u016f. &#8222;P\u0159es\u00eddlen\u00ed do nov\u00e9ho centra znamen\u00e1 i usnadn\u011bn\u00ed komunikace mezi l\u00e9ka\u0159i, co\u017e v kone\u010dn\u00e9m d\u016fsledku p\u0159in\u00e1\u0161\u00ed kvalitn\u011bj\u0161\u00ed poskytnutou p\u00e9\u010di. V sou\u010dasn\u00e9 dob\u011b v pln\u00e9 m\u00ed\u0159e vyu\u017e\u00edv\u00e1me slu\u017eeb Kliniky zobrazovac\u00edch metod um\u00edst\u011bn\u00e9 v nov\u00e9m komplexu. Onkologie je toti\u017e obor, kter\u00fd navazuje na p\u0159edchoz\u00ed vy\u0161et\u0159en\u00ed, z\u00e1kroky \u010di na hospitalizaci v na\u0161\u00ed nemocnici. P\u0159\u00edstrojov\u00e9 vybaven\u00ed ve Fakultn\u00ed nemocnici Plze\u0148 pat\u0159\u00ed vedle Masarykova onkologick\u00e9ho \u00fastavu v Brn\u011b k nejmodern\u011bj\u0161\u00edm a je srovnateln\u00e9 s obdobn\u00fdmi za\u0159\u00edzen\u00edmi v zahrani\u010d\u00ed,&#8220; \u0159\u00edk\u00e1 p\u0159ednosta Onkologick\u00e9 a radioterapeutick\u00e9 kliniky Jind\u0159ich F\u00ednek.<\/p>\n<p>Nov\u00e1 onkologie podle n\u011bho znamen\u00e1 v\u00fdznamn\u00e9 zm\u011bny tak\u00e9 pro l\u00e9ka\u0159e a nel\u00e9ka\u0159sk\u00fd zdravotnick\u00fd person\u00e1l. Soust\u0159ed\u011bn\u00ed p\u00e9\u010de o onkologicky nemocn\u00e9ho p\u0159in\u00e1\u0161\u00ed u\u017e\u0161\u00ed spolupr\u00e1ci s dal\u0161\u00edmi lochot\u00ednsk\u00fdmi pracovi\u0161ti.<\/p>\n<p>&#8222;Vyu\u017e\u00edv\u00e1me pracovi\u0161t\u011b centr\u00e1ln\u00edho \u0159ed\u011bn\u00ed cytostatik, kde p\u0159\u00edpravu l\u00e9ku zaji\u0161\u0165uj\u00ed specialist\u00e9-farmaceuti. Pro pacienty to znamen\u00e1 z\u00e1ruku kvality, \u017ee dostanou p\u0159esn\u011b to, co pro svou l\u00e9\u010dbu pot\u0159ebuj\u00ed,&#8220; zd\u016fraz\u0148uje p\u0159ednosta.<\/p>\n<p>Plze\u0148sk\u00e1 fakultn\u00ed nemocnice zaji\u0161\u0165uje l\u00e9\u010dbu n\u00e1dor\u016f nejen pro Plze\u0148sk\u00fd, ale i pro Karlovarsk\u00fd kraj. O v\u00fdznamu nov\u00e9ho onkologick\u00e9ho centra sv\u011bd\u010d\u00ed tak\u00e9 skute\u010dnost, \u017ee ka\u017ed\u00fd rok p\u0159ib\u00fdv\u00e1 3000 pacient\u016f. &#8222;Znamen\u00e1 to, \u017ee k n\u00e1m denn\u011b p\u0159ich\u00e1z\u00ed 12 nov\u00fdch pacient\u016f,&#8220; uv\u00e1d\u00ed p\u0159ednosta.<\/p>\n<p>V \u010cesk\u00e9 republice se ro\u010dn\u011b l\u00e9\u010d\u00ed s n\u00e1dory 80 tis\u00edc lid\u00ed, ka\u017ed\u00fd t\u0159et\u00ed \u010dlov\u011bk d\u0159\u00edve \u010di pozd\u011bji onemocn\u00ed n\u00e1dorov\u00fdm onemocn\u011bn\u00edm, ka\u017ed\u00fd \u010dtvrt\u00fd na n\u011bj zem\u0159e. P\u0159esto ale ud\u011blala medic\u00edna za posledn\u00ed roky velk\u00fd krok kup\u0159edu. &#8222;Dne\u0161n\u00ed onkologie je \u00fapln\u011b jinde ne\u017e p\u0159ed dvaceti lety. Za posledn\u00edch deset let jsme zv\u00fd\u0161ili p\u0159e\u017eit\u00ed nemocn\u00fdch s n\u00e1dorov\u00fdm onemocn\u011bn\u00edm o deset procent. Pacient m\u016f\u017ee \u0159adu let \u017e\u00edt plnohodnotn\u00fdm \u017eivotem,&#8220; zd\u016fraz\u0148uje Jind\u0159ich F\u00ednek.<\/p>\n<p>V Plze\u0148sk\u00e9m kraji je diagnostikov\u00e1no ve srovn\u00e1n\u00ed s ostatn\u00edmi regiony nejv\u00edce nemocn\u00fdch v ran\u00e9 f\u00e1zi, ale bohu\u017eel tak\u00e9 nejv\u00edce lid\u00ed, kte\u0159\u00ed p\u0159ich\u00e1zej\u00ed pozd\u011b. &#8222;Z\u00e1le\u017e\u00ed tedy na ka\u017ed\u00e9m z n\u00e1s, zda se o sv\u00e9 zdrav\u00ed star\u00e1me, nebo nestar\u00e1me. Zdravotnictv\u00ed nem\u016f\u017ee p\u0159evz\u00edt zodpov\u011bdnost za vztah \u010dlov\u011bka ke sv\u00e9mu zdrav\u00ed,&#8220; uzav\u00edr\u00e1 p\u0159ednosta.<\/p>\n<p>ALENA NOV\u00c1<br \/>\nPlze\u0148sk\u00fd den\u00edk<br \/>\n<a href=\"http:\/\/plzensky.denik.cz\/\" target=\"_blank\" rel=\"noopener noreferrer\">http:\/\/plzensky.denik.cz\/<\/a><\/p>\n","protected":false},"excerpt":{"rendered":"<div class=\"mh-excerpt\"><p>Pacient\u016fm s onkologick\u00fdmi chorobami slou\u017eil v minulosti Fodermayer\u016fv pavilon v Plzni \u2013 Doudlevc\u00edch. Tam\u011bj\u0161\u00ed onkologick\u00e9 a radioterapeutick\u00e9 odd\u011blen\u00ed s\u00eddlilo na odlou\u010den\u00e9m pracovi\u0161ti stranou v\u0161ech zdravotnick\u00fdch <a class=\"mh-excerpt-more\" href=\"https:\/\/www.invarena.cz\/?p=32373\" title=\"Onkologick\u00fdm pacient\u016fm slou\u017e\u00ed modern\u00ed centrum u\u017e n\u011bkolik let\">[&#8230;]<\/a><\/p>\n<\/div>","protected":false},"author":1,"featured_media":14877,"comment_status":"open","ping_status":"closed","sticky":false,"template":"","format":"standard","meta":{"footnotes":""},"categories":[9],"tags":[],"class_list":["post-32373","post","type-post","status-publish","format-standard","has-post-thumbnail","hentry","category-zpravy"],"_links":{"self":[{"href":"https:\/\/www.invarena.cz\/index.php?rest_route=\/wp\/v2\/posts\/32373","targetHints":{"allow":["GET"]}}],"collection":[{"href":"https:\/\/www.invarena.cz\/index.php?rest_route=\/wp\/v2\/posts"}],"about":[{"href":"https:\/\/www.invarena.cz\/index.php?rest_route=\/wp\/v2\/types\/post"}],"author":[{"embeddable":true,"href":"https:\/\/www.invarena.cz\/index.php?rest_route=\/wp\/v2\/users\/1"}],"replies":[{"embeddable":true,"href":"https:\/\/www.invarena.cz\/index.php?rest_route=%2Fwp%2Fv2%2Fcomments&post=32373"}],"version-history":[{"count":0,"href":"https:\/\/www.invarena.cz\/index.php?rest_route=\/wp\/v2\/posts\/32373\/revisions"}],"wp:featuredmedia":[{"embeddable":true,"href":"https:\/\/www.invarena.cz\/index.php?rest_route=\/wp\/v2\/media\/14877"}],"wp:attachment":[{"href":"https:\/\/www.invarena.cz\/index.php?rest_route=%2Fwp%2Fv2%2Fmedia&parent=32373"}],"wp:term":[{"taxonomy":"category","embeddable":true,"href":"https:\/\/www.invarena.cz\/index.php?rest_route=%2Fwp%2Fv2%2Fcategories&post=32373"},{"taxonomy":"post_tag","embeddable":true,"href":"https:\/\/www.invarena.cz\/index.php?rest_route=%2Fwp%2Fv2%2Ftags&post=32373"}],"curies":[{"name":"wp","href":"https:\/\/api.w.org\/{rel}","templated":true}]}}