{"id":32375,"date":"2019-09-26T20:49:12","date_gmt":"2019-09-26T18:49:12","guid":{"rendered":"http:\/\/www.invarena.cz\/?p=32375"},"modified":"2019-09-26T20:49:12","modified_gmt":"2019-09-26T18:49:12","slug":"festival-socialnich-sluzeb-predstavi-sirokou-nabidku","status":"publish","type":"post","link":"https:\/\/www.invarena.cz\/?p=32375","title":{"rendered":"Festival soci\u00e1ln\u00edch slu\u017eeb p\u0159edstav\u00ed \u0161irokou nab\u00eddku"},"content":{"rendered":"<p><strong>Na festival soci\u00e1ln\u00edch slu\u017eeb zve Humpolec, o problematice soci\u00e1ln\u00edch slu\u017eeb se bude v p\u00e1tek 27. z\u00e1\u0159\u00ed mluvit v parku Stromovka.<\/strong> <!--more--><\/p>\n<p>Humpolec \u2013 V dob\u011b od 10 hodin dopoledne do p\u016fl p\u00e1t\u00e9 odpoledne bude na festivalu prezentovat sv\u00e9 slu\u017eby \u010dtrn\u00e1ct organizac\u00ed, kter\u00e9 jsou zam\u011b\u0159eny na seniory, lidi s hendikepem, rodiny, d\u011bti i dal\u0161\u00ed c\u00edlov\u00e9 skupiny. Konkr\u00e9tn\u011b se p\u0159edstav\u00ed Oblastn\u00ed charita Havl\u00ed\u010dk\u016fv Brod, Fokus Vyso\u010dina, Centrum U V\u011btrn\u00edku, Medou, V\u010delka Senior Care, Domov blahoslaven\u00e9 Bronislavy, Domov Je\u0159abina Pelh\u0159imov, H\u00e1ta, interven\u010dn\u00ed centrum, B\u00edl\u00fd kruh bezpe\u010d\u00ed, D\u016fm na p\u016fl cesty Havl\u00ed\u010dk\u016fv Brod a Centrum pro zdravotn\u011b posti\u017een\u00e9 Kraje Vyso\u010dina.<\/p>\n<p>Ve Stromovce se n\u00e1v\u0161t\u011bvn\u00edci dozv\u011bd\u00ed v\u0161e podstatn\u00e9 i o \u010dinnosti odboru zdravotnictv\u00ed a soci\u00e1ln\u00ed p\u00e9\u010de p\u0159i M\u011bstsk\u00e9m \u00fa\u0159adu Humpolec. &#8222;Kraj Vyso\u010dina se pak bude v\u011bnovat t\u00e9matu n\u00e1hradn\u00ed rodinn\u00e9 p\u00e9\u010de a dobrovolnictv\u00ed. V neposledn\u00ed \u0159ad\u011b sv\u00e9 aktivity p\u0159edstav\u00ed tak\u00e9 m\u00edstn\u00ed ak\u010dn\u00ed skupina Spole\u010dnost pro rozvoj Humpolecka,&#8220; doplnila projektov\u00e1 mana\u017eerka Spole\u010dnosti pro rozvoj Humpolecka Martina Kr\u010dilov\u00e1.<\/p>\n<p>V doprovodn\u00e9m programu vystoup\u00ed nap\u0159\u00edklad senio\u0159i z Astry, sbor p\u0159i z\u00e1kladn\u00ed \u0161kole Hradsk\u00e1 K\u0159i\u0161\u0165\u00e1lek nebo soubory m\u00edstn\u00ed z\u00e1kladn\u00ed um\u011bleck\u00e9 \u0161koly.<\/p>\n<p>Pelh\u0159imovsk\u00fd den\u00edk<br \/>\n<a href=\"http:\/\/www.pelhrimovsky.denik.cz\/\" target=\"_blank\" rel=\"noopener noreferrer\">http:\/\/www.pelhrimovsky.denik.cz\/<\/a><\/p>\n","protected":false},"excerpt":{"rendered":"<div class=\"mh-excerpt\"><p>Na festival soci\u00e1ln\u00edch slu\u017eeb zve Humpolec, o problematice soci\u00e1ln\u00edch slu\u017eeb se bude v p\u00e1tek 27. z\u00e1\u0159\u00ed mluvit v parku Stromovka.<\/p>\n<\/div>","protected":false},"author":1,"featured_media":0,"comment_status":"open","ping_status":"closed","sticky":false,"template":"","format":"standard","meta":{"footnotes":""},"categories":[9],"tags":[],"class_list":["post-32375","post","type-post","status-publish","format-standard","hentry","category-zpravy"],"_links":{"self":[{"href":"https:\/\/www.invarena.cz\/index.php?rest_route=\/wp\/v2\/posts\/32375","targetHints":{"allow":["GET"]}}],"collection":[{"href":"https:\/\/www.invarena.cz\/index.php?rest_route=\/wp\/v2\/posts"}],"about":[{"href":"https:\/\/www.invarena.cz\/index.php?rest_route=\/wp\/v2\/types\/post"}],"author":[{"embeddable":true,"href":"https:\/\/www.invarena.cz\/index.php?rest_route=\/wp\/v2\/users\/1"}],"replies":[{"embeddable":true,"href":"https:\/\/www.invarena.cz\/index.php?rest_route=%2Fwp%2Fv2%2Fcomments&post=32375"}],"version-history":[{"count":0,"href":"https:\/\/www.invarena.cz\/index.php?rest_route=\/wp\/v2\/posts\/32375\/revisions"}],"wp:attachment":[{"href":"https:\/\/www.invarena.cz\/index.php?rest_route=%2Fwp%2Fv2%2Fmedia&parent=32375"}],"wp:term":[{"taxonomy":"category","embeddable":true,"href":"https:\/\/www.invarena.cz\/index.php?rest_route=%2Fwp%2Fv2%2Fcategories&post=32375"},{"taxonomy":"post_tag","embeddable":true,"href":"https:\/\/www.invarena.cz\/index.php?rest_route=%2Fwp%2Fv2%2Ftags&post=32375"}],"curies":[{"name":"wp","href":"https:\/\/api.w.org\/{rel}","templated":true}]}}