{"id":32379,"date":"2019-09-30T11:14:09","date_gmt":"2019-09-30T09:14:09","guid":{"rendered":"http:\/\/www.invarena.cz\/?p=32379"},"modified":"2019-09-30T11:14:09","modified_gmt":"2019-09-30T09:14:09","slug":"meziricsti-dreli-i-o-vikendech-zaslouzene-vyhrali","status":"publish","type":"post","link":"https:\/\/www.invarena.cz\/?p=32379","title":{"rendered":"Mezi\u0159\u00ed\u010d\u0161t\u00ed d\u0159eli i o v\u00edkendech. Zaslou\u017een\u011b vyhr\u00e1li"},"content":{"rendered":"<p><strong>To je v\u00fdsledek! \u017d\u00e1ci po\u0159\u00e1daj\u00edc\u00edho Vala\u0161sk\u00e9ho Mezi\u0159\u00ed\u010d\u00ed byli na dopravn\u00ed sout\u011b\u017ei, v n\u00ed\u017e po dva dny z\u00e1polili mlad\u00ed sluchov\u011b posti\u017een\u00ed cyklist\u00e9 ze t\u0159in\u00e1cti \u010desk\u00fdch a slovensk\u00fdch \u0161kol, jasn\u011b nejlep\u0161\u00ed.<\/strong> <!--more--><\/p>\n<p>Vala\u0161sk\u00e9 Mezi\u0159\u00edc\u00ed \u2013 Sout\u011b\u017eilo se ve dvou v\u011bkov\u00fdch kategori\u00edch. V celkov\u00e9m hodnocen\u00ed t\u00fdm\u016f po p\u00e1te\u010dn\u00edch z\u00e1v\u011bre\u010dn\u00fdch testech a zdravov\u011bd\u011b ob\u011b vyhr\u00e1li.<\/p>\n<p>K tomu Julie Chyb\u00edkov\u00e1 p\u0159idala individu\u00e1ln\u00ed prvenstv\u00ed mezi star\u0161\u00edmi \u017e\u00e1ky.<\/p>\n<p>NEZKLAMAT T\u00ddM<\/p>\n<p>\u00dasp\u011bch je to vyd\u0159en\u00fd, a proto zaslou\u017een\u00fd. &#8222;Od za\u010d\u00e1tku \u0161koln\u00edho roku d\u011bti tr\u00e9novaly dopravn\u00ed testy denn\u011b. J\u00edzdu a zdravov\u011bdu a\u017e t\u0159ikr\u00e1t t\u00fddn\u011b. Do \u0161koly chodily o v\u00edkendech, p\u0159ipravovaly se tak\u00e9 doma s rodi\u010di. V\u011bnovaly se tomu naplno, necht\u011bly pokazit v\u00fdsledek cel\u00e9mu t\u00fdmu,&#8220; chv\u00e1l\u00ed sv\u00e9 sv\u011b\u0159ence vychovatel Vladim\u00edr Kurtin.<\/p>\n<p>Dom\u00e1c\u00ed Gabrielu Hru\u0161kovou potr\u00e1pila j\u00edzda zru\u010dnosti, naopak prvn\u00ed pomoc zvl\u00e1dla na v\u00fdbornou. &#8222;V\u0161echno, co jsem se nau\u010dila, se mi bude hodit, a\u017e si jednou budu d\u011blat \u0159idi\u010d\u00e1k,&#8220; p\u0159em\u00edt\u00e1 patn\u00e1ctilet\u00e1 d\u00edvka. O dva roky mlad\u0161\u00ed Bed\u0159ich Caletka z t\u00e9\u017ee \u0161koly si dopravn\u00ed sout\u011b\u017e osahal poprv\u00e9. &#8222;\u00dakoly byly t\u011b\u017ek\u00e9, ale za rok do toho p\u016fjdu klidn\u011b znovu,&#8220; tvrd\u00ed odhodlan\u011b.<\/p>\n<p>Vala\u0161sk\u00fd den\u00edk<br \/>\n<a href=\"https:\/\/valassky.denik.cz\/\" target=\"_blank\" rel=\"noopener noreferrer\">https:\/\/valassky.denik.cz\/<\/a><\/p>\n","protected":false},"excerpt":{"rendered":"<div class=\"mh-excerpt\"><p>To je v\u00fdsledek! \u017d\u00e1ci po\u0159\u00e1daj\u00edc\u00edho Vala\u0161sk\u00e9ho Mezi\u0159\u00ed\u010d\u00ed byli na dopravn\u00ed sout\u011b\u017ei, v n\u00ed\u017e po dva dny z\u00e1polili mlad\u00ed sluchov\u011b posti\u017een\u00ed cyklist\u00e9 ze t\u0159in\u00e1cti \u010desk\u00fdch a <a class=\"mh-excerpt-more\" href=\"https:\/\/www.invarena.cz\/?p=32379\" title=\"Mezi\u0159\u00ed\u010d\u0161t\u00ed d\u0159eli i o v\u00edkendech. Zaslou\u017een\u011b vyhr\u00e1li\">[&#8230;]<\/a><\/p>\n<\/div>","protected":false},"author":1,"featured_media":0,"comment_status":"open","ping_status":"closed","sticky":false,"template":"","format":"standard","meta":{"footnotes":""},"categories":[9],"tags":[],"class_list":["post-32379","post","type-post","status-publish","format-standard","hentry","category-zpravy"],"_links":{"self":[{"href":"https:\/\/www.invarena.cz\/index.php?rest_route=\/wp\/v2\/posts\/32379","targetHints":{"allow":["GET"]}}],"collection":[{"href":"https:\/\/www.invarena.cz\/index.php?rest_route=\/wp\/v2\/posts"}],"about":[{"href":"https:\/\/www.invarena.cz\/index.php?rest_route=\/wp\/v2\/types\/post"}],"author":[{"embeddable":true,"href":"https:\/\/www.invarena.cz\/index.php?rest_route=\/wp\/v2\/users\/1"}],"replies":[{"embeddable":true,"href":"https:\/\/www.invarena.cz\/index.php?rest_route=%2Fwp%2Fv2%2Fcomments&post=32379"}],"version-history":[{"count":0,"href":"https:\/\/www.invarena.cz\/index.php?rest_route=\/wp\/v2\/posts\/32379\/revisions"}],"wp:attachment":[{"href":"https:\/\/www.invarena.cz\/index.php?rest_route=%2Fwp%2Fv2%2Fmedia&parent=32379"}],"wp:term":[{"taxonomy":"category","embeddable":true,"href":"https:\/\/www.invarena.cz\/index.php?rest_route=%2Fwp%2Fv2%2Fcategories&post=32379"},{"taxonomy":"post_tag","embeddable":true,"href":"https:\/\/www.invarena.cz\/index.php?rest_route=%2Fwp%2Fv2%2Ftags&post=32379"}],"curies":[{"name":"wp","href":"https:\/\/api.w.org\/{rel}","templated":true}]}}