{"id":32380,"date":"2019-09-30T11:20:49","date_gmt":"2019-09-30T09:20:49","guid":{"rendered":"http:\/\/www.invarena.cz\/?p=32380"},"modified":"2019-09-30T11:20:49","modified_gmt":"2019-09-30T09:20:49","slug":"s-radnici-by-meli-bezproblemove-komunikovat-i-lide-s-handicapem-rika-mistostarostka-prahy-2-udzenija","status":"publish","type":"post","link":"https:\/\/www.invarena.cz\/?p=32380","title":{"rendered":"S radnic\u00ed by m\u011bli bezprobl\u00e9mov\u011b komunikovat i lid\u00e9 s handicapem, \u0159\u00edk\u00e1 m\u00edstostarostka Prahy 2 Ud\u017eenija"},"content":{"rendered":"<p><strong>V \u010cesk\u00e9 republice \u017eije kolem 500 000 osob se sluchov\u00fdm posti\u017een\u00edm. Slu\u017eba, kterou Praha 2 pr\u00e1v\u011b uvedla do zku\u0161ebn\u00edho provozu, usnadn\u00ed nedosl\u00fdchav\u00fdm a star\u0161\u00edm lidem komunikaci s \u00fa\u0159adem. O vznik slu\u017eby se zasadila Alexandra Ud\u017eenija (ODS), m\u00edstostarostka druh\u00e9 m\u011bstsk\u00e9 \u010d\u00e1sti pro soci\u00e1ln\u00ed oblast a zdravotnictv\u00ed.<\/strong><!--more--><\/p>\n<p><em>ilustra\u010dn\u00ed foto<\/em><\/p>\n<p>Cel\u00fd \u010dl\u00e1nek naleznete v Pra\u017esk\u00e9m Patriotu: <a href=\"https:\/\/www.prazskypatriot.cz\/s-radnici-by-meli-bezproblemove-komunikovat-i-lide-s-handicapem-rika-mistostarostka-prahy-2-udzenija\/\" target=\"_blank\" rel=\"noopener noreferrer\">ZDE<\/a><\/p>\n","protected":false},"excerpt":{"rendered":"<div class=\"mh-excerpt\"><p>V \u010cesk\u00e9 republice \u017eije kolem 500 000 osob se sluchov\u00fdm posti\u017een\u00edm. Slu\u017eba, kterou Praha 2 pr\u00e1v\u011b uvedla do zku\u0161ebn\u00edho provozu, usnadn\u00ed nedosl\u00fdchav\u00fdm a star\u0161\u00edm lidem <a class=\"mh-excerpt-more\" href=\"https:\/\/www.invarena.cz\/?p=32380\" title=\"S radnic\u00ed by m\u011bli bezprobl\u00e9mov\u011b komunikovat i lid\u00e9 s handicapem, \u0159\u00edk\u00e1 m\u00edstostarostka Prahy 2 Ud\u017eenija\">[&#8230;]<\/a><\/p>\n<\/div>","protected":false},"author":1,"featured_media":18798,"comment_status":"open","ping_status":"closed","sticky":false,"template":"","format":"standard","meta":{"footnotes":""},"categories":[9],"tags":[],"class_list":["post-32380","post","type-post","status-publish","format-standard","has-post-thumbnail","hentry","category-zpravy"],"_links":{"self":[{"href":"https:\/\/www.invarena.cz\/index.php?rest_route=\/wp\/v2\/posts\/32380","targetHints":{"allow":["GET"]}}],"collection":[{"href":"https:\/\/www.invarena.cz\/index.php?rest_route=\/wp\/v2\/posts"}],"about":[{"href":"https:\/\/www.invarena.cz\/index.php?rest_route=\/wp\/v2\/types\/post"}],"author":[{"embeddable":true,"href":"https:\/\/www.invarena.cz\/index.php?rest_route=\/wp\/v2\/users\/1"}],"replies":[{"embeddable":true,"href":"https:\/\/www.invarena.cz\/index.php?rest_route=%2Fwp%2Fv2%2Fcomments&post=32380"}],"version-history":[{"count":0,"href":"https:\/\/www.invarena.cz\/index.php?rest_route=\/wp\/v2\/posts\/32380\/revisions"}],"wp:featuredmedia":[{"embeddable":true,"href":"https:\/\/www.invarena.cz\/index.php?rest_route=\/wp\/v2\/media\/18798"}],"wp:attachment":[{"href":"https:\/\/www.invarena.cz\/index.php?rest_route=%2Fwp%2Fv2%2Fmedia&parent=32380"}],"wp:term":[{"taxonomy":"category","embeddable":true,"href":"https:\/\/www.invarena.cz\/index.php?rest_route=%2Fwp%2Fv2%2Fcategories&post=32380"},{"taxonomy":"post_tag","embeddable":true,"href":"https:\/\/www.invarena.cz\/index.php?rest_route=%2Fwp%2Fv2%2Ftags&post=32380"}],"curies":[{"name":"wp","href":"https:\/\/api.w.org\/{rel}","templated":true}]}}