{"id":32387,"date":"2019-10-01T13:28:03","date_gmt":"2019-10-01T11:28:03","guid":{"rendered":"http:\/\/www.invarena.cz\/?p=32387"},"modified":"2019-10-01T13:28:03","modified_gmt":"2019-10-01T11:28:03","slug":"prazdninove-aktivity-klubu-vozickaru-trutnov","status":"publish","type":"post","link":"https:\/\/www.invarena.cz\/?p=32387","title":{"rendered":"Pr\u00e1zdninov\u00e9 aktivity Klubu voz\u00ed\u010dk\u00e1\u0159\u016f Trutnov"},"content":{"rendered":"<p><strong>Rekordn\u00ed teploty v \u010dervnu 2019 \u010dinnost trutnovsk\u00e9ho Klubu voz\u00ed\u010dk\u00e1\u0159\u016f p\u0159\u00edli\u0161 neomezily. O pr\u00e1zdnin\u00e1ch Klub pokra\u010doval ve sv\u00fdch aktivit\u00e1ch. C\u00edlem \u010dervencov\u00e9ho v\u00fdletu bylo zdol\u00e1n\u00ed Sn\u011b\u017eky a n\u00e1sledovaly dal\u0161\u00ed akce.<\/strong> <!--more--><\/p>\n<p><em>ilustra\u010dn\u00ed foto<\/em><\/p>\n<p>Renesan\u010dn\u00ed z\u00e1mek \u010castolovice<\/p>\n<p>V srpnu v sobotu 17.8. nav\u0161t\u00edvili \u010dlenov\u00e9 Klubu voz\u00ed\u010dk\u00e1\u0159\u016f renesan\u010dn\u00ed z\u00e1mek, jeho\u017e majitelkou je hrab\u011bnka Sternbergov\u00e1. Na z\u00e1mku maj\u00ed schodi\u0161\u0165ovou plo\u0161inu pro voz\u00ed\u010dk\u00e1\u0159e. Jen 2 z na\u0161\u00ed skupiny poznali, co to je, kdy\u017e se plo\u0161ina porouch\u00e1 po ukon\u010den\u00ed prohl\u00eddky. Za asistence n\u011bkolika z\u00e1meck\u00fdch pr\u016fvodc\u016f a jednoho trutnovsk\u00e9ho n\u00e1v\u0161t\u011bvn\u00edka se oba dostali zp\u011bt do p\u0159\u00edzem\u00ed. Prohl\u00eddka z\u00e1mku se z\u00fa\u010dastn\u011bn\u00fdm l\u00edbila a pr\u016fvodkyn\u011b byla velmi ochotn\u00e1. V zahrad\u00e1ch z\u00e1mku je i zaj\u00edmav\u00e1 Mini-ZOO, kterou v\u011bt\u0161ina po chutn\u00e9m ob\u011bd\u011b v z\u00e1meck\u00e9 restauraci r\u00e1da nav\u0161t\u00edvila.<\/p>\n<p>Lu\u010fk\u016fv sv\u00e1tek<\/p>\n<p>Ve st\u0159edu 21.8. si Lud\u011bk p\u0159\u00e1l oslavit v Klubu sv\u016fj sv\u00e1tek. Ka\u017ed\u00fd si pro n\u011bj p\u0159ipravil mal\u00fd d\u00e1rek.<\/p>\n<p>P. \u0160pringr s dravci<\/p>\n<p>Ve st\u0159edu 4.9. p\u0159ijel vz\u00e1cn\u00fd host, starosta Rtyn\u011b v Podkrkono\u0161\u00ed, p. \u0160pringr se sv\u00fdmi mil\u00e1\u010dky \u2013 v\u00fdrem velk\u00fdm a setrem irsk\u00fdm. Jedin\u00fd, kdo nem\u011bl ze zv\u00ed\u0159ec\u00ed n\u00e1v\u0161t\u011bvy radost, byla farn\u00ed ko\u010dka Beru\u0161ka. P. \u0160pringr z po\u010d\u00e1tku pohovo\u0159il o Rtyni v Podkrkono\u0161\u00ed, o Jest\u0159eb\u00edch hor\u00e1ch a o tom, co se jim ve Rtyni poda\u0159ilo. N\u00e1sledn\u011b pro ty, co p. \u0160pringra ji\u017e na fa\u0159e za\u017eili, p\u0159ivedl sv\u00e9 sv\u011b\u0159ence v\u0161em uk\u00e1zat. Je zaj\u00edmav\u00e9 pozorovat, \u017ee i handicapovan\u00ed lid\u00e9 si r\u00e1di pohlad\u00ed jemn\u00e1 p\u00edrka v\u00fdra velk\u00e9ho.<\/p>\n<p>Kudowa Zdr\u00f3j<\/p>\n<p>Navzdory ohl\u00e1\u0161en\u00e9mu de\u0161tiv\u00e9mu po\u010das\u00ed se n\u011bkte\u0159\u00ed \u010dlenov\u00e9 klubu voz\u00ed\u010dk\u00e1\u0159\u016f vypravili na v\u00fdlet za n\u00e1kupy a ochutn\u00e1n\u00edm sma\u017een\u00fdch pstruh\u016f do Polska v sobotu 7. z\u00e1\u0159\u00ed. Na tr\u017enici je prov\u00e1zel m\u00edrn\u00fd d\u00e9\u0161\u0165, jen trochu chladn\u011bj\u0161\u00ed. V ryb\u00e1rn\u011b se najedli venku u stol\u016f pod de\u0161tn\u00edky. Setkali se v\u0161ak s m\u00e9n\u011b ochotn\u00fdm person\u00e1lem, na p\u0159\u00ed\u0161t\u00ed rok cht\u011bj\u00ed vyzkou\u0161et je\u0161t\u011b jinou ryb\u00e1rnu.<\/p>\n<p>Oslava Honzov\u00fdch narozenin<\/p>\n<p>Na st\u0159edu 11.9. si \u010dlenov\u00e9 Klubu p\u0159ipravili oslavu narozenin \u0159editele Honzy. B\u011bhem roztopen\u00ed grilu pod bukem do\u0161lo k p\u0159ed\u00e1n\u00ed d\u00e1rk\u016f a ji\u017e se v\u0161ichni t\u011b\u0161ili na grilovan\u00e9 maso. P\u0159i j\u00eddle se pl\u00e1novala n\u00e1v\u0161t\u011bva restaurace U Bul\u00e1nka v Bat\u0148ovic\u00edch na p\u0159\u00ed\u0161t\u00ed rok.<\/p>\n<p>P. Grus \u2013 prom\u00edt\u00e1n\u00ed<\/p>\n<p>Je\u0161t\u011b ve st\u0159edu 18.9. p\u0159i\u0161el jako host do Klubu p. Grus, Trutnov\u00e1k, jen\u017e se proslavil kresbou komiks\u016f (nap\u0159. kn\u00ed\u017eka Drak nikdy nesp\u00ed, kde s D\u017eianem Rabanem a Vojt\u011bchem Ma\u0161kem zachytil historii vzniku m\u011bsta Trutnova a co tomu p\u0159edch\u00e1zelo) a ilustracemi mnoha kn\u00ed\u017eek (B. Hrabal, J. Durych, L. Fuks, J. Jedli\u010dka, K. Pol\u00e1\u010dek, J. Ha\u0161ek). N\u00e1m p\u0159edstavil ilustrace kn\u00ed\u017eky J. Foglara o Rychl\u00fdch \u0161\u00edpech. Jeho ilustrace jsou velmi zda\u0159il\u00e9 a n\u011bkter\u00e9 p\u0159ekvapilo, \u017ee je maloval kva\u0161em a co lep\u0161\u00edho \u2013 i akvarelem. A malovat akvarelem barevn\u00e9 obr\u00e1zky \u2013 komiksy doopravdy vy\u017eaduje nemal\u00fd talent i mal\u00ed\u0159sk\u00e9 um\u011bn\u00ed. Beseda prob\u00edhala na t\u00e9ma Foglara a maleb. Na z\u00e1v\u011br Marys p\u0159edvedla p. Grusovi co kdysi malovala a v posledn\u00ed dob\u011b v Klubu s asistentkami. Beseda byla nad o\u010dek\u00e1v\u00e1n\u00ed velmi p\u0159\u00edjemn\u00e1 a n\u011bkte\u0159\u00ed dokonce projevili z\u00e1jem o francouzsk\u00e9 vyd\u00e1n\u00ed knihy Drak nikdy nesp\u00ed.<\/p>\n<p>T\u00edm se ji\u017e p\u0159ichystaj\u00ed na podzimn\u00ed akce \u2013 venku ji\u017e rann\u00ed teploty byly bl\u00edzk\u00e9 mraz\u00edk\u016fm. A akc\u00ed na podzim a\u017e do v\u00e1noc je v pl\u00e1nu tak\u00e9 dost \u2013 v \u0159\u00edjnu prob\u011bhnou i dv\u011b ochutn\u00e1vky a n\u00e1v\u0161t\u011bva veter\u00e1n\u016f nejen ze Dvora Kr\u00e1lov\u00e9.<\/p>\n<p>Jan Ro\u010dek<br \/>\nKrkono\u0161sk\u00fd den\u00edk<br \/>\n<a href=\"https:\/\/krkonossky.denik.cz\/\" target=\"_blank\" rel=\"noopener noreferrer\">https:\/\/krkonossky.denik.cz\/<\/a><\/p>\n","protected":false},"excerpt":{"rendered":"<div class=\"mh-excerpt\"><p>Rekordn\u00ed teploty v \u010dervnu 2019 \u010dinnost trutnovsk\u00e9ho Klubu voz\u00ed\u010dk\u00e1\u0159\u016f p\u0159\u00edli\u0161 neomezily. O pr\u00e1zdnin\u00e1ch Klub pokra\u010doval ve sv\u00fdch aktivit\u00e1ch. C\u00edlem \u010dervencov\u00e9ho v\u00fdletu bylo zdol\u00e1n\u00ed Sn\u011b\u017eky a <a class=\"mh-excerpt-more\" href=\"https:\/\/www.invarena.cz\/?p=32387\" title=\"Pr\u00e1zdninov\u00e9 aktivity Klubu voz\u00ed\u010dk\u00e1\u0159\u016f Trutnov\">[&#8230;]<\/a><\/p>\n<\/div>","protected":false},"author":1,"featured_media":7087,"comment_status":"open","ping_status":"closed","sticky":false,"template":"","format":"standard","meta":{"footnotes":""},"categories":[9],"tags":[],"class_list":["post-32387","post","type-post","status-publish","format-standard","has-post-thumbnail","hentry","category-zpravy"],"_links":{"self":[{"href":"https:\/\/www.invarena.cz\/index.php?rest_route=\/wp\/v2\/posts\/32387","targetHints":{"allow":["GET"]}}],"collection":[{"href":"https:\/\/www.invarena.cz\/index.php?rest_route=\/wp\/v2\/posts"}],"about":[{"href":"https:\/\/www.invarena.cz\/index.php?rest_route=\/wp\/v2\/types\/post"}],"author":[{"embeddable":true,"href":"https:\/\/www.invarena.cz\/index.php?rest_route=\/wp\/v2\/users\/1"}],"replies":[{"embeddable":true,"href":"https:\/\/www.invarena.cz\/index.php?rest_route=%2Fwp%2Fv2%2Fcomments&post=32387"}],"version-history":[{"count":0,"href":"https:\/\/www.invarena.cz\/index.php?rest_route=\/wp\/v2\/posts\/32387\/revisions"}],"wp:featuredmedia":[{"embeddable":true,"href":"https:\/\/www.invarena.cz\/index.php?rest_route=\/wp\/v2\/media\/7087"}],"wp:attachment":[{"href":"https:\/\/www.invarena.cz\/index.php?rest_route=%2Fwp%2Fv2%2Fmedia&parent=32387"}],"wp:term":[{"taxonomy":"category","embeddable":true,"href":"https:\/\/www.invarena.cz\/index.php?rest_route=%2Fwp%2Fv2%2Fcategories&post=32387"},{"taxonomy":"post_tag","embeddable":true,"href":"https:\/\/www.invarena.cz\/index.php?rest_route=%2Fwp%2Fv2%2Ftags&post=32387"}],"curies":[{"name":"wp","href":"https:\/\/api.w.org\/{rel}","templated":true}]}}