{"id":32401,"date":"2019-10-03T09:28:35","date_gmt":"2019-10-03T07:28:35","guid":{"rendered":"http:\/\/www.invarena.cz\/?p=32401"},"modified":"2019-10-03T09:32:51","modified_gmt":"2019-10-03T07:32:51","slug":"ma-drzitel-prukazu-ztp-narok-na-vyhrazene-parkovani","status":"publish","type":"post","link":"https:\/\/www.invarena.cz\/?p=32401","title":{"rendered":"M\u00e1 dr\u017eitel pr\u016fkazu ZTP n\u00e1rok na vyhrazen\u00e9 parkov\u00e1n\u00ed"},"content":{"rendered":"<p><strong>DOTAZ: M\u00e1 majitel pr\u016fkazu ZTP n\u00e1rok na vyhrazen\u00e9 m\u00edsto pro parkov\u00e1n\u00ed p\u0159ed dru\u017estevn\u00edm domem, kde je cel\u00e9 parkovi\u0161t\u011b v\u0161ech dru\u017estevn\u00edk\u016f v dom\u011b? Ale v\u0161em nesta\u010d\u00ed. Majitel pr\u016fkazu je po transplantaci plic, ale chod\u00ed i po hor\u00e1ch, pracuje na zahrad\u011b, opravuje si chatu. Zkr\u00e1tka prov\u00e1d\u00ed t\u00e9m\u011b\u0159 v\u0161echny \u010dinnosti jako zdrav\u00fd \u010dlov\u011bk. Kdo nev\u00ed, \u017ee je po transplantaci, ten nic nepozn\u00e1. Jedn\u00e1 se pouze o pot\u0159ebu pojistit si parkovac\u00ed m\u00edsto. Pro d\u016fm nikdo z rodiny nehne prstem ani \u00faklid. Pt\u00e1m se jako spr\u00e1vce domu.<\/strong><!--more--><\/p>\n<p>&nbsp;<\/p>\n<p><strong>Odpov\u011b\u010f:<br \/>\n<\/strong><\/p>\n<p>Dle sou\u010dasn\u00e9 praxe m\u00e1 n\u00e1jemn\u00edk \u010di majitel bytu, kter\u00fd je dr\u017eitelem ZTP a parkovac\u00edho pr\u016fkazu pro osobu t\u011b\u017ece zdravotn\u011b posti\u017eenou, n\u00e1rok na z\u0159\u00edzen\u00ed vyhrazen\u00e9ho parkov\u00e1n\u00ed.<\/p>\n<p>\u017d\u00e1dost o vyhrazen\u00e9 parkov\u00e1n\u00ed se vy\u0159izuje na dle trval\u00e9ho bydli\u0161t\u011b p\u0159\u00edslu\u0161n\u00e9m stavebn\u00edm odboru \u00fa\u0159adu m\u011bsta nebo m\u011bstsk\u00e9 \u010d\u00e1sti. V p\u0159\u00edpad\u011b, \u017ee je ulice poj\u00ed\u017ed\u011bna MHD, pak na odboru dopravy.<\/p>\n<p>Legislativa specifikujic\u00ed p\u0159\u00edmo vyhrazen\u00e9 parkovac\u00ed st\u00e1n\u00ed neexistuje. Kompetentn\u00ed osoby a \u00fa\u0159ad by p\u0159i schvalov\u00e1n\u00ed vyhrazen\u00e9ho st\u00e1n\u00ed hendikepovan\u00e9mu m\u011bl vych\u00e1zet z t\u011bchto relevantn\u00edch z\u00e1kon\u016f:<\/p>\n<p>Z\u00e1kon \u010d. 361\/2000 Sb. o silni\u010dn\u00edm provozu &#8211; \u00a7 67 Speci\u00e1ln\u00ed ozna\u010den\u00ed vozidel a osob, odst 1,2,4,9<\/p>\n<p>Z\u00e1kon \u010d. 13\/1997 Sb. o pozemn\u00edch komunikac\u00edch &#8211; \u00a7 25 Zvl\u00e1\u0161tn\u00ed u\u017e\u00edv\u00e1n\u00ed, odst. 6, p\u00edsmeno c) bod 4<\/p>\n<p>Z\u00e1kon \u010d. 182\/1991 Sb. o soci\u00e1ln\u00edm zabezpe\u010den\u00ed &#8211; \u00a7 31 Mimo\u0159\u00e1dn\u00e9 v\u00fdhody pro t\u011b\u017ece zdravotn\u011b posti\u017een\u00e9 ob\u010dany.<\/p>\n<p>Zde nen\u00ed nikde zm\u00ednka o posti\u017een\u00ed pouze pohybov\u00e9ho apar\u00e1tu! Jak upozor\u0148uje \u00fa\u0159ad ombudsmana v doporu\u010den\u00ed z 21.5. 2015, je d\u016fle\u017eit\u00e9 a spr\u00e1vn\u00e9 napl\u0148ov\u00e1n\u00ed pr\u00e1va na rovn\u00e9 zach\u00e1zen\u00ed p\u0159i z\u0159izov\u00e1n\u00ed vyhrazen\u00e9ho parkov\u00e1n\u00ed na m\u00edstn\u00edch komunikac\u00edch. To v praxi znamen\u00e1 povinnost \u00fa\u0159adu vyhov\u011bt ka\u017ed\u00e9mu \u017eadateli o vyhrazen\u00e9 parkovac\u00ed st\u00e1n\u00ed, bez rozd\u00edlu posti\u017een\u00ed!<br \/>\nP\u0159i rozhodov\u00e1n\u00ed v t\u00e9to z\u00e1le\u017eitosti se \u00fa\u0159ad n\u011bkdy myln\u011b op\u00edr\u00e1 o vyhl\u00e1\u0161ku stavebn\u00edho z\u00e1kona, stanovuj\u00edc\u00ed pravidla pro velk\u00e9, ve\u0159ejn\u00e9 parkovac\u00ed plochy, p\u0159\u00edstupn\u00e9 v\u0161em, nap\u0159. p\u0159ed obchodn\u00edmi \u0159et\u011bzci. Zde je specifikov\u00e1no pouze pohybov\u00e9 posti\u017een\u00ed anebo omezen\u00ed. To je v\u0161ak z\u00e1le\u017eitost zcela jin\u00e1, ne\u017e vyhrazen\u00e9 parkovac\u00ed st\u00e1n\u00ed pro jednotlivce s hendikepem.<\/p>\n<p>N\u00e1rok na vyhrazen\u00e9 parkov\u00e1n\u00ed je obvykle \u0159e\u0161en ve vyhl\u00e1\u0161ce obce \u010di konkr\u00e9tn\u00ed m\u011bstsk\u00e9 \u010d\u00e1sti. V mnoha m\u011bstech mohou o vyhrazen\u00e9 parkov\u00e1n\u00ed podle vyhl\u00e1\u0161ky \u017e\u00e1dat jen dr\u017eitel\u00e9 nejt\u011b\u017e\u0161\u00edho stupn\u011b pr\u016fkazu osoby se zdravotn\u00edm posti\u017een\u00edm, tedy ZTP\/P se z\u00e1va\u017en\u00fdm omezen\u00edm v oblasti pohybu, \u010dasto jde o n\u00e1jemn\u00edka bytu zvl\u00e1\u0161tn\u00edho ur\u010den\u00ed (bezbari\u00e9rov\u00e9ho), kter\u00fd vlastn\u00ed automobil, je dr\u017eitelem ZTP\/P a parkovac\u00edho pr\u016fkazu pro osobu t\u011b\u017ece zdravotn\u011b posti\u017eenou. V t\u011bchto obc\u00edch pak dr\u017eitel\u016fm pr\u016fkazu ZTP nen\u00ed n\u00e1rok p\u0159izn\u00e1v\u00e1n. V jin\u00fdch obc\u00edch v\u0161ak posta\u010duje i pr\u016fkaz ZTP.<\/p>\n<p>redakce invArena<\/p>\n<p>&nbsp;<\/p>\n","protected":false},"excerpt":{"rendered":"<div class=\"mh-excerpt\"><p>DOTAZ: M\u00e1 majitel pr\u016fkazu ZTP n\u00e1rok na vyhrazen\u00e9 m\u00edsto pro parkov\u00e1n\u00ed p\u0159ed dru\u017estevn\u00edm domem, kde je cel\u00e9 parkovi\u0161t\u011b v\u0161ech dru\u017estevn\u00edk\u016f v dom\u011b? Ale v\u0161em nesta\u010d\u00ed. <a class=\"mh-excerpt-more\" href=\"https:\/\/www.invarena.cz\/?p=32401\" title=\"M\u00e1 dr\u017eitel pr\u016fkazu ZTP n\u00e1rok na vyhrazen\u00e9 parkov\u00e1n\u00ed\">[&#8230;]<\/a><\/p>\n<\/div>","protected":false},"author":1,"featured_media":9099,"comment_status":"open","ping_status":"closed","sticky":false,"template":"","format":"standard","meta":{"footnotes":""},"categories":[18],"tags":[],"class_list":["post-32401","post","type-post","status-publish","format-standard","has-post-thumbnail","hentry","category-poradna"],"_links":{"self":[{"href":"https:\/\/www.invarena.cz\/index.php?rest_route=\/wp\/v2\/posts\/32401","targetHints":{"allow":["GET"]}}],"collection":[{"href":"https:\/\/www.invarena.cz\/index.php?rest_route=\/wp\/v2\/posts"}],"about":[{"href":"https:\/\/www.invarena.cz\/index.php?rest_route=\/wp\/v2\/types\/post"}],"author":[{"embeddable":true,"href":"https:\/\/www.invarena.cz\/index.php?rest_route=\/wp\/v2\/users\/1"}],"replies":[{"embeddable":true,"href":"https:\/\/www.invarena.cz\/index.php?rest_route=%2Fwp%2Fv2%2Fcomments&post=32401"}],"version-history":[{"count":0,"href":"https:\/\/www.invarena.cz\/index.php?rest_route=\/wp\/v2\/posts\/32401\/revisions"}],"wp:featuredmedia":[{"embeddable":true,"href":"https:\/\/www.invarena.cz\/index.php?rest_route=\/wp\/v2\/media\/9099"}],"wp:attachment":[{"href":"https:\/\/www.invarena.cz\/index.php?rest_route=%2Fwp%2Fv2%2Fmedia&parent=32401"}],"wp:term":[{"taxonomy":"category","embeddable":true,"href":"https:\/\/www.invarena.cz\/index.php?rest_route=%2Fwp%2Fv2%2Fcategories&post=32401"},{"taxonomy":"post_tag","embeddable":true,"href":"https:\/\/www.invarena.cz\/index.php?rest_route=%2Fwp%2Fv2%2Ftags&post=32401"}],"curies":[{"name":"wp","href":"https:\/\/api.w.org\/{rel}","templated":true}]}}