{"id":32409,"date":"2019-10-07T12:50:49","date_gmt":"2019-10-07T10:50:49","guid":{"rendered":"http:\/\/www.invarena.cz\/?p=32409"},"modified":"2019-10-07T12:50:49","modified_gmt":"2019-10-07T10:50:49","slug":"invalida-na-hrad-jak-kde","status":"publish","type":"post","link":"https:\/\/www.invarena.cz\/?p=32409","title":{"rendered":"Invalida na hrad? Jak kde"},"content":{"rendered":"<p><strong>Lidem upoutan\u00fdm na voz\u00edk nab\u00edz\u00ed na \u0160vihov\u011b virtu\u00e1ln\u00ed prohl\u00eddky hradu.<\/strong> <!--more--><\/p>\n<p><em>ilustra\u010dn\u00ed foto: hrad Kost<\/em><\/p>\n<p>Virtu\u00e1ln\u00ed prohl\u00eddky, prohl\u00eddky zahrad, n\u00e1dvo\u0159\u00ed a nebo bezbari\u00e9rov\u00fd p\u0159\u00edstup, tak se sna\u017e\u00ed pam\u00e1tky v Plze\u0148sk\u00e9m kraji vyj\u00edt vst\u0159\u00edc n\u00e1v\u0161t\u011bvn\u00edk\u016fm s handicapem.<\/p>\n<p>Pro t\u011blesn\u011b posti\u017een\u00e9 je na Plze\u0148sku nejp\u0159\u00edstupn\u011bj\u0161\u00ed z\u00e1mek Kozel. &#8222;Z\u00e1mek byl u\u017e v osmdes\u00e1t\u00fdch letech p\u0159estav\u011bn na zcela bezbari\u00e9rov\u00fd, tak\u017ee cel\u00e1 prohl\u00eddkov\u00e1 trasa je vhodn\u00e1 pro t\u011blesn\u011b handicapovan\u00e9. Pro tyto n\u00e1v\u0161t\u011bvn\u00edky m\u00e1me tak\u00e9 uzp\u016fsoben\u00e9 stravovac\u00ed prostory a toalety,&#8220; \u0159ekl kastel\u00e1n z\u00e1mku Jan Pol\u00edvka.<\/p>\n<p>Z\u00e1mek tak\u00e9 dlouhodob\u011b spolupracuje s institucemi pro seniory a posti\u017een\u00e9. &#8222;Hojn\u011b n\u00e1s nav\u0161t\u011bvuj\u00ed domovy d\u016fchodc\u016f. Pravideln\u011b k n\u00e1m tak\u00e9 p\u0159ij\u00ed\u017ed\u011bj\u00ed lid\u00e9 z Jedli\u010dkova \u00fastavu z Prahy,&#8220; dodal Pol\u00edvka.<\/p>\n<p>DO \u0160P\u00ddCHARU PLO\u0160INOU<\/p>\n<p>Na hrad\u011b \u0160vihov zaji\u0161\u0165uj\u00ed zdravotn\u011b posti\u017een\u00fdm alespo\u0148 virtu\u00e1ln\u00ed prohl\u00eddku. &#8222;Z\u0159\u00eddili jsme speci\u00e1ln\u00ed okruh \u0160vihov bez bari\u00e9r, co\u017e je virtu\u00e1ln\u00ed prohl\u00eddka, kter\u00e1 se kon\u00e1 v p\u0159\u00edzem\u00ed hradu. Lid\u00e9 se tak mohou pod\u00edvat pomoc\u00ed prom\u00edtac\u00ed techniky do v\u0161ech zp\u0159\u00edstupn\u011bn\u00fdch prostor,&#8220; popsal kastel\u00e1n hradu Luk\u00e1\u0161 Boj\u010duk s t\u00edm, \u017ee nen\u00ed probl\u00e9m virtu\u00e1ln\u00ed prohl\u00eddku kamkoliv na objedn\u00e1n\u00ed dopravit. Doplnil tak\u00e9, \u017ee p\u0159i po\u0159\u00e1d\u00e1n\u00ed kulturn\u00edch akc\u00ed ve \u0161p\u00fdcharu je mo\u017eno handicapovan\u00e9 n\u00e1v\u0161t\u011bvn\u00edky dopravit do s\u00e1lu pomoc\u00ed speci\u00e1ln\u00ed plo\u0161iny.<\/p>\n<p>V cisterci\u00e1ck\u00e9m kl\u00e1\u0161te\u0159e v Plas\u00edch je bezbari\u00e9rov\u011b p\u0159\u00edstupn\u00fd venkovn\u00ed are\u00e1l a prohl\u00eddkov\u00fd okruh kl\u00e1\u0161tern\u00edho kostela Nanebevzet\u00ed Panny Marie. Presbyt\u00e1\u0159 kostela v\u0161ak od lod\u011b odd\u011bluje jeden schod nahoru. &#8222;Do m\u00edst jako barokn\u00ed s\u00fdpka se kv\u016fli mno\u017estv\u00ed schod\u016f bohu\u017eel voz\u00ed\u010dk\u00e1\u0159i nedostanou. Jsme je ale schopni dopravit hydraulick\u00fdm v\u00fdtahem do prvn\u00edho patra konventu. Na tom je v\u0161ak pot\u0159eba se dop\u0159edu telefonicky domluvit,&#8220; upozornil spr\u00e1vce kl\u00e1\u0161tera Pavel Ducho\u0148.<\/p>\n<p>Tak\u00e9 jeden z nejzn\u00e1m\u011bj\u0161\u00edch \u0161umavsk\u00fdch hrad\u016f Ka\u0161perk nen\u00ed pro voz\u00ed\u010dk\u00e1\u0159e p\u0159\u00edli\u0161 vhodn\u00fd, jeho person\u00e1l se ale sna\u017e\u00ed handicapovan\u00fdm co nejv\u00edce pomoci. &#8222;\u010clov\u011bk na voz\u00ed\u010dku se bez probl\u00e9mu dostane na n\u00e1dvo\u0159\u00ed. Pokud m\u00e1 doprovod, m\u016f\u017ee nav\u0161t\u00edvit prvn\u00ed patro budovy purkrabstv\u00ed, kde se nach\u00e1zej\u00ed expozi\u010dn\u00ed m\u00edstnosti. Voz\u00ed\u010dk\u00e1\u0159i bez doprovodu m\u016f\u017ee pomoci tak\u00e9 pr\u016fvodce mu\u017e, ale to je pot\u0159eba dohodnout p\u0159edem,&#8220; sd\u011blila hlavn\u00ed pr\u016fvodkyn\u011b Ka\u0161perku Jana S\u00e1zavsk\u00e1.<\/p>\n<p>DOHODA NA KOZLU<\/p>\n<p>Umo\u017enit bezbari\u00e9rov\u00fd p\u0159\u00edstup na historick\u00e9 objekty nen\u00ed podle mluv\u010d\u00ed N\u00e1rodn\u00edho pam\u00e1tkov\u00e9ho \u00fastavu (NP\u00da) Mark\u00e9ty Slabov\u00e9 jednoduch\u00e9. &#8222;Na pam\u00e1tk\u00e1ch plat\u00ed ochrann\u00fd re\u017eim, nem\u016f\u017eeme do nich zasahovat, abychom je neponi\u010dili. Ka\u017ed\u00fd n\u00e1v\u0161t\u011bvn\u00edk je ale pro n\u00e1s nesm\u00edrn\u011b cenn\u00fd, i proto se sna\u017e\u00edme jim co nejv\u00edce vyhov\u011bt,&#8220; uvedla mluv\u010d\u00ed.<\/p>\n<p>NP\u00da a N\u00e1rodn\u00ed rada osob se zdravotn\u00edm posti\u017een\u00edm v roce 2017 uzav\u0159eli na z\u00e1mku Kozel memorandum o spolupr\u00e1ci, jeho\u017e sou\u010d\u00e1st\u00ed byla takt\u00e9\u017e sou\u010dinnost p\u0159i zp\u0159\u00edstup\u0148ov\u00e1n\u00ed pam\u00e1tek lidem s handicapem nebo nap\u0159. podpora spole\u010dn\u00fdch projekt\u016f.<\/p>\n<p>Barbora H\u00e1jkov\u00e1<br \/>\nPlze\u0148sk\u00fd den\u00edk<br \/>\n<a href=\"https:\/\/plzensky.denik.cz\/\" target=\"_blank\" rel=\"noopener noreferrer\">https:\/\/plzensky.denik.cz\/<\/a><\/p>\n","protected":false},"excerpt":{"rendered":"<div class=\"mh-excerpt\"><p>Lidem upoutan\u00fdm na voz\u00edk nab\u00edz\u00ed na \u0160vihov\u011b virtu\u00e1ln\u00ed prohl\u00eddky hradu.<\/p>\n<\/div>","protected":false},"author":1,"featured_media":7862,"comment_status":"open","ping_status":"closed","sticky":false,"template":"","format":"standard","meta":{"footnotes":""},"categories":[9],"tags":[],"class_list":["post-32409","post","type-post","status-publish","format-standard","has-post-thumbnail","hentry","category-zpravy"],"_links":{"self":[{"href":"https:\/\/www.invarena.cz\/index.php?rest_route=\/wp\/v2\/posts\/32409","targetHints":{"allow":["GET"]}}],"collection":[{"href":"https:\/\/www.invarena.cz\/index.php?rest_route=\/wp\/v2\/posts"}],"about":[{"href":"https:\/\/www.invarena.cz\/index.php?rest_route=\/wp\/v2\/types\/post"}],"author":[{"embeddable":true,"href":"https:\/\/www.invarena.cz\/index.php?rest_route=\/wp\/v2\/users\/1"}],"replies":[{"embeddable":true,"href":"https:\/\/www.invarena.cz\/index.php?rest_route=%2Fwp%2Fv2%2Fcomments&post=32409"}],"version-history":[{"count":0,"href":"https:\/\/www.invarena.cz\/index.php?rest_route=\/wp\/v2\/posts\/32409\/revisions"}],"wp:featuredmedia":[{"embeddable":true,"href":"https:\/\/www.invarena.cz\/index.php?rest_route=\/wp\/v2\/media\/7862"}],"wp:attachment":[{"href":"https:\/\/www.invarena.cz\/index.php?rest_route=%2Fwp%2Fv2%2Fmedia&parent=32409"}],"wp:term":[{"taxonomy":"category","embeddable":true,"href":"https:\/\/www.invarena.cz\/index.php?rest_route=%2Fwp%2Fv2%2Fcategories&post=32409"},{"taxonomy":"post_tag","embeddable":true,"href":"https:\/\/www.invarena.cz\/index.php?rest_route=%2Fwp%2Fv2%2Ftags&post=32409"}],"curies":[{"name":"wp","href":"https:\/\/api.w.org\/{rel}","templated":true}]}}