{"id":32412,"date":"2019-10-07T13:00:18","date_gmt":"2019-10-07T11:00:18","guid":{"rendered":"http:\/\/www.invarena.cz\/?p=32412"},"modified":"2019-10-07T13:00:18","modified_gmt":"2019-10-07T11:00:18","slug":"kavarna-ve-tme-bude-otevrena-cely-tyden","status":"publish","type":"post","link":"https:\/\/www.invarena.cz\/?p=32412","title":{"rendered":"Kav\u00e1rna ve tm\u011b bude otev\u0159en\u00e1 cel\u00fd t\u00fdden"},"content":{"rendered":"<p><strong>Pono\u0159te se do sv\u011bta nevidom\u00fdch, zapome\u0148te na zrak, zkuste pozn\u00e1vat sv\u011bt ostatn\u00edmi smysly &#8211; otev\u00edr\u00e1 se Kav\u00e1rna ve tm\u011b.<\/strong><!--more--><\/p>\n<p>Kde? Tentokr\u00e1t v nov\u00e9m Kulturn\u00edm dom\u011b v Solnici. Otev\u0159en\u00e1 je cel\u00fd t\u00fdden, od 21. do 27. \u0159\u00edjna. &#8222;Dopoledn\u00ed posezen\u00ed za\u010d\u00ednaj\u00ed v 8 a 10 hodin a ta odpoledn\u00ed ve 13, 15, 17 a v 19 hodin. Svoji n\u00e1v\u0161t\u011bvu si mus\u00edte p\u0159edem objednat v \u00fater\u00fd, ve st\u0159edu a \u010dtvrtek od 10. do 12. hodiny nebo od 13. do 17. hodiny, a to na telefonn\u00edm \u010d\u00edsle: 773 000 157,&#8220; upozor\u0148uje za po\u0159adatele Renata Moravcov\u00e1.<\/p>\n<p>Pono\u0159en\u00edm do tmy akce pom\u016f\u017ee zost\u0159it ostatn\u00ed lidsk\u00e9 smysly.<\/p>\n<p>&#8222;Ve tm\u011b na v\u0161echny \u010dek\u00e1 n\u00e1pojov\u00fd l\u00edstek, kter\u00fd budete \u010d\u00edst hmatem, ale budete pozn\u00e1vat i r\u016fzn\u00e9 v\u016fn\u011b a poslouchat zvuky z b\u011b\u017en\u00e9ho \u017eivota, jak je vn\u00edmaj\u00ed nevidom\u00ed. Bude \u010das i na pov\u00edd\u00e1n\u00ed a samoz\u0159ejm\u011b odpov\u00edm i na va\u0161e dotazy. Kav\u00e1rna se m\u016f\u017ee otev\u0159\u00edt d\u00edky velk\u00e9 podpo\u0159e m\u011bsta Solnice, Spole\u010densk\u00e9mu domu v Solnici a M\u011bstsk\u00e9 organizaci Senior\u016f \u010cR Dobru\u0161ka,&#8220; dod\u00e1v\u00e1 Renata Moravcov\u00e1.<\/p>\n<p>Jana Kotalov\u00e1<br \/>\nRychnovsk\u00fd den\u00edk<br \/>\n<a href=\"https:\/\/rychnovsky.denik.cz\/\" target=\"_blank\" rel=\"noopener noreferrer\">https:\/\/rychnovsky.denik.cz\/<\/a><\/p>\n","protected":false},"excerpt":{"rendered":"<div class=\"mh-excerpt\"><p>Pono\u0159te se do sv\u011bta nevidom\u00fdch, zapome\u0148te na zrak, zkuste pozn\u00e1vat sv\u011bt ostatn\u00edmi smysly &#8211; otev\u00edr\u00e1 se Kav\u00e1rna ve tm\u011b.<\/p>\n<\/div>","protected":false},"author":1,"featured_media":14494,"comment_status":"open","ping_status":"closed","sticky":false,"template":"","format":"standard","meta":{"footnotes":""},"categories":[9],"tags":[],"class_list":["post-32412","post","type-post","status-publish","format-standard","has-post-thumbnail","hentry","category-zpravy"],"_links":{"self":[{"href":"https:\/\/www.invarena.cz\/index.php?rest_route=\/wp\/v2\/posts\/32412","targetHints":{"allow":["GET"]}}],"collection":[{"href":"https:\/\/www.invarena.cz\/index.php?rest_route=\/wp\/v2\/posts"}],"about":[{"href":"https:\/\/www.invarena.cz\/index.php?rest_route=\/wp\/v2\/types\/post"}],"author":[{"embeddable":true,"href":"https:\/\/www.invarena.cz\/index.php?rest_route=\/wp\/v2\/users\/1"}],"replies":[{"embeddable":true,"href":"https:\/\/www.invarena.cz\/index.php?rest_route=%2Fwp%2Fv2%2Fcomments&post=32412"}],"version-history":[{"count":0,"href":"https:\/\/www.invarena.cz\/index.php?rest_route=\/wp\/v2\/posts\/32412\/revisions"}],"wp:featuredmedia":[{"embeddable":true,"href":"https:\/\/www.invarena.cz\/index.php?rest_route=\/wp\/v2\/media\/14494"}],"wp:attachment":[{"href":"https:\/\/www.invarena.cz\/index.php?rest_route=%2Fwp%2Fv2%2Fmedia&parent=32412"}],"wp:term":[{"taxonomy":"category","embeddable":true,"href":"https:\/\/www.invarena.cz\/index.php?rest_route=%2Fwp%2Fv2%2Fcategories&post=32412"},{"taxonomy":"post_tag","embeddable":true,"href":"https:\/\/www.invarena.cz\/index.php?rest_route=%2Fwp%2Fv2%2Ftags&post=32412"}],"curies":[{"name":"wp","href":"https:\/\/api.w.org\/{rel}","templated":true}]}}