{"id":32432,"date":"2019-10-08T17:30:41","date_gmt":"2019-10-08T15:30:41","guid":{"rendered":"http:\/\/www.invarena.cz\/?p=32432"},"modified":"2019-10-08T17:30:41","modified_gmt":"2019-10-08T15:30:41","slug":"ve-velkem-oseku-se-odehraje-charitativni-bezecky-zavod","status":"publish","type":"post","link":"https:\/\/www.invarena.cz\/?p=32432","title":{"rendered":"Ve Velk\u00e9m Oseku se odehraje charitativn\u00ed b\u011b\u017eeck\u00fd z\u00e1vod"},"content":{"rendered":"<p><strong>B\u011b\u017eci vyraz\u00ed na tra\u0165 pro dobrou v\u011bc ve Velk\u00e9m Oseku v sobotu 12. \u0159\u00edjna. Odehraje se tam ji\u017e tradi\u010dn\u00ed z\u00e1vod Eleven Velkooseck\u00e1 podzimn\u00ed 12. Hlavn\u00ed z\u00e1vod se kon\u00e1 na trat\u011b 6 a 12 kilometr\u016f, b\u011b\u017eci mohou vyrazit i na dva kilometry. Sou\u010dasn\u011b se odehraje i charitativn\u00ed b\u011bh pro \u010ceskou asociaci paraplegik\u016f. Po\u010d\u00edt\u00e1 se i startem voz\u00ed\u010dk\u00e1\u0159\u016f &#8211; handbiker\u016f na 14 kilometr\u016f.<\/strong><!--more--><\/p>\n<p>V 11 hodin startuje z\u00e1vod na 2 kilometry; v 11.45 hodin potom vyb\u011bhnou z\u00e1vodn\u00edci na charitativn\u00ed trasu pro \u010ceskou asociaci paraplegik\u016f. Ve 12 maj\u00ed start voz\u00ed\u010dk\u00e1\u0159i na 14 kilometr\u016f, ve 13 hodin z\u00e1vodn\u00edci na 6 kilometr\u016f, o chvilku pozd\u011bji v 13.15 hodin vyraz\u00ed z\u00e1vodn\u00edci na 12kilometrovou trasu.<\/p>\n<p>Z\u00e1vod se kon\u00e1 ji\u017e p\u00e1t\u00fdm rokem. \u201eZa v\u0161\u00edm stoj\u00ed t\u011b\u017ek\u00fd \u00faraz nohy p\u0159i sr\u00e1\u017ece na ly\u017e\u00edch v rakousk\u00e9m S\u00f6ldenu a n\u00e1sledn\u00e1 rehabilitace v Kladrubech, kde jsem se sezn\u00e1mil s partou voz\u00ed\u010dk\u00e1\u0159\u016f. Po m\u00e9m vyl\u00e9\u010den\u00ed za\u010dali kluci jezdit za mnou do Velk\u00e9ho Oseku a j\u00e1 jim, jak oni \u0159\u00edkaj\u00ed, za\u010dal d\u011blat &#8218;cho\u010f\u00e1ka&#8216;,\u201c vysv\u011btlil organiz\u00e1tor Petr Rypka. A pozd\u011bji pak p\u0159i\u0161el n\u00e1pad na uspo\u0159\u00e1d\u00e1n\u00ed z\u00e1vodu na podporu lid\u00ed s poran\u011bn\u00edm m\u00edchy.<\/p>\n<p>Jakub \u0160\u0165\u00e1stka<br \/>\nKol\u00ednsk\u00fd den\u00edk<br \/>\n<a href=\"https:\/\/kolinsky.denik.cz\/\" target=\"_blank\" rel=\"noopener noreferrer\">https:\/\/kolinsky.denik.cz\/<\/a><\/p>\n","protected":false},"excerpt":{"rendered":"<div class=\"mh-excerpt\"><p>B\u011b\u017eci vyraz\u00ed na tra\u0165 pro dobrou v\u011bc ve Velk\u00e9m Oseku v sobotu 12. \u0159\u00edjna. Odehraje se tam ji\u017e tradi\u010dn\u00ed z\u00e1vod Eleven Velkooseck\u00e1 podzimn\u00ed 12. Hlavn\u00ed <a class=\"mh-excerpt-more\" href=\"https:\/\/www.invarena.cz\/?p=32432\" title=\"Ve Velk\u00e9m Oseku se odehraje charitativn\u00ed b\u011b\u017eeck\u00fd z\u00e1vod\">[&#8230;]<\/a><\/p>\n<\/div>","protected":false},"author":1,"featured_media":10390,"comment_status":"open","ping_status":"closed","sticky":false,"template":"","format":"standard","meta":{"footnotes":""},"categories":[9],"tags":[],"class_list":["post-32432","post","type-post","status-publish","format-standard","has-post-thumbnail","hentry","category-zpravy"],"_links":{"self":[{"href":"https:\/\/www.invarena.cz\/index.php?rest_route=\/wp\/v2\/posts\/32432","targetHints":{"allow":["GET"]}}],"collection":[{"href":"https:\/\/www.invarena.cz\/index.php?rest_route=\/wp\/v2\/posts"}],"about":[{"href":"https:\/\/www.invarena.cz\/index.php?rest_route=\/wp\/v2\/types\/post"}],"author":[{"embeddable":true,"href":"https:\/\/www.invarena.cz\/index.php?rest_route=\/wp\/v2\/users\/1"}],"replies":[{"embeddable":true,"href":"https:\/\/www.invarena.cz\/index.php?rest_route=%2Fwp%2Fv2%2Fcomments&post=32432"}],"version-history":[{"count":0,"href":"https:\/\/www.invarena.cz\/index.php?rest_route=\/wp\/v2\/posts\/32432\/revisions"}],"wp:featuredmedia":[{"embeddable":true,"href":"https:\/\/www.invarena.cz\/index.php?rest_route=\/wp\/v2\/media\/10390"}],"wp:attachment":[{"href":"https:\/\/www.invarena.cz\/index.php?rest_route=%2Fwp%2Fv2%2Fmedia&parent=32432"}],"wp:term":[{"taxonomy":"category","embeddable":true,"href":"https:\/\/www.invarena.cz\/index.php?rest_route=%2Fwp%2Fv2%2Fcategories&post=32432"},{"taxonomy":"post_tag","embeddable":true,"href":"https:\/\/www.invarena.cz\/index.php?rest_route=%2Fwp%2Fv2%2Ftags&post=32432"}],"curies":[{"name":"wp","href":"https:\/\/api.w.org\/{rel}","templated":true}]}}