{"id":32448,"date":"2019-10-11T14:32:41","date_gmt":"2019-10-11T12:32:41","guid":{"rendered":"http:\/\/www.invarena.cz\/?p=32448"},"modified":"2019-10-11T14:32:41","modified_gmt":"2019-10-11T12:32:41","slug":"mam-id-3-stupne-kde-a-jak-mohu-pracovat","status":"publish","type":"post","link":"https:\/\/www.invarena.cz\/?p=32448","title":{"rendered":"M\u00e1m ID 3. stupn\u011b, kde a jak mohu pracovat?"},"content":{"rendered":"<p><strong>DOTAZ: Jsem v ID 3.stupe\u0148 &#8211; psychiatrick\u00e1 diagnoza, v posudku o invalidit\u011b nem\u00e1m omezen\u00ed. Mohu pracovat 8h,6h \u010di 4h za den a ka\u017ed\u00fd den na hlavn\u00ed prac.pom\u011br? Nep\u0159ijdu tak o inv. d\u016fchod? Nebo pouze chr\u00e1n\u011bn\u00e1 d\u00edlna? Jak\u00e1 je min. mzda p\u0159i 4h? Pros\u00edm o informaci, pro\u010d se plat\u00ed ze mzdy poji\u0161t\u011bn\u00ed a dal\u0161\u00ed odvody, kdy\u017e inv.3.stupn\u011b hrad\u00ed st\u00e1t? Zam\u011bstnavatel to ozn\u00e1m\u00ed PSSZ a oni za mne p\u0159estanou hradit poji\u0161t\u011bn\u00ed? A jak je to pros\u00edm, kdy\u017e \u00a0skon\u010d\u00edm pracovn\u00ed pom\u011br? Op\u011bt mus\u00edm na PSSZ s ukon\u010den\u00edm?<\/strong><\/p>\n<p><!--more--><\/p>\n<p><strong>Odpov\u011b\u010f:\u00a0<\/strong><\/p>\n<p>\u017d\u00e1dn\u00fdm z\u00e1konn\u00fdm p\u0159edpisem nen\u00ed pracovn\u00ed doba osoby s p\u0159iznan\u00fdm statutem invalidity omezena. Ov\u0161em invalidn\u00ed d\u016fchod je ch\u00e1p\u00e1n jako ur\u010dit\u00e1 kompenzace pro ztr\u00e1tu pracovn\u00edho potenci\u00e1lu. Proto se p\u0159edpokl\u00e1d\u00e1, \u017ee t\u011b\u017ece invalidn\u00ed \u010dlov\u011bk st\u011b\u017e\u00ed m\u016f\u017ee vykon\u00e1vat pr\u00e1ci na cel\u00fd \u00favazek, jestli\u017ee je jeho pracovn\u00ed potenci\u00e1l sn\u00ed\u017een\u00fd t\u0159eba o 70 procent. Vzhledem k tomu, \u017ee se u p\u0159\u00edjemc\u016f obvykle po ur\u010dit\u00e9m obdob\u00ed zdravotn\u00ed stav p\u0159ezkoum\u00e1v\u00e1, p\u0159ihl\u00ed\u017e\u00ed se p\u0159i tomto p\u0159ezkumu i k tomu, jak\u00e9 povol\u00e1n\u00ed a na jak\u00fd \u00favazek p\u0159\u00edjemce invalidn\u00edho d\u016fchodu vykon\u00e1v\u00e1. Byly ji\u017e zaznamen\u00e1ny p\u0159\u00edpady, kdy se pr\u00e1v\u011b kv\u016fli pln\u00e9mu pracovn\u00edmu nasazen\u00ed sni\u017eoval p\u016fvodn\u011b p\u0159iznan\u00fd\u00a0 invalidn\u00ed stupe\u0148 a t\u00edm i invalidn\u00ed d\u016fchod. Proto se obecn\u011b zejm\u00e9na u manu\u00e1ln\u00edch\u00a0 nebo psychicky n\u00e1ro\u010dn\u00fdch profes\u00ed doporu\u010duje p\u0159im\u011b\u0159en\u011b sn\u00ed\u017een\u00fd \u00favazek.<\/p>\n<p>Invalidn\u00ed \u010dlov\u011bk m\u016f\u017ee pracovat kdekoli, kde jsou schopni mu vytvo\u0159it p\u0159\u00edzniv\u00e9 pracovn\u00ed podm\u00ednky, nejen tedy v chr\u00e1n\u011bn\u00e9 d\u00edln\u011b. Zam\u011bstn\u00e1n\u00ed v chr\u00e1n\u011bn\u00e9 d\u00edln\u011b m\u00e1 jednu malou ekonomickou v\u00fdhodu pro zam\u011bstnance, a to mo\u017enost odpo\u010dtu 7540 K\u010d ze z\u00e1kladu pro v\u00fdpo\u010det zdravotn\u00edho poji\u0161t\u011bn\u00ed. Plat\u00ed tedy ni\u017e\u0161\u00ed zdravotn\u00ed poji\u0161t\u011bn\u00ed.<\/p>\n<p>Minim\u00e1ln\u00ed mzda p\u0159i polovi\u010dn\u00edm \u00favazku je polovi\u010dn\u00ed.<\/p>\n<p>Ze mzdy se plat\u00ed zdravotn\u00ed a soci\u00e1ln\u00ed pojistn\u00e9 i v p\u0159\u00edpadech invalidn\u00edch ob\u010dan\u016f a nic na tom nem\u011bn\u00ed skute\u010dnost, \u017ee za tyto poji\u0161t\u011bnce plat\u00ed pojistn\u00e9 st\u00e1t. St\u00e1t toto pojistn\u00e9 toti\u017e plat\u00ed v dob\u011b, kdy je invalidn\u00ed ob\u010dan nezam\u011bstnan\u00fd.\u00a0 Pokud ukon\u010d\u00edte pracovn\u00ed pom\u011br, nikam na \u010cSSZ chodit nemus\u00edte, v\u0161e je povinen za v\u00e1s vy\u0159\u00eddit zam\u011bstnavatel &#8211; tedy podat ozn\u00e1men\u00ed o ukon\u010den\u00ed pracovn\u00edho pom\u011bru. D\u00e1le je zam\u011bstnavatel povinen vyhotovit pro \u010cSSZ eviden\u010dn\u00ed list d\u016fchodov\u00e9ho zabezpe\u010den\u00ed a jednu jeho kopii v\u00e1m p\u0159edat do va\u0161\u00ed \u00faschovy.<\/p>\n<p>redakce invArena<\/p>\n<p>&nbsp;<\/p>\n","protected":false},"excerpt":{"rendered":"<div class=\"mh-excerpt\"><p>DOTAZ: Jsem v ID 3.stupe\u0148 &#8211; psychiatrick\u00e1 diagnoza, v posudku o invalidit\u011b nem\u00e1m omezen\u00ed. Mohu pracovat 8h,6h \u010di 4h za den a ka\u017ed\u00fd den na <a class=\"mh-excerpt-more\" href=\"https:\/\/www.invarena.cz\/?p=32448\" title=\"M\u00e1m ID 3. stupn\u011b, kde a jak mohu pracovat?\">[&#8230;]<\/a><\/p>\n<\/div>","protected":false},"author":1,"featured_media":14066,"comment_status":"open","ping_status":"closed","sticky":false,"template":"","format":"standard","meta":{"footnotes":""},"categories":[18],"tags":[],"class_list":["post-32448","post","type-post","status-publish","format-standard","has-post-thumbnail","hentry","category-poradna"],"_links":{"self":[{"href":"https:\/\/www.invarena.cz\/index.php?rest_route=\/wp\/v2\/posts\/32448","targetHints":{"allow":["GET"]}}],"collection":[{"href":"https:\/\/www.invarena.cz\/index.php?rest_route=\/wp\/v2\/posts"}],"about":[{"href":"https:\/\/www.invarena.cz\/index.php?rest_route=\/wp\/v2\/types\/post"}],"author":[{"embeddable":true,"href":"https:\/\/www.invarena.cz\/index.php?rest_route=\/wp\/v2\/users\/1"}],"replies":[{"embeddable":true,"href":"https:\/\/www.invarena.cz\/index.php?rest_route=%2Fwp%2Fv2%2Fcomments&post=32448"}],"version-history":[{"count":0,"href":"https:\/\/www.invarena.cz\/index.php?rest_route=\/wp\/v2\/posts\/32448\/revisions"}],"wp:featuredmedia":[{"embeddable":true,"href":"https:\/\/www.invarena.cz\/index.php?rest_route=\/wp\/v2\/media\/14066"}],"wp:attachment":[{"href":"https:\/\/www.invarena.cz\/index.php?rest_route=%2Fwp%2Fv2%2Fmedia&parent=32448"}],"wp:term":[{"taxonomy":"category","embeddable":true,"href":"https:\/\/www.invarena.cz\/index.php?rest_route=%2Fwp%2Fv2%2Fcategories&post=32448"},{"taxonomy":"post_tag","embeddable":true,"href":"https:\/\/www.invarena.cz\/index.php?rest_route=%2Fwp%2Fv2%2Ftags&post=32448"}],"curies":[{"name":"wp","href":"https:\/\/api.w.org\/{rel}","templated":true}]}}