{"id":32453,"date":"2019-10-11T16:58:09","date_gmt":"2019-10-11T14:58:09","guid":{"rendered":"http:\/\/www.invarena.cz\/?p=32453"},"modified":"2019-10-11T16:58:09","modified_gmt":"2019-10-11T14:58:09","slug":"pelhrimov-domov-pro-seniory-uvital-navstevniky-a-poskytl-dobre-rady","status":"publish","type":"post","link":"https:\/\/www.invarena.cz\/?p=32453","title":{"rendered":"Pelh\u0159imov: Domov pro seniory uv\u00edtal n\u00e1v\u0161t\u011bvn\u00edky a poskytl dobr\u00e9 rady"},"content":{"rendered":"<p><strong>V\u00fdstava kompenza\u010dn\u00edch pom\u016fcek, prodejn\u00ed v\u00fdstava v\u00fdrobk\u016f senior\u016f a samoz\u0159ejm\u011b prohl\u00eddka domova \u2013 to byly sou\u010d\u00e1sti programu dne otev\u0159en\u00fdch dve\u0159\u00ed, kter\u00fd po\u0159\u00e1dal Domov pro seniory v Pelh\u0159imov\u011b (DpsP).<\/strong> <!--more--><\/p>\n<p><em>ilustra\u010dn\u00ed foto<\/em><\/p>\n<p>Cel\u00fd \u010dl\u00e1nek naleznete v Parlamentn\u00edch Listech: <a href=\"http:\/\/www.parlamentnilisty.cz\/politika\/obce-volicum\/Pelhrimov-Domov-pro-seniory-uvital-navstevniky-a-poskytl-dobre-rady-599071\" target=\"_blank\" rel=\"noopener noreferrer\">ZDE<\/a><\/p>\n","protected":false},"excerpt":{"rendered":"<div class=\"mh-excerpt\"><p>V\u00fdstava kompenza\u010dn\u00edch pom\u016fcek, prodejn\u00ed v\u00fdstava v\u00fdrobk\u016f senior\u016f a samoz\u0159ejm\u011b prohl\u00eddka domova \u2013 to byly sou\u010d\u00e1sti programu dne otev\u0159en\u00fdch dve\u0159\u00ed, kter\u00fd po\u0159\u00e1dal Domov pro seniory v <a class=\"mh-excerpt-more\" href=\"https:\/\/www.invarena.cz\/?p=32453\" title=\"Pelh\u0159imov: Domov pro seniory uv\u00edtal n\u00e1v\u0161t\u011bvn\u00edky a poskytl dobr\u00e9 rady\">[&#8230;]<\/a><\/p>\n<\/div>","protected":false},"author":1,"featured_media":27670,"comment_status":"open","ping_status":"closed","sticky":false,"template":"","format":"standard","meta":{"footnotes":""},"categories":[9],"tags":[],"class_list":["post-32453","post","type-post","status-publish","format-standard","has-post-thumbnail","hentry","category-zpravy"],"_links":{"self":[{"href":"https:\/\/www.invarena.cz\/index.php?rest_route=\/wp\/v2\/posts\/32453","targetHints":{"allow":["GET"]}}],"collection":[{"href":"https:\/\/www.invarena.cz\/index.php?rest_route=\/wp\/v2\/posts"}],"about":[{"href":"https:\/\/www.invarena.cz\/index.php?rest_route=\/wp\/v2\/types\/post"}],"author":[{"embeddable":true,"href":"https:\/\/www.invarena.cz\/index.php?rest_route=\/wp\/v2\/users\/1"}],"replies":[{"embeddable":true,"href":"https:\/\/www.invarena.cz\/index.php?rest_route=%2Fwp%2Fv2%2Fcomments&post=32453"}],"version-history":[{"count":0,"href":"https:\/\/www.invarena.cz\/index.php?rest_route=\/wp\/v2\/posts\/32453\/revisions"}],"wp:featuredmedia":[{"embeddable":true,"href":"https:\/\/www.invarena.cz\/index.php?rest_route=\/wp\/v2\/media\/27670"}],"wp:attachment":[{"href":"https:\/\/www.invarena.cz\/index.php?rest_route=%2Fwp%2Fv2%2Fmedia&parent=32453"}],"wp:term":[{"taxonomy":"category","embeddable":true,"href":"https:\/\/www.invarena.cz\/index.php?rest_route=%2Fwp%2Fv2%2Fcategories&post=32453"},{"taxonomy":"post_tag","embeddable":true,"href":"https:\/\/www.invarena.cz\/index.php?rest_route=%2Fwp%2Fv2%2Ftags&post=32453"}],"curies":[{"name":"wp","href":"https:\/\/api.w.org\/{rel}","templated":true}]}}