{"id":32454,"date":"2019-10-11T17:06:01","date_gmt":"2019-10-11T15:06:01","guid":{"rendered":"http:\/\/www.invarena.cz\/?p=32454"},"modified":"2019-10-11T17:06:01","modified_gmt":"2019-10-11T15:06:01","slug":"muz-potrebuje-na-lecbu-rakoviny-15-milionu","status":"publish","type":"post","link":"https:\/\/www.invarena.cz\/?p=32454","title":{"rendered":"Mu\u017e pot\u0159ebuje na l\u00e9\u010dbu rakoviny 1,5 milionu"},"content":{"rendered":"<p><strong>Franti\u0161ek Mach se kv\u016fli n\u00e1kladn\u00e9 l\u00e9\u010db\u011b dostal s man\u017eelkou do dluh\u016f.<\/strong><!--more--><\/p>\n<p>\u00dasteck\u00fd kraj \u2013 Franti\u0161ek Mach z \u00fasteck\u00fdch Ne\u0161t\u011bmic u\u017e n\u011bkolik let bojuje se z\u00e1ke\u0159n\u00fdm onemocn\u011bn\u00edm.<br \/>\nV roce 2016 mu po odstran\u011bn\u00ed pihy l\u00e9ka\u0159i diagnostikovali rakovinu k\u016f\u017ee, a to agresivn\u00ed formu zvanou melanom.<\/p>\n<p>Onemocn\u011bn\u00ed pat\u0159\u00ed mezi nej\u010dast\u011bj\u0161\u00ed formy rakoviny v \u00dasteck\u00e9m kraji. N\u00e1sledn\u011b podstoupil operaci, p\u0159i kter\u00e9 mu dokto\u0159i n\u00e1dor spole\u010dn\u011b s 16 uzlinami odstranili.<\/p>\n<p>&#8222;M\u00e1 \u017eena se z diagn\u00f3zy psychicky zhroutila a j\u00e1 ji sl\u00edbil, \u017ee budu bojovat, jak to p\u016fjde. Jak se z\u00e1ke\u0159nou nemoc\u00ed bojovat, jsem zji\u0161\u0165oval postupn\u011b. M\u011bl jsem velk\u00e9 \u0161t\u011bst\u00ed na l\u00e9ka\u0159e, kter\u00fd doporu\u010dil biologickou l\u00e9\u010dbu. Boj za\u010dal,&#8220; popisuje sv\u016fj p\u0159\u00edb\u011bh Franti\u0161ek, kter\u00fd ve spolupr\u00e1ci s Dobrovolnick\u00fdm centrem v \u00dast\u00ed a Nada\u010dn\u00edm fondem pomoci Karla Jane\u010dka uspo\u0159\u00e1dal tzv. crowdfundingovou sb\u00edrku na internetu, na kterou se skl\u00e1d\u00e1 ve\u0159ejnost. Na svou l\u00e9\u010dbu pot\u0159ebuje 1,5 milionu korun, zat\u00edm se vybralo pouze n\u011bkolik des\u00edtek tis\u00edc.<\/p>\n<p>POJI\u0160\u0164OVNA NEPLATILA<\/p>\n<p>Od doby operace byla pro Franti\u0161ka a jeho rodinu ka\u017ed\u00e1 dal\u0161\u00ed n\u00e1v\u0161t\u011bva l\u00e9ka\u0159e velk\u00fdm stresem.<\/p>\n<p>&#8222;Zafungovala kombinace dvou l\u00e9k\u016f, a to bylo skv\u011bl\u00e9. Ob\u010das jsem c\u00edtil nevolnosti a \u00fanavu. Na to jsem ale rychle zapomn\u011bl, kdy\u017e jsem se dozv\u011bd\u011bl, \u017ee l\u00e9\u010dba zab\u00edr\u00e1. L\u00e9ka\u0159 mi doporu\u010dil jedinou \u00fa\u010dinnou a mo\u017enou l\u00e9\u010dbu, kter\u00e1 mi pom\u00e1hala, poji\u0161\u0165ovna na to v\u0161ak m\u011bla n\u00e1zor jin\u00fd. Vzala m\u016fj osud do sv\u00fdch rukou a stala se tak soudcem, kter\u00fd rozhoduje o tom, zda budu, nebo nebudu \u017e\u00edt,&#8220; l\u00ed\u010d\u00ed Franti\u0161ek.<\/p>\n<p>I tak se nevzd\u00e1val. L\u00e9\u010dbu si hradil s\u00e1m a spole\u010dn\u011b s man\u017eelkou se kv\u016fli tomu dostal do dluh\u016f. &#8222;Po dal\u0161\u00edm vy\u0161et\u0159en\u00ed jsem se dozv\u011bd\u011bl, \u017ee mi mus\u00ed b\u00fdt l\u00e9ky odebr\u00e1ny, jeliko\u017e se uk\u00e1zaly metast\u00e1ze na plic\u00edch, v rameni a v doln\u00ed \u010d\u00e1sti p\u00e1te\u0159e. Byl jsem zdrcen\u00fd, ale l\u00e9ka\u0159 m\u011bl pro m\u011b p\u0159ipravenou novou bio l\u00e9\u010dbu. Bohu\u017eel se op\u011bt ozvala poji\u0161\u0165ovna a stanovenou l\u00e9\u010dbu zam\u00edtla,&#8220; vypr\u00e1v\u00ed mu\u017e. &#8222;Odvol\u00e1val jsem se na v\u0161echny strany, psal i prezidentovi, ministru zdravotnictv\u00ed, dostaly se mi v\u0161ak stejn\u00e9 odpov\u011bdi \u2013 nem\u016f\u017eeme v\u00e1m pomoci. Dokonce se odvol\u00e1val i m\u016fj onkolog, ale t\u00e9\u017e ne\u00fasp\u011b\u0161n\u011b,&#8220; dod\u00e1v\u00e1. Jedinou \u0161anc\u00ed, aby se metast\u00e1ze neroz\u0161\u00ed\u0159ily do cel\u00e9ho t\u011bla, byla l\u00e9\u010dba formou agresivn\u00ed chemoterapie. Tu nakonec podstoupil a te\u010f ho \u010dek\u00e1 posledn\u00ed.<\/p>\n<p>&#8222;Chemoterapie m\u00e1 hodn\u011b ne\u017e\u00e1douc\u00edch \u00fa\u010dink\u016f, a tak u\u017e dal\u0161\u00ed dostat nemohu, m\u00e9 t\u011blo by to nezvl\u00e1dlo,&#8220; dopl\u0148uje Franti\u0161ek, kter\u00e9mu posledn\u00ed rok nejv\u00edce sil dod\u00e1v\u00e1 hlavn\u011b nejmlad\u0161\u00ed vnu\u010dka Jasm\u00ednka.<\/p>\n<p>LID\u00c9 ZA\u010c\u00cdNAJ\u00cd P\u0158ISP\u00cdVAT<\/p>\n<p>&#8222;Dcera man\u017eelky v m\u00e9 nemoci \u017eila s n\u00e1mi a moc n\u00e1m pom\u00e1hala. V\u00edm, \u017ee pokud to p\u016fjde a j\u00e1 budu d\u00fdchat, budu za n\u011b bojovat a sna\u017eit se, aby se m\u011bly dob\u0159e a moje nemoc ani l\u00e9\u010dba je nijak nepoznamenala.<\/p>\n<p>Dluhy s man\u017eelkou \u0159e\u0161\u00edme, jsme v insolvenci a spl\u00e1c\u00edme je. \u017dena se po psychick\u00e9 str\u00e1nce c\u00edt\u00ed l\u00e9pe a moment\u00e1ln\u011b si aktivn\u011b hled\u00e1 zam\u011bstn\u00e1n\u00ed. Na l\u00e9\u010dbu n\u00e1m bohu\u017eel u\u017e nikde nep\u016fj\u010d\u00ed, \u00faspory do\u0161ly,&#8220; vysv\u011btluje Franti\u0161ek d\u016fvody, pro\u010d se rozhodl pro crowdfundingovou sb\u00edrku.<\/p>\n<p>&#8222;Je jeden a p\u016fl milionu za \u0161anci \u017e\u00edt moc? Proto se obrac\u00edm s \u017e\u00e1dost\u00ed o pomoc na v\u00e1s. P\u0159isp\u011bjte, pros\u00edm, v t\u00e9to sb\u00edrce a pomozte mi z\u00edskat pot\u0159ebn\u00e9 finance na l\u00e9\u010dbu, kter\u00e1 mi umo\u017en\u00ed \u017e\u00edt. D\u011bkuji,&#8220; dod\u00e1v\u00e1 Franti\u0161ek.<\/p>\n<p>Lid\u00e9 za\u010d\u00ednaj\u00ed p\u0159isp\u00edvat po stokorun\u00e1ch. &#8222;Dr\u017e\u00edm moc palce! Pos\u00edl\u00e1m alespo\u0148 n\u011bco m\u00e1lo z mate\u0159sk\u00e9! K\u00e9\u017e by se pen\u00edze vybraly a l\u00e9\u010dba by v\u00e1m zabrala,&#8220; p\u00ed\u0161e nap\u0159\u00edklad Pavl\u00edna Kr\u00e1lov\u00e1, kter\u00e1 do sb\u00edrky poslala 300 korun.<\/p>\n<p>Na Dobrovolnick\u00e9 centrum v \u00dast\u00ed se s \u017e\u00e1dost\u00ed o pomoc Franti\u0161ku Machovi obr\u00e1tila starostka Ne\u0161t\u011bmic Yveta Tomkov\u00e1. &#8222;Bylo mi ho velmi l\u00edto, tak jsem po\u017e\u00e1dala pan\u00ed \u0159editelku o pomoc se sb\u00edrkou,&#8220; potvrzuje Tomkov\u00e1.<\/p>\n<p>&#8222;Vzali jsme to jako v\u00fdzvu a rozhodli se panu Machovi pomoci \u2013 dobrovoln\u011b, proto\u017ee pom\u00e1hat je lidsk\u00e9. Pro n\u00e1s samotn\u00e9 je to prvn\u00ed zku\u0161enost s crowdfundingovou sb\u00edrkou a je\u0161t\u011b na takov\u00e9 &#8218;t\u011b\u017ek\u00e9&#8216; t\u00e9ma. I proto jsme oslovili Nada\u010dn\u00ed fond pomoci Karla Jane\u010dka, kter\u00fd n\u00e1m s administrativou velmi pomohl,&#8220; \u0159\u00edk\u00e1 Petra Pracha\u0159ov\u00e1 z Dobrovolnick\u00e9ho centra.<\/p>\n<p>Nej\u010dast\u011bj\u0161\u00edm n\u00e1dorov\u00fdm onemocn\u011bn\u00edm v \u00dasteck\u00e9m kraji je rakovina k\u016f\u017ee. N\u00e1sleduje rakovina prsu a tr\u00e1vic\u00edho \u00fastroj\u00ed. V \u010cR je na 100 tis\u00edc obyvatel pr\u016fm\u011brn\u011b zachyceno 21 p\u0159\u00edpad\u016f rakoviny k\u016f\u017ee. Nejv\u00edce posti\u017een\u00ed jsou mu\u017ei nad 50 let, kte\u0159\u00ed riziko ko\u017en\u00edho n\u00e1doru podce\u0148uj\u00ed, a \u017eeny ve v\u011bku 10-29 let tou\u017e\u00edc\u00ed po op\u00e1len\u00e9 poko\u017ece. Na rakovinu obecn\u011b zem\u0159ou v \u00dasteck\u00e9m kraji ro\u010dn\u011b stovky lid\u00ed.<\/p>\n<p>KRISTI\u00c1N \u0160UJAN<br \/>\nD\u011b\u010d\u00ednsk\u00fd den\u00edk<br \/>\n<a href=\"http:\/\/www.decinsky.denik.cz\/\" target=\"_blank\" rel=\"noopener noreferrer\">http:\/\/www.decinsky.denik.cz\/<\/a><\/p>\n","protected":false},"excerpt":{"rendered":"<div class=\"mh-excerpt\"><p>Franti\u0161ek Mach se kv\u016fli n\u00e1kladn\u00e9 l\u00e9\u010db\u011b dostal s man\u017eelkou do dluh\u016f.<\/p>\n<\/div>","protected":false},"author":1,"featured_media":24717,"comment_status":"open","ping_status":"closed","sticky":false,"template":"","format":"standard","meta":{"footnotes":""},"categories":[9],"tags":[],"class_list":["post-32454","post","type-post","status-publish","format-standard","has-post-thumbnail","hentry","category-zpravy"],"_links":{"self":[{"href":"https:\/\/www.invarena.cz\/index.php?rest_route=\/wp\/v2\/posts\/32454","targetHints":{"allow":["GET"]}}],"collection":[{"href":"https:\/\/www.invarena.cz\/index.php?rest_route=\/wp\/v2\/posts"}],"about":[{"href":"https:\/\/www.invarena.cz\/index.php?rest_route=\/wp\/v2\/types\/post"}],"author":[{"embeddable":true,"href":"https:\/\/www.invarena.cz\/index.php?rest_route=\/wp\/v2\/users\/1"}],"replies":[{"embeddable":true,"href":"https:\/\/www.invarena.cz\/index.php?rest_route=%2Fwp%2Fv2%2Fcomments&post=32454"}],"version-history":[{"count":0,"href":"https:\/\/www.invarena.cz\/index.php?rest_route=\/wp\/v2\/posts\/32454\/revisions"}],"wp:featuredmedia":[{"embeddable":true,"href":"https:\/\/www.invarena.cz\/index.php?rest_route=\/wp\/v2\/media\/24717"}],"wp:attachment":[{"href":"https:\/\/www.invarena.cz\/index.php?rest_route=%2Fwp%2Fv2%2Fmedia&parent=32454"}],"wp:term":[{"taxonomy":"category","embeddable":true,"href":"https:\/\/www.invarena.cz\/index.php?rest_route=%2Fwp%2Fv2%2Fcategories&post=32454"},{"taxonomy":"post_tag","embeddable":true,"href":"https:\/\/www.invarena.cz\/index.php?rest_route=%2Fwp%2Fv2%2Ftags&post=32454"}],"curies":[{"name":"wp","href":"https:\/\/api.w.org\/{rel}","templated":true}]}}