{"id":32458,"date":"2019-10-14T16:17:33","date_gmt":"2019-10-14T14:17:33","guid":{"rendered":"http:\/\/www.invarena.cz\/?p=32458"},"modified":"2019-10-17T18:59:43","modified_gmt":"2019-10-17T16:59:43","slug":"zena-porusuje-zakaz-rizeni-auto-ji-zabavit-nelze","status":"publish","type":"post","link":"https:\/\/www.invarena.cz\/?p=32458","title":{"rendered":"\u017dena poru\u0161uje z\u00e1kaz \u0159\u00edzen\u00ed, auto j\u00ed zabavit nelze"},"content":{"rendered":"<p><strong>Dvacet z\u00e1kaz\u016f \u0159\u00edzen\u00ed m\u00e1 u\u017e letos na sv\u00e9m kont\u011b 1 \u017eena z Pardubicka, jen\u017ee i p\u0159esto si z toho nic ned\u011bl\u00e1 a jezd\u00ed d\u00e1l. A policist\u00e9 si s n\u00ed nev\u011bd\u00ed rady. Report\u00e1\u017e TV NOVA.<\/strong><!--more--><\/p>\n<p><em>ilustra\u010dn\u00ed sn\u00edmek<\/em><\/p>\n<p>moder\u00e1torka<br \/>\nNenapraviteln\u00fdm \u0159idi\u010d\u016fm sice policist\u00e9 mohou zabavit auto, ale v tomto p\u0159\u00edpad\u011b to pr\u00fd nejde. V\u016fz, kter\u00fdm \u017eena jezd\u00ed, je toti\u017e napsan\u00fd na jej\u00ed posti\u017eenou dceru.<\/p>\n<p>Petr BRZEK, redaktor<br \/>\nSc\u00e9n\u00e1\u0159 st\u00e1le stejn\u00fd, jen se m\u011bn\u00ed m\u00edsta. Jednou hl\u00eddky zadr\u017e\u00ed \u017eenu za volantem vozu v Pardubic\u00edch a jindy v Holic\u00edch.<\/p>\n<p>Ji\u0159\u00ed SEJKORA, mluv\u010d\u00ed m\u011bstsk\u00e9 policie Pardubice<br \/>\nB\u011bhem dvou dn\u016f zastavila hl\u00eddka M\u011bstsk\u00e9 policie tuto \u017eenu dokonce 3\u00d7.<\/p>\n<p>redaktor<br \/>\nOd ledna jde o 20 p\u0159\u00edpad\u016f. \u0158idi\u010dka nejen\u017ee nesm\u00ed \u0159\u00eddit, ale nav\u00edc dost riskuje. Pod palubn\u00ed deskou t\u0159eba voz\u00ed dom\u00e1c\u00ed zv\u00ed\u0159ata.<\/p>\n<p>redaktor<br \/>\nPodle str\u00e1\u017en\u00edk\u016f je auto ve \u0161patn\u00e9m technick\u00e9m stavu. Tady nap\u0159\u00edklad chyb\u00ed odrazka. A pneumatika? Tak to je \u00fapln\u011b hladk\u00e1, jako by \u0161lo o z\u00e1vodn\u00ed formuli. Policist\u00e9 ji poka\u017ed\u00e9 vezmou k v\u00fdslechu a nakonec j\u00ed i pust\u00ed.<\/p>\n<p>Jind\u0159ich MON\u00cdK, policista<br \/>\nSe n\u00e1m jev\u00ed, \u017ee \u0159\u00edd\u00ed pod vlivem n\u00e1vykov\u00fdch l\u00e1tek, nicm\u00e9n\u011b v\u017edy tento test na n\u00e1vykov\u00e9 l\u00e1tky odm\u00edt\u00e1.<\/p>\n<p>Mark\u00e9ta JANOVSK\u00c1, Policie \u010cR Pardubice<br \/>\n\u0158idi\u010dce za ma\u0159en\u00ed v\u00fdkonu \u00fa\u0159edn\u00edho rozhodnut\u00ed hroz\u00ed a\u017e 2 roky odn\u011bt\u00ed svobody.<\/p>\n<p>redaktor<br \/>\nPodobn\u011b nenapraviteln\u00e9 \u0159idi\u010de policie nut\u00ed chodit p\u011b\u0161ky. Zabav\u00ed jim na ulici auto. V tomhle p\u0159\u00edpad\u011b to nejde. Pr\u00fd nen\u00ed jej\u00ed. Napsan\u00e9 m\u00e1 b\u00fdt na jej\u00ed desetilet\u00e9 posti\u017een\u00e9 d\u00edt\u011b.<\/p>\n<p>\u0159idi\u010dka<br \/>\nD\u00edt\u011b se o sebe nepostar\u00e1 samo. Je ve speci\u00e1ln\u00ed \u0161kole. Bylo mi k tomu p\u0159id\u011bleno auto. Mus\u00ed b\u00fdt v provozu ka\u017ed\u00fd den pro dceru.<\/p>\n<p>redaktor<br \/>\n\u017dena \u00fadajn\u011b mnohokr\u00e1t \u0159ekla, \u017ee bude \u0159\u00eddit d\u00e1l. Zat\u00edm je na svobod\u011b, co\u017e ale nemus\u00ed platit donekone\u010dna. S tolika z\u00e1kazy \u0159\u00edzen\u00ed u\u017e n\u011bkter\u00e9 \u0159idi\u010de v minulosti soudci poslali do vazby.<\/p>\n<p>TV NOVA<\/p>\n","protected":false},"excerpt":{"rendered":"<div class=\"mh-excerpt\"><p>Dvacet z\u00e1kaz\u016f \u0159\u00edzen\u00ed m\u00e1 u\u017e letos na sv\u00e9m kont\u011b 1 \u017eena z Pardubicka, jen\u017ee i p\u0159esto si z toho nic ned\u011bl\u00e1 a jezd\u00ed d\u00e1l. A <a class=\"mh-excerpt-more\" href=\"https:\/\/www.invarena.cz\/?p=32458\" title=\"\u017dena poru\u0161uje z\u00e1kaz \u0159\u00edzen\u00ed, auto j\u00ed zabavit nelze\">[&#8230;]<\/a><\/p>\n<\/div>","protected":false},"author":1,"featured_media":22619,"comment_status":"open","ping_status":"closed","sticky":false,"template":"","format":"standard","meta":{"footnotes":""},"categories":[7],"tags":[],"class_list":["post-32458","post","type-post","status-publish","format-standard","has-post-thumbnail","hentry","category-spolecnost"],"_links":{"self":[{"href":"https:\/\/www.invarena.cz\/index.php?rest_route=\/wp\/v2\/posts\/32458","targetHints":{"allow":["GET"]}}],"collection":[{"href":"https:\/\/www.invarena.cz\/index.php?rest_route=\/wp\/v2\/posts"}],"about":[{"href":"https:\/\/www.invarena.cz\/index.php?rest_route=\/wp\/v2\/types\/post"}],"author":[{"embeddable":true,"href":"https:\/\/www.invarena.cz\/index.php?rest_route=\/wp\/v2\/users\/1"}],"replies":[{"embeddable":true,"href":"https:\/\/www.invarena.cz\/index.php?rest_route=%2Fwp%2Fv2%2Fcomments&post=32458"}],"version-history":[{"count":0,"href":"https:\/\/www.invarena.cz\/index.php?rest_route=\/wp\/v2\/posts\/32458\/revisions"}],"wp:featuredmedia":[{"embeddable":true,"href":"https:\/\/www.invarena.cz\/index.php?rest_route=\/wp\/v2\/media\/22619"}],"wp:attachment":[{"href":"https:\/\/www.invarena.cz\/index.php?rest_route=%2Fwp%2Fv2%2Fmedia&parent=32458"}],"wp:term":[{"taxonomy":"category","embeddable":true,"href":"https:\/\/www.invarena.cz\/index.php?rest_route=%2Fwp%2Fv2%2Fcategories&post=32458"},{"taxonomy":"post_tag","embeddable":true,"href":"https:\/\/www.invarena.cz\/index.php?rest_route=%2Fwp%2Fv2%2Ftags&post=32458"}],"curies":[{"name":"wp","href":"https:\/\/api.w.org\/{rel}","templated":true}]}}