{"id":32459,"date":"2019-10-14T16:23:32","date_gmt":"2019-10-14T14:23:32","guid":{"rendered":"http:\/\/www.invarena.cz\/?p=32459"},"modified":"2019-10-17T18:57:43","modified_gmt":"2019-10-17T16:57:43","slug":"nestastna-smrt-mladeho-muze","status":"publish","type":"post","link":"https:\/\/www.invarena.cz\/?p=32459","title":{"rendered":"Ne\u0161\u0165astn\u00e1 smrt mlad\u00e9ho mu\u017ee"},"content":{"rendered":"<p><strong>P\u00e1d z n\u011bkolikametrov\u00e9 v\u00fd\u0161ky st\u00e1l \u017eivot 35let\u00e9ho posti\u017een\u00e9ho mu\u017ee z Plzn\u011b. Ten se za nejasn\u00fdch okolnost\u00ed z\u0159\u00edtil do sv\u011btl\u00edku jednoho z bytov\u00fdch dom\u016f v Plzni. Jestli \u0161lo o n\u00e1hodu nebo \u00famysl \u0161et\u0159\u00ed policie. Report\u00e1\u017e televize ZAK.<\/strong><!--more--><\/p>\n<p>redaktorka<br \/>\nSobota ve\u010der, hasi\u010di i z\u00e1chrann\u00e1 slu\u017eba vyj\u00ed\u017ed\u011bj\u00ed na Klatovskou ulici v Plzni, hl\u00e1\u0161en\u00ed &#8211; p\u00e1d do sv\u011btl\u00edku.<\/p>\n<p>sousedka<br \/>\nTady se to stalo, \u017ee my m\u00e1me sv\u011btl\u00edk tady dole, to jsou ty prosklen\u00fd dve\u0159e, a to bylo n\u011bkde tam<\/p>\n<p>Petr POCNAR, mluv\u010d\u00ed HZS PK<br \/>\nNa\u0161e jednotka p\u0159ijela na m\u00edsto a zjistila, \u017ee doty\u010dn\u00fd se nach\u00e1z\u00ed zhruba v \u0161estimetrov\u00e9 hloubce, tud\u00ed\u017e bylo zapot\u0159eb\u00ed aktivovat lezce, kte\u0159\u00ed se tam pomoc\u00ed \u017eeb\u0159\u00edk\u016f dostali ke zran\u011bn\u00e9mu, vzali si s sebou speci\u00e1ln\u00ed nos\u00edtka, do t\u011bch doty\u010dn\u00e9ho zafixovali a pak pomoc\u00ed lezeck\u00e9 techniky byl zran\u011bn\u00fd vyta\u017een ven.<\/p>\n<p>redaktorka<br \/>\nU\u017e nam\u00edst\u011b bylo jasn\u00e9, \u017ee stav 35let\u00e9ho mu\u017ee je kritick\u00fd.<\/p>\n<p>M\u00e1ria SVOBODOV\u00c1, mluv\u010d\u00ed ZSS PK<br \/>\nP\u0159ed transportem pacienta do\u0161lo ke komplikac\u00edm, v sanit\u011b bylo nutn\u00e9 zah\u00e1jit resuscitaci, po obnov\u011b \u017eivotn\u00edch funkc\u00ed n\u00e1sledoval transport do Fakultn\u00ed nemocnice na Emergency, kde si l\u00e9ka\u0159i p\u0159evzali pacienta v kritick\u00e9m stavu. Rozsah zran\u011bn\u00ed byl zejm\u00e9na v oblasti hlavy, hrudn\u00edku a p\u00e1te\u0159e.<\/p>\n<p>redaktorka<br \/>\nZran\u011bn\u00ed byla ale nakonec natolik v\u00e1\u017en\u00e1, \u017ee jim v nemocnici podlehl.<\/p>\n<p>sousedka<br \/>\nM\u016fj syn m\u011bl v tu dobu dvacetiny, m\u011bli jsme tady lidi a te\u010f vid\u00edm tady, jak tady l\u00edtali lidi, j\u00e1 jsem myslela, \u017ee ho\u0159\u00ed nebo n\u011bco. No, a p\u00e1n, \u017ee jsem potom zjistila, p\u00e1n p\u0159i\u0161el za mnou, klepal, jestli nem\u00e1m kl\u00ed\u010de, j\u00e1 \u0159\u00edk\u00e1m: &#8222;Nem\u00e1m kl\u00ed\u010de, prost\u011b jako j\u00e1 se k tomu nedostanu.&#8220;<\/p>\n<p>redaktorka<br \/>\nPodle soused\u016f m\u011bl m\u00edt mu\u017e spolubydl\u00edc\u00edho, pr\u00e1v\u011b on nejsp\u00ed\u0161 zalarmoval z\u00e1chran\u00e1\u0159e.<\/p>\n<p>sousedka<br \/>\nTo byli lidi, kter\u00fd byli posti\u017een\u00ed.<\/p>\n<p>redaktorka<br \/>\nA to bylo ment\u00e1ln\u00ed posti\u017een\u00ed?<\/p>\n<p>sousedka<br \/>\nJo, m\u011bli i dole kancel\u00e1\u0159.<\/p>\n<p>Co p\u0159esn\u011b se v byt\u011b odehr\u00e1lo a jestli \u0161lo o ciz\u00ed zavin\u011bn\u00ed nebo ne\u0161\u0165astnou n\u00e1hodu uk\u00e1\u017ee a\u017e vy\u0161et\u0159ov\u00e1n\u00ed.<\/p>\n<p>televize ZAK<\/p>\n","protected":false},"excerpt":{"rendered":"<div class=\"mh-excerpt\"><p>P\u00e1d z n\u011bkolikametrov\u00e9 v\u00fd\u0161ky st\u00e1l \u017eivot 35let\u00e9ho posti\u017een\u00e9ho mu\u017ee z Plzn\u011b. Ten se za nejasn\u00fdch okolnost\u00ed z\u0159\u00edtil do sv\u011btl\u00edku jednoho z bytov\u00fdch dom\u016f v Plzni. <a class=\"mh-excerpt-more\" href=\"https:\/\/www.invarena.cz\/?p=32459\" title=\"Ne\u0161\u0165astn\u00e1 smrt mlad\u00e9ho mu\u017ee\">[&#8230;]<\/a><\/p>\n<\/div>","protected":false},"author":1,"featured_media":21853,"comment_status":"open","ping_status":"closed","sticky":false,"template":"","format":"standard","meta":{"footnotes":""},"categories":[7],"tags":[],"class_list":["post-32459","post","type-post","status-publish","format-standard","has-post-thumbnail","hentry","category-spolecnost"],"_links":{"self":[{"href":"https:\/\/www.invarena.cz\/index.php?rest_route=\/wp\/v2\/posts\/32459","targetHints":{"allow":["GET"]}}],"collection":[{"href":"https:\/\/www.invarena.cz\/index.php?rest_route=\/wp\/v2\/posts"}],"about":[{"href":"https:\/\/www.invarena.cz\/index.php?rest_route=\/wp\/v2\/types\/post"}],"author":[{"embeddable":true,"href":"https:\/\/www.invarena.cz\/index.php?rest_route=\/wp\/v2\/users\/1"}],"replies":[{"embeddable":true,"href":"https:\/\/www.invarena.cz\/index.php?rest_route=%2Fwp%2Fv2%2Fcomments&post=32459"}],"version-history":[{"count":0,"href":"https:\/\/www.invarena.cz\/index.php?rest_route=\/wp\/v2\/posts\/32459\/revisions"}],"wp:featuredmedia":[{"embeddable":true,"href":"https:\/\/www.invarena.cz\/index.php?rest_route=\/wp\/v2\/media\/21853"}],"wp:attachment":[{"href":"https:\/\/www.invarena.cz\/index.php?rest_route=%2Fwp%2Fv2%2Fmedia&parent=32459"}],"wp:term":[{"taxonomy":"category","embeddable":true,"href":"https:\/\/www.invarena.cz\/index.php?rest_route=%2Fwp%2Fv2%2Fcategories&post=32459"},{"taxonomy":"post_tag","embeddable":true,"href":"https:\/\/www.invarena.cz\/index.php?rest_route=%2Fwp%2Fv2%2Ftags&post=32459"}],"curies":[{"name":"wp","href":"https:\/\/api.w.org\/{rel}","templated":true}]}}