{"id":32486,"date":"2019-10-17T21:07:46","date_gmt":"2019-10-17T19:07:46","guid":{"rendered":"http:\/\/www.invarena.cz\/?p=32486"},"modified":"2019-10-17T21:07:46","modified_gmt":"2019-10-17T19:07:46","slug":"u-nadrze-kristyna-stavi-mola-a-sjezd-pro-vozickare-radil-paralypionik","status":"publish","type":"post","link":"https:\/\/www.invarena.cz\/?p=32486","title":{"rendered":"U n\u00e1dr\u017ee Krist\u00fdna stav\u00ed mola a sjezd pro voz\u00ed\u010dk\u00e1\u0159e, radil paralypionik"},"content":{"rendered":"<p><strong>Vodn\u00ed n\u00e1dr\u017e Krist\u00fdna bude p\u0159\u00ed\u0161t\u00ed rok pro n\u00e1v\u0161t\u011bvn\u00edky zase atraktivn\u011bj\u0161\u00ed. Za\u010dala tam toti\u017e odkl\u00e1dan\u00e1 druh\u00e1 etapa revitalizace. P\u016fvodn\u011b se s n\u00ed po\u010d\u00edtalo letos na ja\u0159e, aby na hlavn\u00ed letn\u00ed sezonu bylo v\u0161e p\u0159ipraven\u00e9. Jen\u017ee i kdy\u017e m\u011bsto a rekrea\u010dn\u00ed are\u00e1l m\u011bly v\u0161e p\u0159ipraveno, nevy\u0161lo to.<\/strong><!--more--><\/p>\n<p><em>ilustra\u010dn\u00ed foto<\/em><\/p>\n<p>Cel\u00fd \u010dl\u00e1nek naleznete na idnes.cz: <a href=\"https:\/\/www.idnes.cz\/liberec\/zpravy\/hradek-nad-nisou-kristyna-mola-sjezd.A191016_152347_liberec-zpravy_jape\" target=\"_blank\" rel=\"noopener noreferrer\">ZDE<\/a><\/p>\n","protected":false},"excerpt":{"rendered":"<div class=\"mh-excerpt\"><p>Vodn\u00ed n\u00e1dr\u017e Krist\u00fdna bude p\u0159\u00ed\u0161t\u00ed rok pro n\u00e1v\u0161t\u011bvn\u00edky zase atraktivn\u011bj\u0161\u00ed. Za\u010dala tam toti\u017e odkl\u00e1dan\u00e1 druh\u00e1 etapa revitalizace. P\u016fvodn\u011b se s n\u00ed po\u010d\u00edtalo letos na ja\u0159e, <a class=\"mh-excerpt-more\" href=\"https:\/\/www.invarena.cz\/?p=32486\" title=\"U n\u00e1dr\u017ee Krist\u00fdna stav\u00ed mola a sjezd pro voz\u00ed\u010dk\u00e1\u0159e, radil paralypionik\">[&#8230;]<\/a><\/p>\n<\/div>","protected":false},"author":1,"featured_media":17225,"comment_status":"open","ping_status":"closed","sticky":false,"template":"","format":"standard","meta":{"footnotes":""},"categories":[9],"tags":[],"class_list":["post-32486","post","type-post","status-publish","format-standard","has-post-thumbnail","hentry","category-zpravy"],"_links":{"self":[{"href":"https:\/\/www.invarena.cz\/index.php?rest_route=\/wp\/v2\/posts\/32486","targetHints":{"allow":["GET"]}}],"collection":[{"href":"https:\/\/www.invarena.cz\/index.php?rest_route=\/wp\/v2\/posts"}],"about":[{"href":"https:\/\/www.invarena.cz\/index.php?rest_route=\/wp\/v2\/types\/post"}],"author":[{"embeddable":true,"href":"https:\/\/www.invarena.cz\/index.php?rest_route=\/wp\/v2\/users\/1"}],"replies":[{"embeddable":true,"href":"https:\/\/www.invarena.cz\/index.php?rest_route=%2Fwp%2Fv2%2Fcomments&post=32486"}],"version-history":[{"count":0,"href":"https:\/\/www.invarena.cz\/index.php?rest_route=\/wp\/v2\/posts\/32486\/revisions"}],"wp:featuredmedia":[{"embeddable":true,"href":"https:\/\/www.invarena.cz\/index.php?rest_route=\/wp\/v2\/media\/17225"}],"wp:attachment":[{"href":"https:\/\/www.invarena.cz\/index.php?rest_route=%2Fwp%2Fv2%2Fmedia&parent=32486"}],"wp:term":[{"taxonomy":"category","embeddable":true,"href":"https:\/\/www.invarena.cz\/index.php?rest_route=%2Fwp%2Fv2%2Fcategories&post=32486"},{"taxonomy":"post_tag","embeddable":true,"href":"https:\/\/www.invarena.cz\/index.php?rest_route=%2Fwp%2Fv2%2Ftags&post=32486"}],"curies":[{"name":"wp","href":"https:\/\/api.w.org\/{rel}","templated":true}]}}