{"id":32499,"date":"2019-10-20T20:43:03","date_gmt":"2019-10-20T18:43:03","guid":{"rendered":"http:\/\/www.invarena.cz\/?p=32499"},"modified":"2019-10-21T11:36:47","modified_gmt":"2019-10-21T09:36:47","slug":"problemy-s-odvozem-pacientu-do-lazni","status":"publish","type":"post","link":"https:\/\/www.invarena.cz\/?p=32499","title":{"rendered":"Probl\u00e9my s odvozem pacient\u016f do l\u00e1zn\u00ed"},"content":{"rendered":"<p><strong>Jak se dostat do l\u00e1zn\u00ed nebo na rehabilitaci na elektrick\u00e9m invalidn\u00edm voz\u00edku, takov\u00fd probl\u00e9m te\u010f \u0159e\u0161\u00ed n\u011bkte\u0159\u00ed pacienti z Kr\u00e1lov\u00e9hradecka, spole\u010dnost, kter\u00e1 slu\u017ebu zaji\u0161\u0165ovala, toti\u017e od V\u0161eobecn\u00e9 zdravotn\u00ed poji\u0161\u0165ovny nem\u00e1 novou smlouvu a podle lid\u00ed, kte\u0159\u00ed dopravce vyu\u017e\u00edvali, plnohodnotn\u00e1 n\u00e1hrada na Kr\u00e1lov\u00e9hradecku neexistuje. Report\u00e1\u017e \u010cesk\u00e9 televize.<\/strong><!--more--><\/p>\n<p>redaktor<br \/>\nMichal \u0160im\u016fnek jezdil se spole\u010dnost\u00ed Dosio z Hradce Kr\u00e1lov\u00e9 do Jansk\u00fdch L\u00e1zn\u00ed, kdy\u017e cht\u011bl ned\u00e1vno rehabilita\u010dn\u00ed pobyt zopakovat, objevil se ne\u010dekan\u00fd probl\u00e9m.<\/p>\n<p>Michal \u0160IM\u016eNEK, obyvatel Hradce Kr\u00e1lov\u00e9<br \/>\n\u0158ekli mi, \u017ee vlastn\u011b v leto\u0161n\u00edm roce u\u017e s nimi VZP, jej\u00ed\u017e jsem klientem, neprodlou\u017eila smlouvu.<\/p>\n<p>redaktor<br \/>\nPan \u0160im\u016fnek se sna\u017eil naj\u00edt jin\u00e9ho dopravce, nena\u0161el.<\/p>\n<p>Michal \u0160IM\u016eNEK,<br \/>\nJe tady v\u00edce spole\u010dnost\u00ed, kter\u00e9 ty sanitky maj\u00ed, ale \u017e\u00e1dn\u00e1 nem\u00e1 ten z\u00e1dr\u017en\u00fd syst\u00e9m.<\/p>\n<p>redaktor<br \/>\nDosio u\u017e nem\u00e1 k poskytov\u00e1n\u00ed takov\u00e9 zdravotn\u00ed slu\u017eby opr\u00e1vn\u011bn\u00ed, argumentuje poji\u0161\u0165ovna.<\/p>\n<p>Vlastimil SR\u0160E\u0147, mluv\u010d\u00ed VZP<br \/>\nMus\u00ed si zajistit toto povolen\u00ed u krajsk\u00e9ho \u00fa\u0159adu.<\/p>\n<p>Jind\u0159ich OPLT, \u0159editel, DOSIO<br \/>\nAbysme se mohli p\u0159ihl\u00e1sit do toho v\u00fdb\u011brov\u00e9ho \u0159\u00edzen\u00ed, tak by na\u0161i \u0159idi\u010di museli m\u00edt kvalifikaci \u0159idi\u010d\u016f sanitek, to si nedok\u00e1\u017eu p\u0159edstavit za sou\u010dasn\u00fd na\u0161\u00ed ekonomick\u00fd a person\u00e1ln\u00ed situace.<\/p>\n<p>redaktor<br \/>\nSlu\u017eby jako nap\u0159\u00edklad cesty pacient\u016f do l\u00e1zn\u00ed p\u0159itom poji\u0161\u0165ovna spole\u010dnosti Dosio bez probl\u00e9m\u016f propl\u00e1cela n\u011bkolik let.<\/p>\n<p>Michal \u0160IM\u016eNEK,<br \/>\nNa VZP mi \u0159ekli, \u017ee vlastn\u011b mi nejsou schopny tuto slu\u017ebu \u017e\u00e1dn\u00fdm zp\u016fsobem zabezpe\u010dit, a\u0165 si to zabezpe\u010d\u00edm s\u00e1m s t\u00edm, \u017ee mi uhrad\u00ed pouze ujet\u00e9 kilometry n\u011bjak\u00fdm pau\u0161\u00e1ln\u00edm v\u00fdpo\u010dtem.<\/p>\n<p>Vlastimil SR\u0160E\u0147, mluv\u010d\u00ed VZP<br \/>\nMy jsme iniciovali vyps\u00e1n\u00ed v\u00fdb\u011brov\u00e9ho \u0159\u00edzen\u00ed na krajsk\u00e9m \u00fa\u0159ad\u011b na tento typ p\u0159epravy.<\/p>\n<p>redaktor<br \/>\nPan \u0160im\u016fnek samoz\u0159ejm\u011b tuto dopravn\u00ed slu\u017ebu m\u016f\u017ee vyu\u017e\u00edvat d\u00e1l, za cestu do Jansk\u00fdch L\u00e1zn\u00ed ale zaplat\u00ed t\u00e9m\u011b\u0159 2 tis\u00edce korun a jak u\u017e si pr\u00fd zjistil, poji\u0161\u0165ovna by mu proplatila zhruba 700 korun,<\/p>\n<p>\u010cesk\u00e1 televize.<\/p>\n","protected":false},"excerpt":{"rendered":"<div class=\"mh-excerpt\"><p>Jak se dostat do l\u00e1zn\u00ed nebo na rehabilitaci na elektrick\u00e9m invalidn\u00edm voz\u00edku, takov\u00fd probl\u00e9m te\u010f \u0159e\u0161\u00ed n\u011bkte\u0159\u00ed pacienti z Kr\u00e1lov\u00e9hradecka, spole\u010dnost, kter\u00e1 slu\u017ebu zaji\u0161\u0165ovala, toti\u017e <a class=\"mh-excerpt-more\" href=\"https:\/\/www.invarena.cz\/?p=32499\" title=\"Probl\u00e9my s odvozem pacient\u016f do l\u00e1zn\u00ed\">[&#8230;]<\/a><\/p>\n<\/div>","protected":false},"author":1,"featured_media":14188,"comment_status":"open","ping_status":"closed","sticky":false,"template":"","format":"standard","meta":{"footnotes":""},"categories":[7],"tags":[],"class_list":["post-32499","post","type-post","status-publish","format-standard","has-post-thumbnail","hentry","category-spolecnost"],"_links":{"self":[{"href":"https:\/\/www.invarena.cz\/index.php?rest_route=\/wp\/v2\/posts\/32499","targetHints":{"allow":["GET"]}}],"collection":[{"href":"https:\/\/www.invarena.cz\/index.php?rest_route=\/wp\/v2\/posts"}],"about":[{"href":"https:\/\/www.invarena.cz\/index.php?rest_route=\/wp\/v2\/types\/post"}],"author":[{"embeddable":true,"href":"https:\/\/www.invarena.cz\/index.php?rest_route=\/wp\/v2\/users\/1"}],"replies":[{"embeddable":true,"href":"https:\/\/www.invarena.cz\/index.php?rest_route=%2Fwp%2Fv2%2Fcomments&post=32499"}],"version-history":[{"count":0,"href":"https:\/\/www.invarena.cz\/index.php?rest_route=\/wp\/v2\/posts\/32499\/revisions"}],"wp:featuredmedia":[{"embeddable":true,"href":"https:\/\/www.invarena.cz\/index.php?rest_route=\/wp\/v2\/media\/14188"}],"wp:attachment":[{"href":"https:\/\/www.invarena.cz\/index.php?rest_route=%2Fwp%2Fv2%2Fmedia&parent=32499"}],"wp:term":[{"taxonomy":"category","embeddable":true,"href":"https:\/\/www.invarena.cz\/index.php?rest_route=%2Fwp%2Fv2%2Fcategories&post=32499"},{"taxonomy":"post_tag","embeddable":true,"href":"https:\/\/www.invarena.cz\/index.php?rest_route=%2Fwp%2Fv2%2Ftags&post=32499"}],"curies":[{"name":"wp","href":"https:\/\/api.w.org\/{rel}","templated":true}]}}