{"id":32506,"date":"2019-10-21T13:15:12","date_gmt":"2019-10-21T11:15:12","guid":{"rendered":"http:\/\/www.invarena.cz\/?p=32506"},"modified":"2019-10-21T13:15:12","modified_gmt":"2019-10-21T11:15:12","slug":"uspesny-koncert-ke-svetovemu-dni-zraku-2","status":"publish","type":"post","link":"https:\/\/www.invarena.cz\/?p=32506","title":{"rendered":"\u00dasp\u011b\u0161n\u00fd koncert ke Sv\u011btov\u00e9mu dni zraku"},"content":{"rendered":"<p><strong>Lions Club Plze\u0148 Bohemia uspo\u0159\u00e1dal spole\u010dn\u011b s Plze\u0148skou filharmoni\u00ed tradi\u010dn\u00ed koncert ke Sv\u011btov\u00e9mu dni zraku.<\/strong> <!--more--><\/p>\n<p>Ji\u017e 14. ro\u010dn\u00edk nazvan\u00fd Pocta folku prob\u011bhl dne 11. \u0159\u00edjna 2019 ve velk\u00e9m s\u00e1le M\u011b\u0161\u0165ansk\u00e9 besedy v Plzni.<\/p>\n<p>V pod\u00e1n\u00ed Plze\u0148sk\u00e9 filharmonie, pod taktovkou hostuj\u00edc\u00edho dirigenta Chuhei Iwasaki, zazn\u011bly skladby Jaroslava Je\u017eka, Anton\u00edna Dvo\u0159\u00e1ka, Aerona Coplanda, Zuzany Navarov\u00e9, Rad\u016fzy a dal\u0161\u00ed.<\/p>\n<p>\u00da\u010dinkovaly sopranistka Michell Katrak a absolventka Deylovy konzervato\u0159e Michaela M\u00e1lkov\u00e1, kter\u00e1 si p\u011bveck\u00fd p\u0159ednes doprov\u00e1zela hrou na klav\u00edr. Sympatie publika si z\u00edskala nejen sv\u00fdm um\u011bleck\u00fdm vystoupen\u00edm, ale navzdory sv\u00e9mu hendikepu mnoha z\u00e1libami i \u017eivotn\u00ed vitalitou.<\/p>\n<p>Finan\u010dn\u00ed \u010d\u00e1stkou byl v leto\u0161n\u00edm roce ocen\u011bn\u00fd rovn\u011b\u017e nevidom\u00fd, velmi talentovan\u00fd a v\u0161estrann\u011b nadan\u00fd David Kratochv\u00edl z Tachova.<\/p>\n<p>V\u00fdt\u011b\u017eek z koncertu, kter\u00fd moderoval Petr Jan\u010da\u0159\u00edk, byl v\u011bnov\u00e1n Z\u0160 a M\u0160 pro zrakov\u011b posti\u017een\u00e9 a vady \u0159e\u010di v Plzni a projektu Lv\u00ed O\u010dko.<\/p>\n<p>Slavnostn\u00edho ve\u010dera byl p\u0159\u00edtomen prim\u00e1tor m\u011bsta Plzn\u011b Martin Baxa, \u0159editelka Plze\u0148sk\u00e9 filharmonie Lenka Kavalov\u00e1, emeritn\u00ed biskup plze\u0148sk\u00fd Franti\u0161ek Radkovsk\u00fd a \u0159ada dal\u0161\u00edch vz\u00e1cn\u00fdch host\u016f.<\/p>\n<p>Leto\u0161n\u00ed \u00fasp\u011b\u0161n\u00fd koncert, jeho\u017e program dramaturgicky p\u0159ipravil Tom\u00e1\u0161 Ille, v z\u00e1v\u011bru poslucha\u010di odm\u011bnili potleskem ve stoje.<\/p>\n<p>14. ro\u010dn\u00edk koncertu ke Sv\u011btov\u00e9mu dni zraku podpo\u0159ily M\u011bsto Plze\u0148, Plze\u0148sk\u00fd kraj, Nadace 700 let m\u011bsta Plzn\u011b a \u0159ada dal\u0161\u00edch partner\u016f.<\/p>\n<p>Plze\u0148sk\u00fd den\u00edk<br \/>\n<a href=\"https:\/\/plzensky.denik.cz\/\" rel=\"noopener\" target=\"_blank\">https:\/\/plzensky.denik.cz\/<\/a><\/p>\n","protected":false},"excerpt":{"rendered":"<div class=\"mh-excerpt\"><p>Lions Club Plze\u0148 Bohemia uspo\u0159\u00e1dal spole\u010dn\u011b s Plze\u0148skou filharmoni\u00ed tradi\u010dn\u00ed koncert ke Sv\u011btov\u00e9mu dni zraku.<\/p>\n<\/div>","protected":false},"author":1,"featured_media":20406,"comment_status":"open","ping_status":"closed","sticky":false,"template":"","format":"standard","meta":{"footnotes":""},"categories":[9],"tags":[],"class_list":["post-32506","post","type-post","status-publish","format-standard","has-post-thumbnail","hentry","category-zpravy"],"_links":{"self":[{"href":"https:\/\/www.invarena.cz\/index.php?rest_route=\/wp\/v2\/posts\/32506","targetHints":{"allow":["GET"]}}],"collection":[{"href":"https:\/\/www.invarena.cz\/index.php?rest_route=\/wp\/v2\/posts"}],"about":[{"href":"https:\/\/www.invarena.cz\/index.php?rest_route=\/wp\/v2\/types\/post"}],"author":[{"embeddable":true,"href":"https:\/\/www.invarena.cz\/index.php?rest_route=\/wp\/v2\/users\/1"}],"replies":[{"embeddable":true,"href":"https:\/\/www.invarena.cz\/index.php?rest_route=%2Fwp%2Fv2%2Fcomments&post=32506"}],"version-history":[{"count":0,"href":"https:\/\/www.invarena.cz\/index.php?rest_route=\/wp\/v2\/posts\/32506\/revisions"}],"wp:featuredmedia":[{"embeddable":true,"href":"https:\/\/www.invarena.cz\/index.php?rest_route=\/wp\/v2\/media\/20406"}],"wp:attachment":[{"href":"https:\/\/www.invarena.cz\/index.php?rest_route=%2Fwp%2Fv2%2Fmedia&parent=32506"}],"wp:term":[{"taxonomy":"category","embeddable":true,"href":"https:\/\/www.invarena.cz\/index.php?rest_route=%2Fwp%2Fv2%2Fcategories&post=32506"},{"taxonomy":"post_tag","embeddable":true,"href":"https:\/\/www.invarena.cz\/index.php?rest_route=%2Fwp%2Fv2%2Ftags&post=32506"}],"curies":[{"name":"wp","href":"https:\/\/api.w.org\/{rel}","templated":true}]}}