{"id":32526,"date":"2019-10-23T14:13:46","date_gmt":"2019-10-23T12:13:46","guid":{"rendered":"http:\/\/www.invarena.cz\/?p=32526"},"modified":"2019-10-23T14:13:46","modified_gmt":"2019-10-23T12:13:46","slug":"lide-se-pani-hele-slozili-na-vozik-muze-prijet-recitovat-na-zamek","status":"publish","type":"post","link":"https:\/\/www.invarena.cz\/?p=32526","title":{"rendered":"Lid\u00e9 se pan\u00ed Hele slo\u017eili na voz\u00edk, m\u016f\u017ee p\u0159ijet recitovat na z\u00e1mek"},"content":{"rendered":"<p><strong>Nad o\u010dek\u00e1v\u00e1n\u00ed. Tak dopadla sb\u00edrka na po\u0159\u00edzen\u00ed elektrick\u00e9ho invalidn\u00edho voz\u00edku pro Helenu Jomb\u00edkovou. D\u00edky n\u011bmu m\u016f\u017ee tato b\u00e1sn\u00ed\u0159ka p\u0159edn\u00e9st sv\u00e9 ver\u0161e na festivalu Hradeck\u00fd slunovrat.<\/strong> <!--more--><\/p>\n<p>Opava \u2013 Pod projektem jsou podeps\u00e1ny Charita Opava a Hradeck\u00fd slunovrat. Pr\u00e1v\u011b na n\u011bm b\u00e1sn\u00ed\u0159ka Helena Jomb\u00edkov\u00e1 d\u00edky vybran\u00fdm pen\u011bz\u016fm p\u0159edstav\u00ed svou tvorbu. Sb\u00edrka byla zah\u00e1jena za\u010d\u00e1tkem z\u00e1\u0159\u00ed a bylo pot\u0159eba, aby lid\u00e9 dali dohromady na 73 tis\u00edc korun, co\u017e je cena zm\u00edn\u011bn\u00e9ho invalidn\u00edho voz\u00ed\u010dku. To se poda\u0159ilo u\u017e za osm dn\u00ed. Nakonec lid\u00e9 nemocn\u00e9 pan\u00ed Hele poslali 101 436 korun.<\/p>\n<p>&#8222;Krom\u011b voz\u00ed\u010dku samotn\u00e9ho si tak bude moci dokoupit i r\u016fzn\u00e9 p\u0159\u00edslu\u0161enstv\u00ed k n\u011bmu a je\u0161t\u011b m\u016f\u017ee vyrazit do l\u00e1zn\u00ed. Do sb\u00edrky se zapojilo kolem sta lid\u00ed, \u0161lo o jednotlivce i firmy,&#8220; \u0159\u00edk\u00e1 Ivo Mludek z Charity Opava.<\/p>\n<p>HLAVN\u011a SE NEVZD\u00c1VAT<\/p>\n<p>\u010cty\u0159ia\u010dty\u0159icetilet\u00e1 Opavanka Helena Jomb\u00edkov\u00e1 trp\u00ed lehkou formou mitochondri\u00e1ln\u00ed poruchy. Jde o nevyl\u00e9\u010ditelnou nemoc, v jej\u00edm\u017e d\u016fsledku je st\u00e1le \u010dast\u011bji odk\u00e1z\u00e1na na invalidn\u00ed voz\u00edk. &#8222;\u010clov\u011bk se s n\u00ed u\u017e narod\u00ed, j\u00e1 jsem v\u0161ak nev\u011bd\u011bla, \u017ee ji m\u00e1m. Vypukla u m\u011b p\u0159ed deseti lety, nev\u00edm p\u0159esn\u011b, co bylo spou\u0161t\u011b\u010dem, hodn\u011b ale z\u00e1le\u017e\u00ed na psychice. P\u0159ibli\u017en\u011b jednou ro\u010dn\u011b nav\u0161t\u011bvuji V\u0161eobecnou fakultn\u00ed nemocnici v Praze, \u00dastav d\u011bdi\u010dn\u00fdch metabolick\u00fdch poruch, jde o jedin\u00e9 za\u0159\u00edzen\u00ed sv\u00e9ho druhu v \u010cesk\u00e9 republice. Tamn\u00ed person\u00e1l si zaslou\u017e\u00ed opravdu velkou poklonu,&#8220; konstatuje pan\u00ed Hela, b\u00fdval\u00e1 klientka a sou\u010dasn\u00e1 zam\u011bstnankyn\u011b Charity Opava. Jak sama tvrd\u00ed, jej\u00edm c\u00edlem nen\u00ed na sebe upozor\u0148ovat.<\/p>\n<p>&#8222;Chci jen uk\u00e1zat, \u017ee i kdy\u017e je \u010dlov\u011bk nemocn\u00fd, je d\u016fle\u017eit\u00e9 to nevzd\u00e1vat a ani j\u00e1 to nevzd\u00e1m,&#8220; pokra\u010duje v pov\u00edd\u00e1n\u00ed. Pr\u00e1v\u011b p\u0159ed deseti lety, kdy\u017e se u n\u00ed nemoc za\u010dala projevovat, napsala sv\u00e9 prvn\u00ed b\u00e1sn\u011b. &#8222;Psan\u00ed m\u011b napl\u0148uje, je to pro m\u011b takov\u00e1 terapie. \u0158\u00edk\u00e1m, \u017ee m\u00e1 nemoc je dar. N\u011bco mi vzala, ale tak\u00e9 dala,&#8220; m\u00edn\u00ed.<\/p>\n<p>Z v\u00fdsledku sb\u00edrky byla nad\u0161en\u00e1, p\u0159ekvapilo ji mno\u017estv\u00ed dobr\u00fdch lid\u00ed. Elektrick\u00fd voz\u00edk, kter\u00fd dosud nevlastnila, j\u00ed nyn\u00ed umo\u017en\u00ed p\u0159ijet na Hradeck\u00fd slunovrat, a to konkr\u00e9tn\u011b v sobotu 9. listopadu. Publikum sezn\u00e1m\u00ed ve Velk\u00e9 dvoran\u011b hradeck\u00e9ho z\u00e1mku se sv\u00fdmi ver\u0161i. &#8222;D\u0159\u00edve jsem \u010detla t\u0159eba v domovech pro seniory nebo kde m\u011b o to po\u017e\u00e1dali. Na tak velk\u00e9 akci v\u0161ak je\u0161t\u011b nikdy, asi budu m\u00edt tr\u00e9mu. Ale p\u0159e\u010dtu to tak, jak to c\u00edt\u00edm,&#8220; prozradila z\u00e1v\u011brem na\u0161\u00ed redakci pan\u00ed Hela.<\/p>\n<p>VERONIKA BERNARDOV\u00c1<br \/>\nBrunt\u00e1lsk\u00fd a Krnovsk\u00fd den\u00edk<br \/>\n<a href=\"https:\/\/bruntalsky.denik.cz\/\" target=\"_blank\" rel=\"noopener noreferrer\">https:\/\/bruntalsky.denik.cz\/<\/a><\/p>\n","protected":false},"excerpt":{"rendered":"<div class=\"mh-excerpt\"><p>Nad o\u010dek\u00e1v\u00e1n\u00ed. Tak dopadla sb\u00edrka na po\u0159\u00edzen\u00ed elektrick\u00e9ho invalidn\u00edho voz\u00edku pro Helenu Jomb\u00edkovou. D\u00edky n\u011bmu m\u016f\u017ee tato b\u00e1sn\u00ed\u0159ka p\u0159edn\u00e9st sv\u00e9 ver\u0161e na festivalu Hradeck\u00fd slunovrat.<\/p>\n<\/div>","protected":false},"author":1,"featured_media":19889,"comment_status":"open","ping_status":"closed","sticky":false,"template":"","format":"standard","meta":{"footnotes":""},"categories":[9],"tags":[],"class_list":["post-32526","post","type-post","status-publish","format-standard","has-post-thumbnail","hentry","category-zpravy"],"_links":{"self":[{"href":"https:\/\/www.invarena.cz\/index.php?rest_route=\/wp\/v2\/posts\/32526","targetHints":{"allow":["GET"]}}],"collection":[{"href":"https:\/\/www.invarena.cz\/index.php?rest_route=\/wp\/v2\/posts"}],"about":[{"href":"https:\/\/www.invarena.cz\/index.php?rest_route=\/wp\/v2\/types\/post"}],"author":[{"embeddable":true,"href":"https:\/\/www.invarena.cz\/index.php?rest_route=\/wp\/v2\/users\/1"}],"replies":[{"embeddable":true,"href":"https:\/\/www.invarena.cz\/index.php?rest_route=%2Fwp%2Fv2%2Fcomments&post=32526"}],"version-history":[{"count":0,"href":"https:\/\/www.invarena.cz\/index.php?rest_route=\/wp\/v2\/posts\/32526\/revisions"}],"wp:featuredmedia":[{"embeddable":true,"href":"https:\/\/www.invarena.cz\/index.php?rest_route=\/wp\/v2\/media\/19889"}],"wp:attachment":[{"href":"https:\/\/www.invarena.cz\/index.php?rest_route=%2Fwp%2Fv2%2Fmedia&parent=32526"}],"wp:term":[{"taxonomy":"category","embeddable":true,"href":"https:\/\/www.invarena.cz\/index.php?rest_route=%2Fwp%2Fv2%2Fcategories&post=32526"},{"taxonomy":"post_tag","embeddable":true,"href":"https:\/\/www.invarena.cz\/index.php?rest_route=%2Fwp%2Fv2%2Ftags&post=32526"}],"curies":[{"name":"wp","href":"https:\/\/api.w.org\/{rel}","templated":true}]}}