{"id":32533,"date":"2020-01-03T11:54:21","date_gmt":"2020-01-03T10:54:21","guid":{"rendered":"http:\/\/www.invarena.cz\/?p=32533"},"modified":"2020-01-06T10:04:36","modified_gmt":"2020-01-06T09:04:36","slug":"materska-se-zapocitava-do-doby-pojisteni","status":"publish","type":"post","link":"https:\/\/www.invarena.cz\/?p=32533","title":{"rendered":"Mate\u0159sk\u00e1 se zapo\u010d\u00edt\u00e1v\u00e1 do doby poji\u0161t\u011bn\u00ed"},"content":{"rendered":"<p><strong>DOTAZ: Jsem ro\u010dn\u00edk 1974, od 18 let m\u00e1m odpracov\u00e1no cca 10 let, potom 2 d\u011bti 2003 a 2006, tak\u017ee dvakr\u00e1t po sob\u011b navazuj\u00edc\u00ed mate\u0159sk\u00e1. Po druh\u00e9 mate\u0159sk\u00e9 jsem z\u016fstala v dom\u00e1cnosti a soci\u00e1ln\u00ed si neplatila, od ledna 2017 jsem zam\u011bstnan\u00e1, pob\u00edr\u00e1m minim\u00e1ln\u00ed mzdu. Jak\u00fd m\u00e1m n\u00e1rok na d\u016fchod? Nebo, co bych musela pop\u0159\u00edpad\u011b ud\u011blat, abych na n\u011bj m\u011bla n\u00e1rok?<\/strong><\/p>\n<p><strong>ODPOV\u011a\u010e<\/strong>:<\/p>\n<p>P\u0159edpokl\u00e1d\u00e1m, \u017ee v\u00e1m jde o n\u00e1rok na <strong>invalidn\u00ed<\/strong> d\u016fchod\u00a0 v souvislosti s dobou poji\u0161t\u011bn\u00ed.<\/p>\n<p><strong>Pot\u0159ebn\u00e1 doba poji\u0161t\u011bn\u00ed pro n\u00e1rok na invalidn\u00ed d\u016fchod \u010din\u00ed u poji\u0161t\u011bnce ve v\u011bku<\/strong>:<br \/>\n\u2022 do 20 let m\u00e9n\u011b ne\u017e jeden rok,<br \/>\n\u2022 od 20 let do 22 let jeden rok,<br \/>\n\u2022 od 22 let do 24 let dva roky,<br \/>\n\u2022 od 24 let do 26 let t\u0159i roky,<br \/>\n\u2022 od 26 let do 28 let \u010dty\u0159i roky,<br \/>\n\u2022 nad 28 let p\u011bt rok\u016f.<\/p>\n<p>Pot\u0159ebn\u00e1 doba poji\u0161t\u011bn\u00ed pro n\u00e1rok na invalidn\u00ed d\u016fchod se zji\u0161\u0165uje z obdob\u00ed p\u0159ed vznikem invalidity, a jde-li o poji\u0161t\u011bnce ve v\u011bku nad 28 let, z posledn\u00edch 10 rok\u016f p\u0159ed vznikem invalidity.<br \/>\nOd 1. 1. 2010 plat\u00ed, \u017ee u poji\u0161t\u011bnce star\u0161\u00edho 38 let se podm\u00ednka pot\u0159ebn\u00e9 doby poji\u0161t\u011bn\u00ed pro n\u00e1rok na invalidn\u00ed d\u016fchod pova\u017euje za spln\u011bnou t\u00e9\u017e, byla-li v obdob\u00ed <strong>posledn\u00edch 20 let p\u0159ed vznikem invalidity z\u00edsk\u00e1na doba poji\u0161t\u011bn\u00ed alespo\u0148 10 rok\u016f<\/strong>.<\/p>\n<p>Do d\u016fchodu se v\u00e1m zapo\u010d\u00edt\u00e1v\u00e1 i doba, po kterou jste pe\u010dovala o d\u00edt\u011b od narozen\u00ed do \u010dty\u0159 let v\u011bku d\u00edt\u011bte. Ve va\u0161em p\u0159\u00edpad\u011b tedy zhruba sedm a\u017e osm let. Od ledna 2017 a\u017e do sou\u010dasn\u00e9 doby jste zam\u011bstn\u00e1na , tedy lze zapo\u010d\u00edtat t\u00e9m\u011b\u0159 t\u0159i roky poji\u0161t\u011bn\u00ed. Vzhledem k tomu, \u017ee je v\u00e1m nyn\u00ed zhruba 46 let a v posledn\u00edch 20 letech jste nejm\u00e9n\u011b 10 let byla poji\u0161t\u011bn\u00e1, spl\u0148ujte z pohledu d\u00e9lky doby poji\u0161t\u011bn\u00ed n\u00e1rok na invalidn\u00ed d\u016fchod.<\/p>\n<p>redakce invArena<\/p>\n<p>Pot\u0159ebn\u00e1 doba poji\u0161t\u011bn\u00ed pro n\u00e1rok na invalidn\u00ed d\u016fchod se zji\u0161\u0165uje z obdob\u00ed p\u0159ed vznikem invalidity, a jde-li o poji\u0161t\u011bnce ve v\u011bku nad 28 let, z posledn\u00edch 10 rok\u016f p\u0159ed vznikem invalidity.<br \/>\nOd 1. 1. 2010 plat\u00ed, \u017ee u poji\u0161t\u011bnce star\u0161\u00edho 38 let se podm\u00ednka pot\u0159ebn\u00e9 doby poji\u0161t\u011bn\u00ed pro n\u00e1rok na invalidn\u00ed d\u016fchod pova\u017euje za spln\u011bnou t\u00e9\u017e, byla-li v obdob\u00ed posledn\u00edch 20 let p\u0159ed vznikem invalidity z\u00edsk\u00e1na doba poji\u0161t\u011bn\u00ed alespo\u0148 10 rok\u016f.<\/p>\n","protected":false},"excerpt":{"rendered":"<div class=\"mh-excerpt\"><p>DOTAZ: Jsem ro\u010dn\u00edk 1974, od 18 let m\u00e1m odpracov\u00e1no cca 10 let, potom 2 d\u011bti 2003 a 2006, tak\u017ee dvakr\u00e1t po sob\u011b navazuj\u00edc\u00ed mate\u0159sk\u00e1. Po <a class=\"mh-excerpt-more\" href=\"https:\/\/www.invarena.cz\/?p=32533\" title=\"Mate\u0159sk\u00e1 se zapo\u010d\u00edt\u00e1v\u00e1 do doby poji\u0161t\u011bn\u00ed\">[&#8230;]<\/a><\/p>\n<\/div>","protected":false},"author":1,"featured_media":12473,"comment_status":"open","ping_status":"closed","sticky":false,"template":"","format":"standard","meta":{"footnotes":""},"categories":[18],"tags":[],"class_list":["post-32533","post","type-post","status-publish","format-standard","has-post-thumbnail","hentry","category-poradna"],"_links":{"self":[{"href":"https:\/\/www.invarena.cz\/index.php?rest_route=\/wp\/v2\/posts\/32533","targetHints":{"allow":["GET"]}}],"collection":[{"href":"https:\/\/www.invarena.cz\/index.php?rest_route=\/wp\/v2\/posts"}],"about":[{"href":"https:\/\/www.invarena.cz\/index.php?rest_route=\/wp\/v2\/types\/post"}],"author":[{"embeddable":true,"href":"https:\/\/www.invarena.cz\/index.php?rest_route=\/wp\/v2\/users\/1"}],"replies":[{"embeddable":true,"href":"https:\/\/www.invarena.cz\/index.php?rest_route=%2Fwp%2Fv2%2Fcomments&post=32533"}],"version-history":[{"count":0,"href":"https:\/\/www.invarena.cz\/index.php?rest_route=\/wp\/v2\/posts\/32533\/revisions"}],"wp:featuredmedia":[{"embeddable":true,"href":"https:\/\/www.invarena.cz\/index.php?rest_route=\/wp\/v2\/media\/12473"}],"wp:attachment":[{"href":"https:\/\/www.invarena.cz\/index.php?rest_route=%2Fwp%2Fv2%2Fmedia&parent=32533"}],"wp:term":[{"taxonomy":"category","embeddable":true,"href":"https:\/\/www.invarena.cz\/index.php?rest_route=%2Fwp%2Fv2%2Fcategories&post=32533"},{"taxonomy":"post_tag","embeddable":true,"href":"https:\/\/www.invarena.cz\/index.php?rest_route=%2Fwp%2Fv2%2Ftags&post=32533"}],"curies":[{"name":"wp","href":"https:\/\/api.w.org\/{rel}","templated":true}]}}