{"id":32534,"date":"2019-10-26T14:02:09","date_gmt":"2019-10-26T12:02:09","guid":{"rendered":"http:\/\/www.invarena.cz\/?p=32534"},"modified":"2019-10-30T11:38:19","modified_gmt":"2019-10-30T10:38:19","slug":"rozhovor-s-annou-sabatovou-verejnou-ochrankyni-prav","status":"publish","type":"post","link":"https:\/\/www.invarena.cz\/?p=32534","title":{"rendered":"Rozhovor s Annou \u0160abatovou, ve\u0159ejnou ochr\u00e1nkyn\u00ed pr\u00e1v"},"content":{"rendered":"<p><strong>Za \u010dtvrt roku skon\u010d\u00ed funk\u010dn\u00ed obdob\u00ed ve\u0159ejn\u00e9 ochr\u00e1nkyn\u011b pr\u00e1v Anny \u0160abatov\u00e9, ombudsmanka je tu od toho, aby dohl\u00ed\u017eela na to, jak funguje Ve\u0159ejn\u00e1 spr\u00e1va, kontrolovala ji a upozor\u0148ovala na to, co d\u011bl\u00e1 \u0161patn\u011b, p\u0159\u00edpadn\u011b poslanc\u016fm doporu\u010dovala, co je t\u0159eba v z\u00e1konech zm\u011bnit. Je Ve\u0159ejn\u00e1 spr\u00e1va v \u010cesku funk\u010dn\u00ed, um\u00ed a chce \u0159e\u0161it probl\u00e9my lid\u00ed a pro\u010d jsou n\u011bkte\u0159\u00ed lid\u00e9 v anonymn\u00edm prost\u0159ed\u00ed internetu nen\u00e1vistn\u00ed? Anna \u0160abatov\u00e1 byla hostem Interview \u010cT24.<\/strong><!--more--><\/p>\n<p><em>na sn\u00edmku Anna \u0160ABATOV\u00c1, ve\u0159ejn\u00e1 ochr\u00e1nkyn\u011b pr\u00e1v<\/em><\/p>\n<p>moder\u00e1tor<br \/>\n<strong>Pan\u00ed \u0160abatov\u00e1, je funkce ve\u0159ejn\u00e9ho ochr\u00e1nce pr\u00e1v v pov\u011bdom\u00ed ve\u0159ejnosti po t\u011bch letech siln\u011b a spr\u00e1vn\u011b usazen\u00e1, zjednodu\u0161en\u011b \u0159e\u010deno, v\u011bd\u00ed v\u0161ichni, pro\u010d tu jste a co d\u011bl\u00e1te?<\/strong><\/p>\n<p>Anna \u0160ABATOV\u00c1, ve\u0159ejn\u00e1 ochr\u00e1nkyn\u011b pr\u00e1v<br \/>\nNev\u011bd\u00ed to v\u0161ichni, ale v\u00ed to dneska u\u017e hodn\u011b lid\u00ed a mysl\u00edm si, \u017ee \u010d\u00edm d\u00e1l t\u00edm v\u00edc se ta znalost jaksi zp\u0159es\u0148uje a prohlubuje, tak\u017ee my to zaznamen\u00e1v\u00e1me na tom, \u017ee podn\u011bt\u016f m\u00e1me po\u0159\u00e1d p\u0159ibli\u017en\u011b stejn\u011b posledn\u00edch 5, 6 let, co tam jsem j\u00e1.<br \/>\n<strong>Kolem osm tis\u00edc.<\/strong><\/p>\n<p>Anna \u0160ABATOV\u00c1,<br \/>\nKolem osmi tis\u00edc, ale st\u00e1le se nepatrn\u011b zvy\u0161uje po\u010det t\u011bch, kter\u00e9 jsou v p\u016fsobnosti.<br \/>\n<strong>Ale po\u0159\u00e1d tam z\u016fst\u00e1v\u00e1 ta t\u0159etina, ta t\u0159etina pod\u00e1n\u00ed, kter\u00e1 jsou mimo.<\/strong><\/p>\n<p>Anna \u0160ABATOV\u00c1,<br \/>\nAno, ale j\u00e1 v\u00e1m \u0159eknu, \u017ee kdy\u017e jsem za\u010d\u00ednala je\u0161t\u011b s doktorem Motejlem a m\u011bli jsme n\u011bjak\u00fd ty prvn\u00ed mezin\u00e1rodn\u00ed kontakty, tak n\u00e1m \u0159\u00edkali, to p\u0159es p\u016flku nep\u016fjde nikdy a jde to, zvy\u0161uje se to, tak\u017ee to je ve v\u0161ech zem\u00edch, to prost\u011b nen\u00ed jenom \u010cesk\u00e1 republika, j\u00e1 bych naopak \u0159ekla, \u017ee u n\u00e1s dost vysok\u00e1 informovanost proti t\u0159eba n\u011bkter\u00fdm jin\u00fdm zem\u00edm.<br \/>\n<strong>No a t\u011bch 8000 pod\u00e1n\u00ed to je, s \u010d\u00edm to srovnat, je to tak akor\u00e1t, je to m\u00e1lo, je to hodn\u011b, proto\u017ee spousta lid\u00ed, kdy\u017e \u0159\u00edk\u00e1, proto\u017ee vlastn\u011b ani nev\u00ed, pro\u010d tady ombudsmanka je, tak se t\u0159eba v\u016fbec ani nev\u00ed, \u017ee se na v\u00e1s m\u00e1 obr\u00e1tit, proto\u017ee vlastn\u011b nev\u00ed, koho hledat nebo, \u017ee v\u016fbec m\u016f\u017ee n\u011bkoho hledat.<\/strong><\/p>\n<p>Anna \u0160ABATOV\u00c1,<br \/>\nTo je v\u017edycky probl\u00e9m.<br \/>\n<strong>A v\u011bd\u00ed jenom ti, co v\u011bd\u00ed.<\/strong><\/p>\n<p>Anna \u0160ABATOV\u00c1,<br \/>\nV\u011bd\u00ed ti, co v\u011bd\u00ed anebo ti, kter\u00fdm pom\u016f\u017ee n\u011bjak\u00fd zprost\u0159edkovatel, bu\u010f n\u011bkdo zn\u00e1m\u00fd, p\u0159\u00edbuzn\u00fd nebo t\u0159eba l\u00edzne vl\u00e1dn\u00ed organizace, proto\u017ee ano jsou lid\u00e9, kte\u0159\u00ed opravdu ani nev\u011bd\u00ed, \u017ee takov\u00e1 instituce existuje, a p\u0159itom to mohou b\u00fdt ti lid\u00e9, kte\u0159\u00ed maj t\u0159eba nejv\u011bt\u0161\u00ed probl\u00e9my.<br \/>\n<strong>\u010c\u00edm se nej\u010dast\u011bji zab\u00fdv\u00e1te, j\u00e1 kdy\u017e jsem se pod\u00edval do va\u0161\u00ed v\u00fdro\u010dn\u00ed zpr\u00e1vy za rok 2018, kterou p\u0159edkl\u00e1d\u00e1te do Poslaneck\u00e9 sn\u011bmovny, tak tam p\u00ed\u0161ete, \u017ee jste se zam\u011b\u0159ila na probl\u00e9my lid\u00ed se zdravotn\u00edm posti\u017een\u00edm, tak co nejv\u00edc v tomto smyslu jste v roce dva 18 \u0159e\u0161ila?<\/strong><\/p>\n<p>Anna \u0160ABATOV\u00c1,<br \/>\nOno, j\u00e1 mus\u00edm \u0159\u00edct, \u017ee j\u00e1 se mus\u00edm zab\u00fdvat v\u0161emi t\u011bmi agendami, kter\u00e9 mi z\u00e1kon ukl\u00e1d\u00e1, a kdy\u017e jsme bavili o t\u011bch osmi tis\u00edc\u00edch podn\u011bt\u016f, no tak ale my m\u00e1me je\u0161t\u011b \u00fakoly, kter\u00e9 jdou mimo toto t\u0159eba nav\u0161t\u011bvovat z vlastn\u00ed iniciativy m\u00edsta, kde je omezen\u00e1 lidsk\u00e1 svoboda, na to m\u00e1me cel\u00e9 odd\u011blen\u00ed a d\u011bl\u00e1me prost\u011b velmi podrobn\u00e9 hloubkov\u00e9 n\u00e1v\u0161t\u011bvy v takov\u00fdch za\u0159\u00edzen\u00ed, jako je v\u011bznice, d\u011btsk\u00e9 domovy, psychiatrick\u00e1 l\u00e9\u010debna, ale t\u0159eba taky domovy pro seniory, l\u00e9\u010debna dlouhodob\u011b nemocn\u00fdch, pro ka\u017ed\u00fd to m\u00edsto m\u00e1me jinou metodiku samoz\u0159ejm\u011b jin\u00e9 experty nab\u00edr\u00e1me.<br \/>\n<strong>No a co jste tam zjistila v roce dva 18?<\/strong><\/p>\n<p>Anna \u0160ABATOV\u00c1,<br \/>\nAle v roce dva 18 jsme, vedeme te\u010f s\u00e9rii n\u00e1v\u0161t\u011bv v domovech pro lidi se zdravotn\u00edm posti\u017een\u00edm a konstatujeme tedy zat\u00edm pr\u016fb\u011b\u017en\u011b, ale mysl\u00edm si, \u017ee se to tak u\u017e d\u00e1 \u0159\u00edct, \u017ee bohu\u017eel se zastavil ten proces transformace instituc\u00ed a \u017ee po\u0159\u00e1d za\u0159\u00edzen\u00ed jsou velik\u00e1 a vykazuj\u00ed velk\u00fd mno\u017estv\u00ed prvk\u016f \u00fastavnosti a \u017ee ten \u017eivot je tam se\u0161n\u011brovan\u00fd pravidly, kter\u00fd v norm\u00e1ln\u00edm \u017eivot\u011b nem\u00e1te, tak\u017ee vlastn\u011b to nen\u00ed \u00fapln\u011b vhodn\u00fd plnohodnotn\u011b \/nesrozumiteln\u00e9\/ kvalitn\u00ed \u017eivot tak, aby ti lid\u00e9 mohli vyu\u017e\u00edt ten sv\u016fj potenci\u00e1l, tak jak ho maj\u00ed.<br \/>\n<strong>No a co s t\u00edm tedy jestli\u017ee, p\u0159\u00edpadn\u011b p\u0159edkl\u00e1date doporu\u010den\u00ed Poslaneck\u00e9 sn\u011bmovn\u011b, co s t\u00edm, tak je n\u011bjak\u00e9 doporu\u010den\u00ed, proto\u017ee ono to bude m\u00edt ekonomick\u00fd rozm\u011br. Bude to m\u00edt je\u0161t\u011b n\u011bjak\u00fd jin\u00fd rozm\u011br?<\/strong><\/p>\n<p>Anna \u0160ABATOV\u00c1,<br \/>\nTak m\u00e1 to p\u0159edev\u0161\u00edm lidsk\u00fd rozm\u011br pro ty lidi.<br \/>\n<strong>To \u0159e\u0161en\u00ed te\u010f mysl\u00edm jestli ta prvn\u00ed odpov\u011b\u010f nen\u00ed, no jo, ale ono to jinak nejde, proto\u017ee.<\/strong><\/p>\n<p>Anna \u0160ABATOV\u00c1,<br \/>\nEkonomicky ur\u010dit\u011b, ale tam jsou nejhor\u0161\u00ed ty transak\u010dn\u00ed n\u00e1klady a potom to nen\u00ed dra\u017e\u0161\u00ed, jenom to mus\u00edte v\u0161echno hodn\u011b jinak zorganizovat a t\u0159eba te\u010fka v\u00edm, \u017ee se m\u011bsto Praha sna\u017e\u00ed n\u011bjak\u00fdm zp\u016fsobem prom\u011bnit ty velk\u00e9 \u00fastavy, kter\u00e9 Praha m\u00e1 pro lidi se zdravotn\u00edm handicapem, chce to hodn\u011b energie, vy mus\u00edte opravdu investovat s\u00e1m sebe do toho, jak m\u011bn\u00ed t\u0159eba pohledy pracovn\u00edk\u016f, kte\u0159\u00ed tam pracuj\u00ed, jak m\u011bn\u00edte organizaci a potom samoz\u0159ejm\u011b mus\u00edte zajistit slu\u017eby, kter\u00e9 podporuj\u00ed tu samostatnost t\u011bch lid\u00ed, a to \u017eivot v komunit\u011b.<br \/>\n<strong>A m\u00e1te tedy za sebou n\u011bjak\u00fd konkr\u00e9tn\u00ed v\u00fdsledek? Tady byl velk\u00fd d\u016fm, kter\u00fd p\u016fsobil jako \u00fastav, kde ti zdravotn\u011b posti\u017een\u00ed lid\u00e9 nebo sta\u0159\u00ed lid\u00e9 nem\u011bli ve\u0161ker\u00e9 parametry toho \u017eivota, kter\u00fd by mohli m\u00edt v rodin\u00e1ch a ono se to zm\u011bnilo, d\u016fm se v uvozovk\u00e1ch zboural a vznikla men\u0161\u00ed centra pro zdravotn\u011b posti\u017een\u00e9 lidi, takov\u00fd v\u00fdsledek za sebou m\u00e1te?<\/strong><\/p>\n<p>Anna \u0160ABATOV\u00c1,<br \/>\nNo, j\u00e1 bych tady odd\u011blila dv\u011b v\u011bci, to mo\u017en\u00e1 nen\u00ed \u00fapln\u011b srozumiteln\u00e9. Ten dohled nad m\u00edsty d\u011bl\u00e1me jako prevenci p\u0159ed \u0161patn\u00fdm zach\u00e1zen\u00edm a tam ten z\u00e1kladn\u00ed c\u00edl nen\u00ed zru\u0161it ty instituce, ale dohl\u00e9dnout na to, aby se tam dodr\u017eovala pr\u00e1va jako t\u011bch lid\u00ed, kte\u0159\u00ed tam jsou. To je \u00fakol, kter\u00fd m\u00e1me 15 let a potom teprve rok jsme monitorovac\u00edm org\u00e1nem pro pr\u00e1va lid\u00ed se zdravotn\u00edm posti\u017een\u00edm a tam ten c\u00edl u t\u011bch domov\u016f se zdravotn\u00edm, pro lidi se zdrav\u00edm posti\u017een\u00edm skute\u010dn\u011b ten v\u00fdhledov\u00fd c\u00edl je, aby se ta, ty instituce v budoucnu nahradily, tak\u017ee tady jako kdyby ses st\u00fdkaj\u00ed dva na\u0161e z\u00e1konn\u00e9 \u00fakoly a ty c\u00edle jsou jako r\u016fzn\u00e9, i kdy\u017e vlastn\u011b my jsme na tu vysokou m\u00edru institucionalizace poukazovali samoz\u0159ejm\u011b u\u017e v t\u011bch minul\u00fdch v\u011bcech, ale ne my, to nen\u00ed n\u00e1\u0161 \u00fakol jako ve\u0159ejn\u00fd ochr\u00e1nce pr\u00e1v, d\u011blat tu institucionalizaci re\u00e1ln\u011b, to mus\u00ed politici, zejm\u00e9na kraje ano, kte\u0159\u00ed jsou z\u0159izovateli t\u011bch za\u0159\u00edzen\u00ed.<br \/>\n<strong>Ano, samoz\u0159ejm\u011b, j\u00e1 tomu rozum\u00edm, ale jestli tedy byste dok\u00e1zal p\u0159edstavit n\u011bjak\u00fd v\u00fdsledek, j\u00e1 jsem to asi zkr\u00e1til moc, va\u0161\u00edm p\u016fsoben\u00edm d\u00edky tomu, jak si to p\u0159edstavujete p\u016fsoben\u00edm, doporu\u010den\u00edm, t\u00edm co m\u016f\u017eete d\u011blat ve vztahu k politik\u016fm, kdy\u017e to takhle zobecn\u00edm, \u017ee to p\u0159ineslo v\u00fdsledek,.<\/strong><\/p>\n<p>Anna \u0160ABATOV\u00c1,<br \/>\nV podstat\u011b se vejdu do jin\u00e9 oblasti, a to do na zdi domovu ml\u00e1de\u017ee, tedy v\u00fdchovn\u00fdch \u00fastav\u016f a tam se nejm\u00e9n\u011b dv\u011b za\u0159\u00edzen\u00ed, jedno se zru\u0161ilo a druh\u00e9 se v\u00fdrazn\u011b sn\u00ed\u017eilo po\u010det d\u011bt\u00ed, pot\u00e9 co jsem pouk\u00e1zala na to, \u017ee to tam bylo opravdu hodn\u011b \u0161patn\u00e9 a hodn\u011b \u0161patn\u00e9 zpr\u00e1vy, tak\u017ee ano i takov\u00fd v\u00fdsledek m\u00e1me na sv\u00e9m kont\u011b.<br \/>\n<strong>Za rok 2017 to m\u011b zaujalo, jste konstatovala, \u017ee jste se nejv\u00edce v\u011bnovali tedy soci\u00e1ln\u00ed v\u011bcem a taky stavebn\u00edmu \u0159\u00e1du, jak\u00e9 jsou probl\u00e9my se stavebn\u00edm \u0159\u00e1dem?<\/strong><\/p>\n<p>Anna \u0160ABATOV\u00c1,<br \/>\nTo je, dlouhodob\u011b m\u00e1me.<br \/>\n<strong>jak\u00e9 jsou s t\u00edm probl\u00e9m, o co tam jde?<\/strong><\/p>\n<p>Anna \u0160ABATOV\u00c1,<br \/>\nVelmi komplikovan\u00e9 stavebn\u00ed \u0159\u00edzen\u00ed a tak\u00e9 \u0161patn\u00e1 vymahatelnost pr\u00e1va, velmi \u010dasto se taky stav\u00ed na\u010derno a je velmi obt\u00ed\u017en\u00e9 prosadit a nutit \u00fa\u0159ady, aby to nedopou\u0161t\u011bly, na druh\u00e9 stran\u011b zase n\u011bkdo m\u00e1 probl\u00e9my s t\u00edm, \u017ee se mu vle\u010de stavebn\u00ed \u0159\u00edzen\u00ed, pak se do toho tak\u00e9 mohou prom\u00edtat konflikty sousedsk\u00e9, tak\u017ee ne v\u017edy se d\u00e1 naj\u00edt ta chyba v tom \u00fa\u0159adu, je to velmi pestr\u00e1 agenda, j\u00e1 jsem j\u00ed sv\u011b\u0159ila doktoru K\u0159e\u010dkovi, on je vlastn\u011b ten, kdo u n\u00e1s za tu agendu odpov\u00edd\u00e1.<\/p>\n<p>&nbsp;<\/p>\n<p><strong>K tomu se mo\u017en\u00e1 dostaneme taky, ale to znamen\u00e1, je to probl\u00e9m \u0161patn\u00e9ho fungov\u00e1n\u00ed t\u011bch \u00fa\u0159ad\u016f, kdy\u017e je probl\u00e9m na stran\u011b \u00fa\u0159adu tedy, kdy\u017e to nejsou ty sousedsk\u00e9 spory?<\/strong><\/p>\n<p>Anna \u0160ABATOV\u00c1,<br \/>\nUr\u010dit\u011b je probl\u00e9m taky v z\u00e1kon\u011b, je n\u011bkolikr\u00e1t novelizovan\u00fd a komplikovan\u00fd, ty procedury jsou komplikovan\u00e9 a n\u011bkdy \u00fa\u0159ady nev\u011bd\u00ed jak, jak postupovat, tak\u017ee prom\u00edt\u00e1 se do toho v\u00edce v\u011bc\u00ed.<br \/>\n<strong>Korupce?<\/strong><\/p>\n<p>Anna \u0160ABATOV\u00c1,<br \/>\nUr\u010dit\u011b existuje n\u011bco takov\u00e9ho, kde m\u016f\u017eeme m\u00edt podez\u0159en\u00ed na to, \u017ee t\u0159eba, kdy\u017e je n\u011bkdo vlivn\u00fdm \u010dlov\u011bkem, tak\u017ee t\u0159eba mu projde to, \u017ee nedodr\u017euje z\u00e1kon, ano to se tam prom\u00edt\u00e1.<br \/>\n<strong>A m\u00e1te za sebou v\u00fdsledky, kdy se zru\u0161ilo n\u011bco, co cht\u011bl vlivn\u00fd \u010dlov\u011bk a nedos\u00e1hl toho?<\/strong><\/p>\n<p>Anna \u0160ABATOV\u00c1,<br \/>\nTak te\u010fka je, se medializovali, \u017ee vstupujeme do jednoho \u0159\u00edzen\u00ed z vlastn\u00ed iniciativy, kdy pr\u00e1v\u011b n\u011bjak\u00fd takov\u00fd vlivn\u00fd \u010dlov\u011bk stav\u00ed v Pooh\u0159\u00ed v, nen\u00ed to, je to, je to, je to park, p\u0159\u00edrodn\u00ed park, jo ten nejni\u017e\u0161\u00ed stupe\u0148 ochrany, ale rozhodn\u011b je to oblast, kde se stav\u011bt nesm\u00ed.<br \/>\n<strong>P\u0159\u00edrodn\u00ed rezervace a tam se stavit nesm\u00ed. A on tam stav\u00ed?<\/strong><\/p>\n<p>Anna \u0160ABATOV\u00c1,<br \/>\nA on tam stav\u00ed bez povolen\u00ed.<br \/>\n<strong>To je ve\u0159ejn\u00fd \u010dinitel n\u011bjak\u00fd?<\/strong><\/p>\n<p>Anna \u0160ABATOV\u00c1,<br \/>\nJ\u00e1 p\u0159esn\u011b nev\u00edm, ani nev\u00edm to jm\u00e9no, ale jsou tam, jako poznatkem jdou sign\u00e1ly, \u017ee <strong>je<\/strong> pom\u011brn\u011b vlivn\u00fd podnikatel.<br \/>\n<strong>No a co m\u016f\u017ee b\u00fdt na konci tedy, taky jak te\u010f budete?<\/strong><\/p>\n<p>Anna \u0160ABATOV\u00c1,<br \/>\nv pr\u00e1vn\u00edm st\u00e1t\u011b mus\u00ed b\u00fdt to, \u017ee ho vyzvou, aby s\u00e1m odstranil stavbu a pokud to neud\u011bl\u00e1, tak by m\u011bl nastat rozhodnut\u00ed o v\u00fdkonu rozhodnut\u00ed a m\u011bla by b\u00fdt stavba odstran\u011bna, jsem zv\u011bdav\u00e1, jestli se to poda\u0159\u00ed prosadit, to mus\u00ed ud\u011blat, pros\u00edm v\u00e1s, ty \u00fa\u0159ady, to nemohou ud\u011blat j\u00e1.<br \/>\n<strong>No, ale vy je, jestli tomu dob\u0159e rozum\u00edm,vy je k tomu m\u016f\u017eete velmi siln\u011b nutit?<\/strong><\/p>\n<p>Anna \u0160ABATOV\u00c1<br \/>\nAno.<br \/>\n<strong>Jak\u00e9 m\u00e1te v rukou n\u00e1stroje? Trestn\u00ed ozn\u00e1men\u00ed m\u016f\u017eete pod\u00e1vat, pokud se nem\u00fdl\u00edm?<\/strong><\/p>\n<p>Anna \u0160ABATOV\u00c1,<br \/>\nAno, ale to, s t\u00edm nen\u00ed \u00fapln\u011b nejlep\u0161\u00ed zku\u0161enost. V jednom p\u0159\u00edpad\u011b v\u00edm o trestn\u00edch rozsudc\u00edch, kdy\u017e v Chr\u00e1n\u011bn\u00e9 krajinn\u00e9 oblasti Moldava byly vlastn\u011b zcela v rozporu s ve\u0161ker\u00fdmi pr\u00e1vn\u00edmi p\u0159edpisy, povoleny nebo byla povolena sol\u00e1rn\u00ed elektr\u00e1rna, tak\u00e9 velmi vlivn\u00fdm lidem a tam do\u0161lo i k trestn\u00edmu odsouzen\u00ed t\u011bch \u00fa\u0159ednic, kter\u00e9 to, ta povolen\u00ed vydaly zcela v rozporu s pr\u00e1vem, a to je i, se stalo n\u011bkde okolo roku 13 a tehdy m\u016fj p\u0159edch\u016fdce doktor Varva\u0159ovsk\u00fd podal \u017ealobu ve ve\u0159ejn\u00e9m z\u00e1jmu, kter\u00e1 vlastn\u011b m\u011bla zru\u0161it ta rozhodnut\u00ed, proto\u017ee ta rozhodnut\u00ed nebyla zru\u0161ena, ona byla vyd\u00e1na v rozporu s pr\u00e1vem, ale nebyla zru\u0161ena, co\u017e se pane Tak\u00e1\u010di, poda\u0159ilo, ale a\u017e za n\u011bkolik let a te\u010f se rozb\u011bhla nov\u00e9 \u0159\u00edzen\u00ed a ta elektr\u00e1rna tam po\u0159\u00e1d stoj\u00ed, je\u0161t\u011b nebylo vyd\u00e1no nov\u00e9 rozhodnut\u00ed, tak\u017ee v\u0161echno to jde teda extr\u00e9mn\u011b pomalu, j\u00e1 se budu sna\u017eit a\u017e do 18. \u00fanora, aby se ty v\u011bci d\u011blaly d\u016fsledn\u011b, ale nen\u00ed to snadn\u00e9.<br \/>\n<strong>Ten p\u0159\u00edpad, o kter\u00e9m jsem mluvila, co se t\u00fdk\u00e1 doln\u00edho Pooh\u0159\u00ed, oni o tom vys\u00edlali report\u00e9\u0159i \u010cesk\u00e9 televize. Tak\u017ee kdy\u017e mluv\u00edme o tom, jak\u00e1 kdo m\u00e1 pr\u00e1va, pat\u0159\u00ed do t\u011bchto pr\u00e1v i pr\u00e1vo na man\u017eelstv\u00ed \u00fapln\u011b pro ka\u017ed\u00e9ho bez ohled\u016f na sexu\u00e1ln\u00ed orientaci, vy jste se z\u00fa\u010dastnila \u010d\u00e1sti konference, kter\u00e1 to na mezin\u00e1rodn\u00ed \u00farovni \u0159e\u0161ila.<\/strong><\/p>\n<p>Anna \u0160ABATOV\u00c1,<br \/>\nPokud bychom to vzali \u010dist\u011b jako pr\u00e1vn\u00ed probl\u00e9m, tak podle \u010desk\u00e9ho pr\u00e1va na to jako pr\u00e1vo nen\u00ed, ani Evropsk\u00fd soud pro lidsk\u00e1 pr\u00e1va to nejudikoval jako z\u00e1kladn\u00ed pr\u00e1vo, ale n\u011bkter\u00e9 \u00fastavn\u00ed soudy u\u017e to takto pojaly, jako t\u0159eba rakousk\u00fd \u00fastavn\u00ed soud a co je d\u016fle\u017eit\u00e9, p\u0159esto\u017ee to nen\u00ed ch\u00e1p\u00e1no jako z\u00e1kladn\u00ed pr\u00e1vo, tak vlastn\u011b spole\u010dnosti dosp\u00edvaj\u00ed, ale u\u017e k tomu dosp\u011blo asi 20 evropsk\u00fdch st\u00e1t\u016f k tomu, \u017ee to pro ty lidi je d\u016fle\u017eit\u00e9 a \u017ee by, \u017ee je to sou\u010d\u00e1st pr\u00e1va na rodinn\u00fd \u017eivot a p\u0159ijaly parlamenty, tak\u017ee j\u00e1 si mysl\u00edm, \u017ee ta cesta politick\u00e1, nikoliv soudn\u00ed ochrany je lep\u0161\u00ed, \u0159ekn\u011bme, doch\u00e1z\u00ed k tomu v t\u011bch zem\u00edch, kdy\u017e je v\u00edce \u010di m\u00e9n\u011b konsensus ve spole\u010dnosti k tomu a j\u00e1 si mysl\u00edm, \u017ee v \u010desk\u00e9 spole\u010dnosti u\u017e ten konsensus je, \u017ee politici vlastn\u011b u\u017e jsou tro\u0161ku, tro\u0161ku na chvostu toho, ano tro\u0161ku maj\u00ed zpo\u017ed\u011bn\u00ed.<br \/>\n<strong>A opravdu to tak je?<\/strong><\/p>\n<p>Anna \u0160ABATOV\u00c1,<br \/>\nPodle t\u011bch v\u00fdzkum\u016f, \u017ee u\u017e v\u011bt\u0161ina lid\u00ed to vlastn\u011b bere jako, \u017ee by to b\u00fdt m\u011blo, \u017ee to je norm\u00e1ln\u00ed a p\u0159eje t\u011bm lidem.<br \/>\n<strong>A m\u011blo by to b\u00fdt, je to norm\u00e1ln\u00ed, nen\u00ed v man\u017eelstv\u00ed n\u011bjak\u00fd statek, kter\u00fd prost\u011b spole\u010dnost d\u00e1v\u00e1 z n\u011bjak\u00e9ho d\u016fvodu? A t\u00edm d\u016fvodem alespo\u0148 tedy ti, kte\u0159\u00ed odm\u00edtaj\u00ed man\u017eelstv\u00ed pro v\u0161echny, \u0159\u00edkaj\u00ed, \u017ee to je ochrana rodiny a ochrana pokolen\u00ed?<\/strong><\/p>\n<p>Anna \u0160ABATOV\u00c1,<br \/>\nAno. J\u00e1 ten argument zn\u00e1m, \u017ee to je ochrana rodiny, ale jako zn\u00e1m taky mnoho dal\u0161\u00edch argument\u016f, kter\u00e9 vyvracej\u00ed, \u017ee by t\u00edm byla rodina jakkoliv ohro\u017eena, naopak j\u00e1 bych \u0159ekla, \u017ee jestli si p\u0159ejeme dobr\u00e9 soudr\u017en\u00e9 rodiny, m\u011bli bychom lidem s jinou sexu\u00e1ln\u00ed orientaci p\u0159\u00e1t, aby y v t\u011bch svazc\u00edch \u017e\u00edt, aby v n\u00ed mohly \u017e\u00edt svobodn\u011b, aby mohly vychov\u00e1vat d\u011bti, j\u00e1 bych to ch\u00e1pala jako sou\u010d\u00e1st pr\u00e1va na rodinn\u00fd \u017eivot.<br \/>\n<strong>Mimochodem, pro\u010d jsou ti politici na chvostu, ono to v parlamentu le\u017e\u00ed u\u017e pom\u011brn\u011b dlouho a dnes na t\u00e9 konferenci zazn\u011blo, \u017ee o tom necht\u011bj\u00ed hlasovat, proto\u017ee se boj\u00ed toho v\u00fdsledku sami politici, to znamen\u00e1, \u017ee i politick\u00e1 sc\u00e9na je nalad\u011bna na to, \u017ee by se to m\u011blo schv\u00e1lit?<\/strong><\/p>\n<p>Anna \u0160ABATOV\u00c1,<br \/>\nJ\u00e1 mysl\u00edm, \u017ee tam je trochu probl\u00e9m v tom, \u017ee to po\u0159\u00e1d nen\u00ed za\u0159azov\u00e1no na program a \u017ee se vlastn\u011b ta debata je\u0161t\u011b \/souzvuk zvuk\u016f\/.<br \/>\n<strong>A nen\u00ed to za\u0159azov\u00e1no proto, \u017ee?<\/strong><\/p>\n<p>Anna \u0160ABATOV\u00c1,<br \/>\nNo, to si m\u016f\u017eeme kl\u00e1st ot\u00e1zku, ale v\u00edme, \u017ee je v \u0159ad\u011b jako velk\u00e9 mno\u017estv\u00ed v\u011bc\u00ed, mn\u011b tam t\u0159eba projedn\u00e1vaj\u00ed u\u017e n\u011bkolik jako m\u011bs\u00edc\u016f zpr\u00e1vu a po\u0159\u00e1d j\u00ed nejsou z toho projednat. J\u00e1 u\u017e m\u00e1m novou zpr\u00e1vu a po\u0159\u00e1d ta star\u00e1 nen\u00ed projednan\u00e1 a tak\u017ee to je ur\u010dit\u011b jeden aspekt a dal\u0161\u00edm m\u016f\u017ee b\u00fdt ten \u017ee, \u017ee jsou n\u011bjak\u00e9 obstrukce, kter\u00e9 nejsou tak viditeln\u00e9, t\u011b\u017eko m\u016f\u017eeme si domyslet dom\u00fd\u0161let lec\u010deho.<br \/>\n<strong>Kdy\u017e jsme u t\u011bch konferenc\u00ed, tak minul\u00fd t\u00fdden byla tak\u00e9 konference, kter\u00e1 \u0159e\u0161ila to, \u017ee lid\u00e9 na internetu vystupuj\u00ed velice nen\u00e1vistn\u011b, pro\u010d jsou lid\u00e9 nen\u00e1visti na internetu?<\/strong><br \/>\nTo je velk\u00fd fenom\u00e9n dne\u0161n\u00ed doby. Asi do velk\u00e9 m\u00edry souvis\u00ed s rozvojem soci\u00e1ln\u00edch s\u00edt\u00ed, d\u0159\u00edv to bylo tak, \u017ee, kdy\u017e jste cht\u011bl n\u011bco ve\u0159ejn\u00fd prostor pustit, tak jste m\u011bl ty n\u00e1stroje v podob\u011b m\u00e9di\u00ed nebo v\u00e1s musel n\u011bkdo n\u011bkam pozve t\u0159eba na n\u011bjakou konferenci nebo n\u011bjak\u00e9 shrom\u00e1\u017ed\u011bn\u00ed, m\u00edtink a nem\u011bl jste tolik mo\u017enost\u00ed se projevit. Internet je velk\u00e1 demokratizace a jak\u00e1si zkratka mezi jednotlivcem a vlastn\u011b ve\u0159ejnost\u00ed jako celku, prost\u011b vy tam m\u016f\u017eete \u0159\u00edct, co chcete, ale sou\u010dasn\u011b doch\u00e1z\u00ed skute\u010dn\u011b k tomu, \u017ee se neuv\u011b\u0159iteln\u011b zhrubly mravy a \u017ee se opravdu \u0161\u00ed\u0159it n\u011bkdy tak stra\u0161liv\u00e1 nen\u00e1vist, \u017ee v\u00e1m z toho a\u017e jako jde mr\u00e1z po z\u00e1dech a to prost\u011b svoboda slova je velk\u00fd statek. J\u00e1 o tom pane, pane Tak\u00e1\u010di, n\u011bco v\u00edm a j\u00e1 jsem ho ochotn\u011b, ochotn\u00e1 hodn\u011b za svobodu slova vystupovat a bojovat, mysl\u00edm si, \u017ee v \u010cesk\u00e9 republice nen\u00ed omezov\u00e1na, \u017ee toto pr\u00e1vo je u n\u00e1s skute\u010dn\u011b, plat\u00ed, ale svoboda slova podle evropsk\u00e9 \u00famluvy a vlastn\u011b i jin\u00fdch mezin\u00e1rodn\u00edch \u00famluv m\u00e1 sv\u00e9 limity a ty limity jsou pr\u00e1va jin\u00fdch osob p\u0159edev\u0161\u00edm, ale tak\u00e9 ve\u0159ejn\u00e1 bezpe\u010dnost a ve\u0159ejn\u00fd po\u0159\u00e1dek, a to je t\u0159eba si uv\u011bdomit.<br \/>\n<strong>Z toho vypl\u00fdv\u00e1 ta moje ot\u00e1zka, kterou za chv\u00edli polo\u017e\u00edm, jestli opravdu v\u0161echno se na ten internet m\u016f\u017ee napsat, on o tom mluvil i p\u0159edseda \u00dastavn\u00edho soudu Pavel Rychetsk\u00fd ve vys\u00edl\u00e1n\u00ed \u010cesk\u00e9 televize.<\/strong><\/p>\n<p>Pavel RYCHETSK\u00dd, p\u0159edseda \u00dastavn\u00edho soudu \u010cR<br \/>\nTa bezmocnost proch\u00e1z\u00ed ne jen na\u0161\u00ed, ale vlastn\u011b zd\u00e1 se celou na\u0161\u00ed civilizac\u00ed, kter\u00e1 prost\u011b nebyla na n\u011bco podobn\u00e9ho nikdy p\u0159ipravena, proto\u017ee naopak za jednu z hodnot, kterou jsme pova\u017eovali za nejv\u00fdznamn\u011bj\u0161\u00ed, a tu je t\u0159eba chr\u00e1nit, je svoboda projevu, ukazuje se za prv\u00e9, \u017ee ani ta nem\u016f\u017ee b\u00fdt absolutn\u00ed bezmezn\u00e1 a za druh\u00e9 je pot\u0159eba prosadit, \u017ee pr\u00e1vo a spravedlnost plat\u00ed i na internetu i v tom kyberprostoru.<br \/>\n<strong>Kde jsou ty meze t\u00e9 svobody slova, kde jsou ty meze, jak jste popsala t\u00edm, kde tam je ten n\u011bkdo druh\u00fd? Um\u00edme to p\u0159esn\u011b popsat?<\/strong><\/p>\n<p>Anna \u0160ABATOV\u00c1,<br \/>\nNo, j\u00e1 bych jako cht\u011bl \u0159\u00edct, \u017ee zkuste si p\u0159edstavit, \u017ee to co nap\u00ed\u0161e takov\u00fd \u010dlov\u011bk na internet, \u017ee by m\u011bl \u0159\u00edct n\u011bkomu do o\u010d\u00ed.<br \/>\n<strong>To je pr\u00e1v\u011b ono.<\/strong><\/p>\n<p>Anna \u0160ABATOV\u00c1,<br \/>\nJo, to je jeden aspekt, prost\u011b to je mnohem snaz\u0161\u00ed, prost\u011b to ve\u010der n\u011bkde po t\u0159ech pivech jako vypustit na ten internet, to je jedno krit\u00e9rium, ale nemylme se, ta svoboda slova prost\u011b nen\u00ed absolutn\u00ed a je d\u00e1vno a ne nov\u011b jako omezena p\u0159edev\u0161\u00edm trestn\u00edm z\u00e1kon\u00edkem, ob\u010dansk\u00fdm z\u00e1kon\u00edkem. Trestn\u00ed z\u00e1kon tam se mus\u00ed ujmout st\u00e1t jako v t\u011bch nej, nej, nejv\u00e1\u017en\u011bj\u0161\u00edch situac\u00edch, to je podn\u011bcov\u00e1n\u00ed k nen\u00e1visti a vyz\u00fdv\u00e1ni k odstran\u011bn\u00ed pr\u00e1v jako n\u011bjak\u00fdch osob, tady m\u00e1me tu zku\u0161enost z nacismu, \u017ee opravdu je t\u0159eba n\u011bkdy \u0159\u00edct v\u010das stop a ob\u010dansk\u00e9 pr\u00e1vo jaksi je chr\u00e1n\u00ed, kdy\u017e j\u00e1 v\u00e1m \u0159eknu n\u011bco stra\u0161n\u011b o\u0161kliv\u00fdho, tak vy m\u011b m\u016f\u017eete samoz\u0159ejm\u011b za\u017ealovat jo, je to zdlouhav\u00e9, ale, tak\u017ee, kdy\u017e mluv\u00edme o svobod\u011b slova, uv\u011bdomme si, \u017ee je tradi\u010dn\u00ed a v\u017edycky bylo i v demokratick\u00fdch st\u00e1tech to m\u00e1 sv\u00e9 limity. My m\u00e1me pr\u00e1vo vyj\u00e1d\u0159it jak\u00fdkoliv n\u00e1zor, ale m\u011bli bychom ho vyjad\u0159ovat kulturn\u00edm zp\u016fsobem.<br \/>\n<strong>No a na to se pr\u00e1v\u011b pt\u00e1m, kde je ta hranice, tak mohu n\u011bkomu \u0159\u00edct, \u017ee je hlup\u00e1k slovy, kter\u00e1 nemohou pou\u017e\u00edt p\u0159ed dvaadvac\u00e1tou hodinu, to u\u017e je probl\u00e9m, nebo to je\u0161t\u011b probl\u00e9m nen\u00ed, kdy\u017e n\u011bkomu chci \u0159\u00edct prost\u011b, \u017ee je hlup\u00e1k, kde je ta trestn\u00ed odpov\u011bdnost z\u00e1kona? Jedna v\u011bc je, \u017ee nad t\u00edm, \u017ee se na to n\u011bkdo pov\u00edd\u00e1 a \u0159ekne, no tak to je hulv\u00e1t, kdy\u017e se takhle vyj\u00e1d\u0159uje.<\/strong><\/p>\n<p>&nbsp;<\/p>\n<p>Anna \u0160ABATOV\u00c1,<br \/>\nTen v\u00fdrok nen\u00ed, j\u00e1 si troufnu \u0159\u00edct, \u017ee by ho pravd\u011bpodobn\u011b soudy neposoudily jako trestn\u00fd ani j\u00e1 bych si nemysl\u00edm, \u017ee by m\u011bl b\u00fdt trestn\u00fd. Je to, ale u\u017e by mohl b\u00fdt projedn\u00e1v\u00e1n t\u0159eba komis\u00ed p\u0159estupkovou proti ob\u010dansk\u00e9mu sou\u017eit\u00ed jo, jako proti poru\u0161en\u00ed z\u00e1sad ob\u010dansk\u00e9ho sou\u017eit\u00ed, ale na trestn\u00ed pr\u00e1vo je to jako m\u00e1lo asi, asi. Rozhoduj\u00ed to soudy potom tu aplikaci, ty z\u00e1kony m\u00e1me, nep\u0159ij\u00edm\u00e1me \u017e\u00e1dn\u00e9 nov\u00e9, nevyz\u00fdv\u00e1me k tomu, aby se p\u0159ij\u00edmaly.<br \/>\n<strong>Nepot\u0159ebujeme?<\/strong><br \/>\nJ\u00e1 si mysl\u00edm, \u017ee nepot\u0159ebujeme.<br \/>\n<strong>Z\u00e1kony dostate\u010dn\u00e9?<\/strong><\/p>\n<p>V z\u00e1sad\u011b, v z\u00e1sad\u011b nebo nep\u016fjdu te\u010fka \u00fapln\u011b do detail\u016f, ale v z\u00e1sad\u011b ty z\u00e1kony jsou v po\u0159\u00e1dku. Jde o aplikaci a pr\u00e1vo plat\u00ed i na internetu, jde si zvnit\u0159nit tuto ideu.<br \/>\n<strong>Tak\u017ee, kdy\u017e to nemohu n\u011bkomu \u0159\u00edct z o\u010d\u00ed do o\u010d\u00ed, tak mu to nemohu ani napsat na internetu?<\/strong><\/p>\n<p>Nem\u011bl by ano. J\u00e1 v\u00e1m \u0159eknu dost zaj\u00edmavou v\u011bc, my jsme provedli anal\u00fdzu rozsudk\u016f, kter\u00e9 byly v letech 16 a\u017e polovina roku 19, odsouzen\u00fd u obecn\u00fdch soud\u016f, pro n\u00e1s nen\u00e1vist projeven\u00e1 internetu, nikoliv v re\u00e1ln\u00e9m \u017eivot\u011b a zjistili jsme, \u017ee ze 47 rozsudk\u016f, kter\u00e9 jsme shrom\u00e1\u017edili, 43 t\u011bch pachatel\u016f, kte\u0159\u00ed byli odsouzen\u00ed, byli prvotrestan\u00ed, a a\u017e na jednoho nebo 2 v\u00fdjimky to byli mu\u017ei.<\/p>\n<p><strong>A byli to oby\u010dejn\u00ed lid\u00e9, jsem tak\u00e9 zaznamenal?<\/strong><\/p>\n<p>Ano, byli to takzvan\u011b oby\u010dejn\u00ed lid\u00e9.<\/p>\n<p><strong>Co znamen\u00e1, co to znamen\u00e1 oby\u010dejn\u00ed lid\u00e9?<\/strong><\/p>\n<p>Je\u0161t\u011b chci \u0159\u00edct, \u017ee nic nenasv\u011bd\u010dovalo tomu, \u017ee by t\u0159eba pat\u0159ili k n\u011bjak\u00e9 men\u0161in\u011b, ale podle toho skutkov\u00e9ho d\u011bje, znamen\u00e1 to, to je\u0161t\u011b je jedna v\u011bc d\u016fle\u017eit\u00e1, v\u011bt\u0161ina z nich byla zasko\u010dena t\u00edm, \u017ee se dopustila trestn\u00e9ho \u010dinu, tak\u017ee oni sv\u00e9 jedn\u00e1n\u00ed nech\u00e1pali jako trestn\u00e9 a mysl\u00edm si, \u017ee tady je velik\u00fd prostor pro prevenci, pro vysv\u011btlov\u00e1n\u00ed, \u017ee pr\u00e1vo plat\u00ed i na internetu.<\/p>\n<p><strong>Ta va\u0161e pozn\u00e1mka, \u017ee n\u011bkdo ve\u010der t\u0159eba po t\u0159ech pivech na internet to nap\u00ed\u0161e, ale ne\u0159ekl by to z o\u010d\u00ed do o\u010d\u00ed, jak je to mo\u017en\u00e9, pro\u010d to je? To m\u00e1me ka\u017ed\u00fd v sob\u011b, \u017ee v anonymn\u00edm prost\u0159ed\u00ed internetu, kter\u00e9 tak \u00fapln\u011b anonymn\u00ed nen\u00ed, ale m\u016f\u017ee tak vypadat, jsou lid\u00e9 n\u011bjac\u00ed zlej\u0161\u00ed ne\u017e, ne\u017e v osobn\u00ed komunikaci?<\/strong><\/p>\n<p>Pod\u00edvejte se, my jsme historicky jako kultivovan\u00ed k tomu, \u017ee, \u017ee, \u017ee se nevyb\u00edj\u00edme u\u017e kyjema a \u017ee n\u011bjak kultivujeme mravy, t\u0159eba j\u00e1 mysl\u00edm, \u017ee velkou \u00falohu a te\u010fka mysl\u00edm pozitivn\u00ed sehr\u00e1la katolick\u00e1 c\u00edrkev a vlastn\u011b c\u00edrkve, ale katolick\u00e1 t\u00edm, \u017ee je nutila i ke zpytov\u00e1n\u00ed sv\u011bdom\u00ed, to znamen\u00e1 i to, co si mysl\u00edte, m\u016f\u017ee b\u00fdt p\u0159edstupn\u011bm toho, co ud\u011bl\u00e1te a jako ur\u010dit\u011b je p\u0159edstupn\u011bm toho, co nap\u00ed\u0161ete na internet, toho co m\u016f\u017eete pak ud\u011blat v re\u00e1ln\u00e9m \u017eivot\u011b, ale o t\u011bch mechanismech my vlastn\u011b v\u00edme, to je jeden z n\u00e1stroj\u016f, pro\u010d jako katoli\u010dt\u00ed k\u0159es\u0165an\u00e9 chod\u00ed ke zpov\u011bdi je, \u017ee se v\u00ed, \u017ee je t\u0159eba si uv\u011bdomovat, co d\u011bl\u00e1me a vlastn\u011b reflektovat podle n\u011bjak\u00fdch jako pravidel, jestli nezach\u00e1z\u00edm d\u00e1l, ne\u017e se jako je spr\u00e1vn\u00e9 a mor\u00e1ln\u00ed, tak\u017ee hrozn\u011b d\u016fle\u017eit\u00e9 je o t\u011bch v\u011bcech tak\u00e9 mluvit a znovu se pokusit toho d\u017eina vr\u00e1tit zp\u00e1tky do t\u00e9 l\u00e1hve.<\/p>\n<p><strong>Posledn\u00ed v\u011bc, je to 30 let za necel\u00fd m\u011bs\u00edc vlastn\u011b si to p\u0159ipomeneme, kdy padl komunismus, pro\u010d se \u010d\u00edm d\u00e1l t\u00edm v\u00edc mluv\u00ed o tom, \u017ee demokracie vlastn\u011b tak \u00fapln\u011b upevn\u011bn\u00e1 na\u0161ich v zem\u00edch nen\u00ed, \u017ee n\u011bkter\u00e9 zem\u011b i st\u0159edn\u00ed Evropy mo\u017en\u00e1 sm\u011b\u0159uj\u00ed v\u00edc k autorit\u00e1\u0159stv\u00ed?<\/strong><\/p>\n<p>Ano, je to ten v\u00fdvoj, \u0159ekn\u011bme, kdybychom vzali n\u00e1s a na\u0161e sousedy, je takov\u00fd, \u017ee si m\u016f\u017eeme kl\u00e1st ot\u00e1zky, jestli demokracie nen\u00ed ohro\u017eena.<\/p>\n<p><strong>I v \u010cesku?<\/strong><\/p>\n<p>Anna \u0160ABATOV\u00c1, ve\u0159ejn\u00e1 ochr\u00e1nkyn\u011b pr\u00e1v<br \/>\nJ\u00e1 bych \u0159ekla, \u017ee se d\u00e1 \u0159\u00edct, \u017ee v \u010cesku jak\u017etak\u017e je\u0161t\u011b nen\u00ed ohro\u017eena, ale mus\u00edme b\u00fdt d\u011bl\u00ed.<\/p>\n<p><strong>Jak vy osobn\u011b si p\u0159ipomenete 17 listopad?<\/strong><\/p>\n<p>J\u00e1 jsem takovej neslav\u00edc\u00ed typ, ale zavolal mn\u011b jeden kamar\u00e1d z Brna jako z m\u00e9ho ml\u00e1d\u00ed, \u017ee budou d\u011blat takovou malou oslavu na JAMU, jestli nechci p\u0159ij\u00edt, tak\u017ee asi to bude to, co ud\u011bl\u00e1m j\u00e1.<\/p>\n<p><strong>Asi p\u0159ijedete a j\u00e1 v\u00e1m d\u011bkuju, \u017ee jste p\u0159i\u0161la do Interview \u010cT24, d\u011bkuju za rozhovor, na shledanou.<\/strong><\/p>\n<p>&nbsp;<\/p>\n<div id=\"divDocFoot\"><\/div>\n","protected":false},"excerpt":{"rendered":"<div class=\"mh-excerpt\"><p>Za \u010dtvrt roku skon\u010d\u00ed funk\u010dn\u00ed obdob\u00ed ve\u0159ejn\u00e9 ochr\u00e1nkyn\u011b pr\u00e1v Anny \u0160abatov\u00e9, ombudsmanka je tu od toho, aby dohl\u00ed\u017eela na to, jak funguje Ve\u0159ejn\u00e1 spr\u00e1va, kontrolovala <a class=\"mh-excerpt-more\" href=\"https:\/\/www.invarena.cz\/?p=32534\" title=\"Rozhovor s Annou \u0160abatovou, ve\u0159ejnou ochr\u00e1nkyn\u00ed pr\u00e1v\">[&#8230;]<\/a><\/p>\n<\/div>","protected":false},"author":1,"featured_media":14848,"comment_status":"open","ping_status":"closed","sticky":false,"template":"","format":"standard","meta":{"footnotes":""},"categories":[12],"tags":[],"class_list":["post-32534","post","type-post","status-publish","format-standard","has-post-thumbnail","hentry","category-rozhovory"],"_links":{"self":[{"href":"https:\/\/www.invarena.cz\/index.php?rest_route=\/wp\/v2\/posts\/32534","targetHints":{"allow":["GET"]}}],"collection":[{"href":"https:\/\/www.invarena.cz\/index.php?rest_route=\/wp\/v2\/posts"}],"about":[{"href":"https:\/\/www.invarena.cz\/index.php?rest_route=\/wp\/v2\/types\/post"}],"author":[{"embeddable":true,"href":"https:\/\/www.invarena.cz\/index.php?rest_route=\/wp\/v2\/users\/1"}],"replies":[{"embeddable":true,"href":"https:\/\/www.invarena.cz\/index.php?rest_route=%2Fwp%2Fv2%2Fcomments&post=32534"}],"version-history":[{"count":0,"href":"https:\/\/www.invarena.cz\/index.php?rest_route=\/wp\/v2\/posts\/32534\/revisions"}],"wp:featuredmedia":[{"embeddable":true,"href":"https:\/\/www.invarena.cz\/index.php?rest_route=\/wp\/v2\/media\/14848"}],"wp:attachment":[{"href":"https:\/\/www.invarena.cz\/index.php?rest_route=%2Fwp%2Fv2%2Fmedia&parent=32534"}],"wp:term":[{"taxonomy":"category","embeddable":true,"href":"https:\/\/www.invarena.cz\/index.php?rest_route=%2Fwp%2Fv2%2Fcategories&post=32534"},{"taxonomy":"post_tag","embeddable":true,"href":"https:\/\/www.invarena.cz\/index.php?rest_route=%2Fwp%2Fv2%2Ftags&post=32534"}],"curies":[{"name":"wp","href":"https:\/\/api.w.org\/{rel}","templated":true}]}}