{"id":32549,"date":"2019-10-30T13:43:57","date_gmt":"2019-10-30T12:43:57","guid":{"rendered":"http:\/\/www.invarena.cz\/?p=32549"},"modified":"2019-10-30T13:43:57","modified_gmt":"2019-10-30T12:43:57","slug":"sberem-baterek-pomohou-nemocnym-uz-jen-do-konce-rijna","status":"publish","type":"post","link":"https:\/\/www.invarena.cz\/?p=32549","title":{"rendered":"Sb\u011brem baterek pomohou nemocn\u00fdm. U\u017e jen do konce \u0159\u00edjna"},"content":{"rendered":"<p><strong>M\u011bsta v b\u0159eclavsk\u00e9ho okresu se zapojila do sout\u011b\u017ee Baterkom\u00e1nie. Pomozte jim usp\u011bt a do konce \u0159\u00edjna noste pou\u017eit\u00e9 baterie na m\u011bstsk\u00e9 \u00fa\u0159ady. Zapojila se B\u0159eclav, Hustope\u010de a Klobouky u Brna. \u010c\u00edm v\u00edce se vybere bateri\u00ed, t\u00edm v\u00edce finan\u010dn\u00edch prost\u0159edk\u016f daj\u00ed organiz\u00e1to\u0159i, kter\u00fdmi jsou neziskov\u00e1 spole\u010dnost ECOBAT a Jihomoravsk\u00fd kraj, na charitativn\u00ed nebo obecn\u011b prosp\u011b\u0161n\u00e9 projekty. Mezi nominovan\u00fdmi na finan\u010dn\u00ed podporu jsou z B\u0159eclavi &#8222;Baterky pro Mark\u00e9tku&#8220; a Hustope\u010d\u00ed &#8222;Baterie pro Garika \u2013 jedna dv\u011b, Garik jde&#8220;.<\/strong> <!--more--><\/p>\n<p>A jak m\u016f\u017eete pomoci, aby pr\u00e1v\u011b tyto projekty usp\u011bly? Noste pou\u017eit\u00e9 baterie do sb\u011brn\u00fdch n\u00e1dob na m\u011bstsk\u00e9 \u00fa\u0159ady v B\u0159eclavi anebo v Hustope\u010d\u00edch. Pozor \u2013 je nejvy\u0161\u0161\u00ed \u010das. Koncem \u0159\u00edjna u\u017e sout\u011b\u017e kon\u010d\u00ed. V sout\u011b\u017ei v\u0161ak nejde jen o charitu. Hlavn\u00edm c\u00edlem je zv\u00fd\u0161it mno\u017estv\u00ed bateri\u00ed, kter\u00e9 jsou p\u0159ed\u00e1ny k recyklaci, a t\u00edm p\u0159isp\u011bt k ochran\u011b \u017eivotn\u00edho prost\u0159ed\u00ed.<\/p>\n<p>V B\u0159eclavi a Hustope\u010d\u00edch, tak jako v dal\u0161\u00edch zapojen\u00fdch m\u011bstech, najdete v prostor\u00e1ch m\u011bstsk\u00e9ho \u00fa\u0159adu sb\u011brn\u00e9 boxy s logem sout\u011b\u017ee, do kter\u00fdch \u00fa\u0159edn\u00edci, ale i b\u011b\u017en\u00ed ob\u010dan\u00e9 mohou odevzd\u00e1vat pou\u017eit\u00e9 baterie k recyklaci. V Baterkom\u00e1nii vyhraje ten \u00fa\u0159ad, kter\u00e9mu se do sb\u011brn\u00e9 n\u00e1doby poda\u0159\u00ed vybrat nejv\u011bt\u0161\u00ed mno\u017estv\u00ed bateri\u00ed v p\u0159epo\u010dtu na jednoho \u00fa\u0159edn\u00edka. Po skon\u010den\u00ed sout\u011b\u017ee m\u011bst a se\u010dten\u00ed v\u00fdsledk\u016f bude v\u00fdsledn\u00fd finan\u010dn\u00ed p\u0159\u00edsp\u011bvek a\u017e do v\u00fd\u0161e 100 tis\u00edc korun rozd\u011blen mezi 3 projekty, kter\u00e9 navrhly 3 ve sb\u011bru nej\u00fasp\u011b\u0161n\u011bj\u0161\u00ed \u00fa\u0159ady.<\/p>\n<p>M\u011bsto B\u0159eclav nominovalo projekt &#8222;Baterky pro Mark\u00e9tku&#8220;. Mark\u00e9tka Elsnerov\u00e1 z Charvatsk\u00e9 Nov\u00e9 Vsi je desetilet\u00e1 hol\u010di\u010dka, kter\u00e1 se narodila s vrozenou ment\u00e1ln\u00ed poruchou. V\u00fdt\u011b\u017eek akce by byl pou\u017eit na l\u00e9\u010debn\u00e9 pom\u016fcky a prost\u0159edky, kter\u00e9 by Mark\u00e9tce uleh\u010dily p\u0159ekon\u00e1v\u00e1n\u00ed ka\u017edodenn\u00edch p\u0159ek\u00e1\u017eek, kter\u00e9 jsou pro ostatn\u00ed sou\u010d\u00e1st\u00ed b\u011b\u017en\u00e9ho \u017eivota.<\/p>\n<p>M\u011bsto Hustope\u010de chce podpo\u0159it l\u00e9\u010dbu \u0161estilet\u00e9ho Garika. Jejich projekt m\u00e1 n\u00e1zev &#8222;Baterie pro Garika \u2013 jedna dv\u011b, Garik jde&#8220;. Chlapec trp\u00ed od narozen\u00ed d\u011btskou mozkovou obrnou. Je odk\u00e1z\u00e1n na pohyb s invalidn\u00edm voz\u00edkem. Krom\u011b ka\u017edodenn\u00edho dom\u00e1c\u00edho cvi\u010den\u00ed k jeho l\u00e9\u010db\u011b nejv\u011bt\u0161\u00ed m\u011brou p\u0159isp\u00edv\u00e1 rehabilitace s vyu\u017eit\u00edm speci\u00e1ln\u00edho obleku, kter\u00e1 nen\u00ed hrazena ze zdravotn\u00edho poji\u0161t\u011bn\u00ed. Cel\u00e9 m\u011bsto sb\u00edr\u00e1 baterie pro Garika, aby mohl vyrazit na m\u011bs\u00ed\u010dn\u00ed rehabilita\u010dn\u00ed pobyt, kter\u00fd stoj\u00ed 64.000 K\u010d.<\/p>\n<p>V okrese B\u0159eclav se Baterkom\u00e1nie \u00fa\u010dastn\u00ed je\u0161t\u011b obec Klobouky u Brna. I na zdej\u0161\u00edm \u00fa\u0159ad\u011b najdete sb\u011brnou n\u00e1dobu na pou\u017eit\u00e9 baterie s logem Baterkom\u00e1nie. Klobouky v\u0161ak charitativn\u00ed nebo obecn\u011b prosp\u011b\u0161n\u00fd projekt nenominovaly. Baterky, kter\u00e9 se v obci vyberou, budou zapo\u010d\u00edt\u00e1ny do celkov\u00e9 sumy, kter\u00e1 bude rozd\u011blen\u00e1 mezi vybran\u00e9 \u00fasp\u011b\u0161n\u00e9 projekty z jin\u00fdch m\u011bst.<\/p>\n<p>Konkurence v sout\u011b\u017ei je velk\u00e1. Zapojilo se 19 m\u011bstsk\u00fdch \u00fa\u0159ad\u016f nebo \u00fa\u0159ad\u016f m\u011bstsk\u00fdch \u010d\u00e1st\u00ed. V sout\u011b\u017ei m\u011b\u0159\u00ed sv\u00e9 s\u00edly Boskovice, B\u0159eclav, Bzenec, Hru\u0161ovany nad Jevi\u0161ovkou, Hustope\u010de, Klobouky u Brna, Kyjov, Poho\u0159elice, Slavkov u Brna, Ti\u0161nov, Velk\u00e1 nad Veli\u010dkou, Vesel\u00ed nad Moravou, Vy\u0161kov, \u017dd\u00e1nice, \u017didlochovice, a m\u011bstsk\u00e9 \u010d\u00e1sti Brno-Jundrov, Brno-sever, Brno-Star\u00fd L\u00edskovec a Brno-Kr\u00e1lovo Pole.<\/p>\n<p>&#8222;Je n\u00e1m velmi sympatick\u00e9 spojen\u00ed sb\u011bru bateri\u00ed s charitou a aktivn\u00ed podpora osv\u011bty pro t\u0159\u00edd\u011bn\u00ed ze strany zapojen\u00fdch m\u011bst. To je tak\u00e9 jeden z hlavn\u00edch d\u016fvod\u016f, pro\u010d se Jihomoravsk\u00fd kraj k Baterkom\u00e1nii p\u0159ipojil,&#8220; dopl\u0148uje Franti\u0161ek Hav\u00ed\u0159, vedouc\u00ed odboru \u017eivotn\u00edho prost\u0159ed\u00ed K\u00da Jihomoravsk\u00e9ho kraje.<\/p>\n<p>&#8222;Charitativn\u00ed nebo obecn\u011b prosp\u011b\u0161n\u00e9 projekty, kter\u00e9 do Baterkom\u00e1nie v Jihomoravsk\u00e9m kraji p\u0159ihl\u00e1sily zapojen\u00e9 m\u011bstsk\u00e9 \u00fa\u0159ady a \u00fa\u0159ady m\u011bstsk\u00fdch \u010d\u00e1st\u00ed, jsou velmi r\u016fznorod\u00e9. Od pomoci d\u011btem, senior\u016fm a hendikepovan\u00fdm, p\u0159es vybudov\u00e1n\u00ed nov\u00fdch lavi\u010dek a v\u00fdsadbu strom\u016f, a\u017e po p\u0159edch\u00e1zen\u00ed vzniku odpad\u016f,&#8220; \u0159\u00edk\u00e1 Petr Kratochv\u00edl ze spole\u010dnosti ECOBAT a dod\u00e1v\u00e1: &#8222;Jedna v\u011bc je v\u0161ak spojuje \u2013 snaha m\u011bst a m\u011bstsk\u00fdch \u010d\u00e1st\u00ed prost\u0159ednictv\u00edm sb\u011bru bateri\u00ed nastartovat ob\u010dany. A je jedno zda k podpo\u0159e lid\u00ed v t\u00ed\u017eiv\u00e9 situaci nebo k pomoci s rozjezdem smyslupln\u00fdch projekt\u016f v jejich m\u011bst\u011b.&#8220;<\/p>\n<p>Najdete mezi nimi nap\u0159\u00edklad projekty zam\u011b\u0159en\u00e9 na spolufinancov\u00e1n\u00ed n\u00e1kladn\u00e9 l\u00e9\u010dby pro Garika, Luk\u00e1\u0161ka a Mark\u00e9tku, nebo na vybaven\u00ed stacion\u00e1\u0159e \u010di na projekt od d\u011bt\u00ed z lesn\u00ed mate\u0159sk\u00e9 \u0161kolky zam\u011b\u0159en\u00fd na fairtradov\u00e9 a lok\u00e1ln\u00ed p\u011bstitele.<\/p>\n<p>Pro\u010d je d\u016fle\u017eit\u00e9 t\u0159\u00eddit baterie?<\/p>\n<p>Zat\u00edm jen necel\u00e1 polovina bateri\u00ed, kter\u00e9 jsou v \u010cesku d\u00e1ny do ob\u011bhu, kon\u010d\u00ed na recyklaci. M\u011blo by jich b\u00fdt mnohem v\u00edc, proto\u017ee ka\u017ed\u00e1 baterie, kter\u00e1 skon\u010d\u00ed ve sm\u011bsn\u00e9m odpadu, \u0161kod\u00ed p\u0159\u00edrod\u011b. A to je hlavn\u00ed c\u00edl Baterkom\u00e1nie \u2013 p\u0159esv\u011bd\u010dit lidi, aby pou\u017eit\u00e9 baterie odevzd\u00e1vali na recyklaci. \u0160et\u0159\u00edme t\u00edm p\u0159\u00edrodu p\u0159ed zbyte\u010dnou t\u011b\u017ebou, proto\u017ee d\u00edky recyklaci z pou\u017eit\u00fdch bateri\u00ed z\u00edsk\u00e1v\u00e1me druhotn\u00e9 suroviny, zejm\u00e9na kovy, kter\u00e9 mohou slou\u017eit k v\u00fdrob\u011b nov\u00fdch produkt\u016f. Z jedn\u00e9 tuny bateri\u00ed lze p\u0159itom recyklac\u00ed znovu z\u00edskat a\u017e 167 kg oceli, 210 kg zinku, 205 kg manganu a p\u0159ibli\u017en\u011b 15 kg niklu a m\u011bdi.<\/p>\n<p>Sb\u011brn\u00e1 m\u00edsta jsou na ka\u017ed\u00e9m rohu<\/p>\n<p>Sb\u011brn\u00fdch m\u00edst je v \u010cR u\u017e p\u0159es 20 tis\u00edc. Asi nejzn\u00e1m\u011bj\u0161\u00ed jsou \u010derven\u00e9 venkovn\u00ed kontejnery na t\u0159\u00edd\u011bn\u00ed drobn\u00fdch elektrospot\u0159ebi\u010d\u016f a bateri\u00ed. Na popularit\u011b z\u00edsk\u00e1vaj\u00ed sb\u011brn\u00e1 m\u00edsta v obchodech. Kdykoli tedy p\u016fjdete nakoupit do supermarketu, m\u016f\u017eete zde odevzdat i baterie. Dal\u0161\u00edm m\u00edstem jsou sb\u011brn\u00e9 dvory. St\u00e1le v\u00edce m\u011bst a obc\u00ed z\u0159izuje sb\u011brn\u00e1 m\u00edsta na baterie p\u0159\u00edmo na m\u011bstsk\u00fdch nebo obecn\u00edch \u00fa\u0159adech. Pokud nev\u00edte, kde m\u00e1te nejbli\u017e\u0161\u00ed sb\u011brn\u00e9 m\u00edsto, ur\u010dit\u011b ho najdete ve vyhled\u00e1va\u010di mapa.ecobat.cz.<\/p>\n<p>Jana \u010cechov\u00e1, Ecobat<br \/>\nB\u0159eclavsk\u00fd den\u00edk<br \/>\n<a href=\"https:\/\/breclavsky.denik.cz\/\" target=\"_blank\" rel=\"noopener noreferrer\">https:\/\/breclavsky.denik.cz\/<\/a><\/p>\n","protected":false},"excerpt":{"rendered":"<div class=\"mh-excerpt\"><p>M\u011bsta v b\u0159eclavsk\u00e9ho okresu se zapojila do sout\u011b\u017ee Baterkom\u00e1nie. Pomozte jim usp\u011bt a do konce \u0159\u00edjna noste pou\u017eit\u00e9 baterie na m\u011bstsk\u00e9 \u00fa\u0159ady. Zapojila se B\u0159eclav, <a class=\"mh-excerpt-more\" href=\"https:\/\/www.invarena.cz\/?p=32549\" title=\"Sb\u011brem baterek pomohou nemocn\u00fdm. U\u017e jen do konce \u0159\u00edjna\">[&#8230;]<\/a><\/p>\n<\/div>","protected":false},"author":1,"featured_media":0,"comment_status":"open","ping_status":"closed","sticky":false,"template":"","format":"standard","meta":{"footnotes":""},"categories":[9],"tags":[],"class_list":["post-32549","post","type-post","status-publish","format-standard","hentry","category-zpravy"],"_links":{"self":[{"href":"https:\/\/www.invarena.cz\/index.php?rest_route=\/wp\/v2\/posts\/32549","targetHints":{"allow":["GET"]}}],"collection":[{"href":"https:\/\/www.invarena.cz\/index.php?rest_route=\/wp\/v2\/posts"}],"about":[{"href":"https:\/\/www.invarena.cz\/index.php?rest_route=\/wp\/v2\/types\/post"}],"author":[{"embeddable":true,"href":"https:\/\/www.invarena.cz\/index.php?rest_route=\/wp\/v2\/users\/1"}],"replies":[{"embeddable":true,"href":"https:\/\/www.invarena.cz\/index.php?rest_route=%2Fwp%2Fv2%2Fcomments&post=32549"}],"version-history":[{"count":0,"href":"https:\/\/www.invarena.cz\/index.php?rest_route=\/wp\/v2\/posts\/32549\/revisions"}],"wp:attachment":[{"href":"https:\/\/www.invarena.cz\/index.php?rest_route=%2Fwp%2Fv2%2Fmedia&parent=32549"}],"wp:term":[{"taxonomy":"category","embeddable":true,"href":"https:\/\/www.invarena.cz\/index.php?rest_route=%2Fwp%2Fv2%2Fcategories&post=32549"},{"taxonomy":"post_tag","embeddable":true,"href":"https:\/\/www.invarena.cz\/index.php?rest_route=%2Fwp%2Fv2%2Ftags&post=32549"}],"curies":[{"name":"wp","href":"https:\/\/api.w.org\/{rel}","templated":true}]}}