{"id":32555,"date":"2019-10-30T19:37:01","date_gmt":"2019-10-30T18:37:01","guid":{"rendered":"http:\/\/www.invarena.cz\/?p=32555"},"modified":"2019-10-30T19:37:01","modified_gmt":"2019-10-30T18:37:01","slug":"nadace-cez-v-trinci-u-paprsku-otevreli-oranzove-hriste-pro-zdrave-i-hendikepovane-deti","status":"publish","type":"post","link":"https:\/\/www.invarena.cz\/?p=32555","title":{"rendered":"Nadace \u010cEZ: V T\u0159inci u Paprsku otev\u0159eli Oran\u017eov\u00e9 h\u0159i\u0161t\u011b pro zdrav\u00e9 i hendikepovan\u00e9 d\u011bti"},"content":{"rendered":"<p><strong>Ve skute\u010dnost se v \u00fater\u00fd 8. \u0159\u00edjna prom\u011bnil sen d\u011bt\u00ed z Denn\u00edho stacion\u00e1\u0159e PAPRSEK v T\u0159inci, kdy\u017e prim\u00e1torka m\u011bsta V\u011bra Palkovsk\u00e1 p\u0159edala m\u00edstn\u00edm do u\u017e\u00edv\u00e1n\u00ed Oran\u017eov\u00e9 h\u0159i\u0161t\u011b.<\/strong><!--more--><\/p>\n<p><em>ilustra\u010dn\u00ed foto<\/em><\/p>\n<p>Cel\u00fd \u010dl\u00e1nek naleznete v Parlamentn\u00edch Listech: <a href=\"https:\/\/www.parlamentnilisty.cz\/zpravy\/tiskovezpravy\/Nadace-CEZ-V-Trinci-u-Paprsku-otevreli-Oranzove-hriste-pro-zdrave-i-hendikepovane-deti-601339\" target=\"_blank\" rel=\"noopener noreferrer\">ZDE<\/a><\/p>\n","protected":false},"excerpt":{"rendered":"<div class=\"mh-excerpt\"><p>Ve skute\u010dnost se v \u00fater\u00fd 8. \u0159\u00edjna prom\u011bnil sen d\u011bt\u00ed z Denn\u00edho stacion\u00e1\u0159e PAPRSEK v T\u0159inci, kdy\u017e prim\u00e1torka m\u011bsta V\u011bra Palkovsk\u00e1 p\u0159edala m\u00edstn\u00edm do u\u017e\u00edv\u00e1n\u00ed <a class=\"mh-excerpt-more\" href=\"https:\/\/www.invarena.cz\/?p=32555\" title=\"Nadace \u010cEZ: V T\u0159inci u Paprsku otev\u0159eli Oran\u017eov\u00e9 h\u0159i\u0161t\u011b pro zdrav\u00e9 i hendikepovan\u00e9 d\u011bti\">[&#8230;]<\/a><\/p>\n<\/div>","protected":false},"author":1,"featured_media":7554,"comment_status":"open","ping_status":"closed","sticky":false,"template":"","format":"standard","meta":{"footnotes":""},"categories":[9],"tags":[],"class_list":["post-32555","post","type-post","status-publish","format-standard","has-post-thumbnail","hentry","category-zpravy"],"_links":{"self":[{"href":"https:\/\/www.invarena.cz\/index.php?rest_route=\/wp\/v2\/posts\/32555","targetHints":{"allow":["GET"]}}],"collection":[{"href":"https:\/\/www.invarena.cz\/index.php?rest_route=\/wp\/v2\/posts"}],"about":[{"href":"https:\/\/www.invarena.cz\/index.php?rest_route=\/wp\/v2\/types\/post"}],"author":[{"embeddable":true,"href":"https:\/\/www.invarena.cz\/index.php?rest_route=\/wp\/v2\/users\/1"}],"replies":[{"embeddable":true,"href":"https:\/\/www.invarena.cz\/index.php?rest_route=%2Fwp%2Fv2%2Fcomments&post=32555"}],"version-history":[{"count":0,"href":"https:\/\/www.invarena.cz\/index.php?rest_route=\/wp\/v2\/posts\/32555\/revisions"}],"wp:featuredmedia":[{"embeddable":true,"href":"https:\/\/www.invarena.cz\/index.php?rest_route=\/wp\/v2\/media\/7554"}],"wp:attachment":[{"href":"https:\/\/www.invarena.cz\/index.php?rest_route=%2Fwp%2Fv2%2Fmedia&parent=32555"}],"wp:term":[{"taxonomy":"category","embeddable":true,"href":"https:\/\/www.invarena.cz\/index.php?rest_route=%2Fwp%2Fv2%2Fcategories&post=32555"},{"taxonomy":"post_tag","embeddable":true,"href":"https:\/\/www.invarena.cz\/index.php?rest_route=%2Fwp%2Fv2%2Ftags&post=32555"}],"curies":[{"name":"wp","href":"https:\/\/api.w.org\/{rel}","templated":true}]}}