{"id":32560,"date":"2019-11-02T17:21:46","date_gmt":"2019-11-02T16:21:46","guid":{"rendered":"http:\/\/www.invarena.cz\/?p=32560"},"modified":"2019-11-02T17:23:17","modified_gmt":"2019-11-02T16:23:17","slug":"mohu-si-zazadat-o-parkovaci-kartu","status":"publish","type":"post","link":"https:\/\/www.invarena.cz\/?p=32560","title":{"rendered":"Mohu si za\u017e\u00e1dat o parkovac\u00ed kartu?"},"content":{"rendered":"<p><strong>DOTAZ: Byl mi priznan ivalidni duchod 3 stupne, mohu si zazadat o parkovaci kartu pro invalidy a kde?<\/strong><!--more--><\/p>\n<p><strong>ODPOV\u011a\u010e:<\/strong><\/p>\n<p>P\u0159izn\u00e1n\u00ed invalidity samo o sob\u011b bohu\u017eel k n\u00e1roku na parkovac\u00ed pr\u016fkaz neoprav\u0148uje. Abyste mohl za\u017e\u00e1dat o parkovac\u00ed pr\u016fkaz, mus\u00edte nejd\u0159\u00edve z\u00edskat pr\u016fkaz ZTP nebo ZTP\/P. Parkovac\u00ed pr\u016fkaz je toti\u017e ur\u010den pouze dr\u017eitel\u016fm pr\u016fkazu ZTP a ZTP\/P, kte\u0159\u00ed maj\u00ed sv\u016fj automobil nebo kte\u0159\u00ed jsou v aut\u011b (i v takov\u00e9m, kter\u00e9 nevlastn\u00ed) p\u0159epravov\u00e1ni.<\/p>\n<p>Pokud tedy pot\u0159ebujete parkovac\u00ed pr\u016fkaz, ale nejste dr\u017eitelem ZTP nebo ZTP\/P, mus\u00edte nejd\u0159\u00edve podat \u017d\u00e1dost o p\u0159izn\u00e1n\u00ed pr\u016fkazu OZP a sou\u010dasn\u011b \u017e\u00e1dost o tzv.p\u0159\u00edsp\u011bv\u011bk na mobilitu na \u00fa\u0159adu pr\u00e1ce dle trval\u00e9ho bydli\u0161t\u011b.<\/p>\n<p>Pokud m\u00e1te ji\u017e pr\u016fkaz TP, nem\u00e1te n\u00e1rok na parkovac\u00ed pr\u016fkaz.<\/p>\n<p>O p\u0159izn\u00e1n\u00ed pr\u016fkazu ZTP nebo ZTP\/P rozhodne v\u00fdhradn\u011b posudkov\u00fd l\u00e9ka\u0159. Je-li ZTP nebo ZTP\/P ze zdravotn\u00edho stavu p\u0159izn\u00e1no, je nutn\u00e9 vy\u010dkat na rozhodnut\u00ed a fyzick\u00e9 vyd\u00e1n\u00ed pr\u016fkazu. S origin\u00e1lem pr\u016fkazu a s 1 fotografi\u00ed pasov\u00e9ho form\u00e1tu si pak vy\u0159\u00edd\u00edte parkovac\u00ed pr\u016fkaz.<br \/>\nPr\u016fkaz je nej\u010dast\u011bji vyd\u00e1v\u00e1n na soci\u00e1ln\u00edm odboru magistr\u00e1tu m\u011bsta p\u0159\u00edslu\u0161n\u00e9ho dle trval\u00e9ho bydli\u0161t\u011b.<\/p>\n<p>redakce invArena<\/p>\n<p>&nbsp;<\/p>\n<p>&nbsp;<\/p>\n<p>&nbsp;<\/p>\n","protected":false},"excerpt":{"rendered":"<div class=\"mh-excerpt\"><p>DOTAZ: Byl mi priznan ivalidni duchod 3 stupne, mohu si zazadat o parkovaci kartu pro invalidy a kde?<\/p>\n<\/div>","protected":false},"author":1,"featured_media":614,"comment_status":"open","ping_status":"closed","sticky":false,"template":"","format":"standard","meta":{"footnotes":""},"categories":[18],"tags":[],"class_list":["post-32560","post","type-post","status-publish","format-standard","has-post-thumbnail","hentry","category-poradna"],"_links":{"self":[{"href":"https:\/\/www.invarena.cz\/index.php?rest_route=\/wp\/v2\/posts\/32560","targetHints":{"allow":["GET"]}}],"collection":[{"href":"https:\/\/www.invarena.cz\/index.php?rest_route=\/wp\/v2\/posts"}],"about":[{"href":"https:\/\/www.invarena.cz\/index.php?rest_route=\/wp\/v2\/types\/post"}],"author":[{"embeddable":true,"href":"https:\/\/www.invarena.cz\/index.php?rest_route=\/wp\/v2\/users\/1"}],"replies":[{"embeddable":true,"href":"https:\/\/www.invarena.cz\/index.php?rest_route=%2Fwp%2Fv2%2Fcomments&post=32560"}],"version-history":[{"count":0,"href":"https:\/\/www.invarena.cz\/index.php?rest_route=\/wp\/v2\/posts\/32560\/revisions"}],"wp:featuredmedia":[{"embeddable":true,"href":"https:\/\/www.invarena.cz\/index.php?rest_route=\/wp\/v2\/media\/614"}],"wp:attachment":[{"href":"https:\/\/www.invarena.cz\/index.php?rest_route=%2Fwp%2Fv2%2Fmedia&parent=32560"}],"wp:term":[{"taxonomy":"category","embeddable":true,"href":"https:\/\/www.invarena.cz\/index.php?rest_route=%2Fwp%2Fv2%2Fcategories&post=32560"},{"taxonomy":"post_tag","embeddable":true,"href":"https:\/\/www.invarena.cz\/index.php?rest_route=%2Fwp%2Fv2%2Ftags&post=32560"}],"curies":[{"name":"wp","href":"https:\/\/api.w.org\/{rel}","templated":true}]}}