{"id":32562,"date":"2019-11-03T20:27:22","date_gmt":"2019-11-03T19:27:22","guid":{"rendered":"http:\/\/www.invarena.cz\/?p=32562"},"modified":"2019-11-03T20:29:42","modified_gmt":"2019-11-03T19:29:42","slug":"jak-je-to-s-vysi-ochranneho-limitu-u-invalidniho-duchodce","status":"publish","type":"post","link":"https:\/\/www.invarena.cz\/?p=32562","title":{"rendered":"Jak je to s v\u00fd\u0161\u00ed ochrann\u00e9ho limitu u invalidn\u00edho d\u016fchodce?"},"content":{"rendered":"<p><strong>DOTAZ: Jak je to s v\u00fd\u0161i ochrann\u00e9ho limitu u invalidn\u00edho d\u016fchodce? O invalidn\u00edch d\u016fchodc\u00edch jsem se nikde nedo\u010detl.<\/strong><\/p>\n<p><!--more--><\/p>\n<p><strong>Odpov\u011b\u010f:<\/strong><\/p>\n<p>M\u00e1te patrn\u011b na mysli o<span class=\"ILfuVd\"><span class=\"e24Kjd\">chrann\u00fd limit doplatk\u016f na l\u00e9ky na recept. Tento ochrann\u00fd limit bude sn\u00ed\u017een od po\u010d\u00e1tku roku 2020, a to nejen starobn\u00edm d\u016fchodc\u016fm, ale i invalidn\u00edm d\u016fchodc\u016fm. <\/span><\/span><\/p>\n<p><span class=\"ILfuVd\"><span class=\"e24Kjd\">Ochrann\u00fd limit doplatk\u016f na l\u00e9ky na recept bude pro invalidn\u00ed d\u016fchodce 3. stupn\u011b 500 korun stejn\u011b jako pro seniory nad 70 let. &#8230; \u201eOd 1. 1. 2020 sni\u017eujeme limit doplatk\u016f na l\u00e9ky u invalidn\u00edch d\u016fchodc\u016f ve 3. stupni a osob uznan\u00fdch invalidn\u00edmi ve 2. nebo 3. stupni z 5000 K\u010d na 500 K\u010d,\u201c uvedl pro m\u00e9dia ministr\u00a0zdravotnictv\u00ed Adam Vojt\u011bch.<br \/>\n<\/span><\/span><\/p>\n<p>redakce invArena<\/p>\n<p>&nbsp;<\/p>\n<p>&nbsp;<\/p>\n","protected":false},"excerpt":{"rendered":"<div class=\"mh-excerpt\"><p>DOTAZ: Jak je to s v\u00fd\u0161i ochrann\u00e9ho limitu u invalidn\u00edho d\u016fchodce? O invalidn\u00edch d\u016fchodc\u00edch jsem se nikde nedo\u010detl.<\/p>\n<\/div>","protected":false},"author":1,"featured_media":1308,"comment_status":"open","ping_status":"closed","sticky":false,"template":"","format":"standard","meta":{"footnotes":""},"categories":[1],"tags":[],"class_list":["post-32562","post","type-post","status-publish","format-standard","has-post-thumbnail","hentry","category-nezarazene"],"_links":{"self":[{"href":"https:\/\/www.invarena.cz\/index.php?rest_route=\/wp\/v2\/posts\/32562","targetHints":{"allow":["GET"]}}],"collection":[{"href":"https:\/\/www.invarena.cz\/index.php?rest_route=\/wp\/v2\/posts"}],"about":[{"href":"https:\/\/www.invarena.cz\/index.php?rest_route=\/wp\/v2\/types\/post"}],"author":[{"embeddable":true,"href":"https:\/\/www.invarena.cz\/index.php?rest_route=\/wp\/v2\/users\/1"}],"replies":[{"embeddable":true,"href":"https:\/\/www.invarena.cz\/index.php?rest_route=%2Fwp%2Fv2%2Fcomments&post=32562"}],"version-history":[{"count":0,"href":"https:\/\/www.invarena.cz\/index.php?rest_route=\/wp\/v2\/posts\/32562\/revisions"}],"wp:featuredmedia":[{"embeddable":true,"href":"https:\/\/www.invarena.cz\/index.php?rest_route=\/wp\/v2\/media\/1308"}],"wp:attachment":[{"href":"https:\/\/www.invarena.cz\/index.php?rest_route=%2Fwp%2Fv2%2Fmedia&parent=32562"}],"wp:term":[{"taxonomy":"category","embeddable":true,"href":"https:\/\/www.invarena.cz\/index.php?rest_route=%2Fwp%2Fv2%2Fcategories&post=32562"},{"taxonomy":"post_tag","embeddable":true,"href":"https:\/\/www.invarena.cz\/index.php?rest_route=%2Fwp%2Fv2%2Ftags&post=32562"}],"curies":[{"name":"wp","href":"https:\/\/api.w.org\/{rel}","templated":true}]}}